{"id":1969,"date":"2024-08-23T11:38:19","date_gmt":"2024-08-23T09:38:19","guid":{"rendered":"https:\/\/ainavalles.com\/la-coladuria-un-espacio-multifuncional-que-maximiza-la-eficiencia-del-hogar\/"},"modified":"2025-01-20T12:00:40","modified_gmt":"2025-01-20T10:00:40","slug":"la-coladuria-un-espacio-multifuncional-que-maximiza-la-eficiencia-del-hogar","status":"publish","type":"post","link":"https:\/\/ainavalles.com\/ca\/la-coladuria-un-espacio-multifuncional-que-maximiza-la-eficiencia-del-hogar\/","title":{"rendered":"La coladur\u00eda: un espai multifuncional que maximitza l&#8217;efici\u00e8ncia de la llar."},"content":{"rendered":"\n<p>La coladur\u00eda \u00e9s un espai essencial en la llar, dedicat a la cura i manteniment de la roba, per\u00f2 el seu potencial va molt m\u00e9s all\u00e0 d&#8217;aquesta funci\u00f3. Quan es dissenya correctament, una coladur\u00eda pot convertir-se en un espai multifuncional que no sols facilita les tasques di\u00e0ries, sin\u00f3 que tamb\u00e9 afegeix valor i comoditat a l&#8217;habitatge. En aquest article, explorem com aprofitar al m\u00e0xim la coladur\u00eda, transformant-la en una \u00e0rea vers\u00e0til i ben organitzada.<\/p>\n\n\n\n<figure class=\"wp-block-image size-full\"><img fetchpriority=\"high\" decoding=\"async\" width=\"1904\" height=\"1400\" src=\"https:\/\/ainavalles.com\/wp-content\/uploads\/2024\/08\/coalduria-1.jpg\" alt=\"\" class=\"wp-image-1596\" srcset=\"https:\/\/ainavalles.com\/wp-content\/uploads\/2024\/08\/coalduria-1.jpg 1904w, https:\/\/ainavalles.com\/wp-content\/uploads\/2024\/08\/coalduria-1-768x565.jpg 768w, https:\/\/ainavalles.com\/wp-content\/uploads\/2024\/08\/coalduria-1-1536x1129.jpg 1536w, https:\/\/ainavalles.com\/wp-content\/uploads\/2024\/08\/coalduria-1-2048x1506.jpg 2048w\" sizes=\"(max-width: 1904px) 100vw, 1904px\" \/><\/figure>\n\n\n\n<p><strong>Planificaci\u00f3 de l&#8217;espai:<\/strong><\/p>\n\n\n\n<ul class=\"wp-block-list\">\n<li><strong>Distribuci\u00f3 funcional<\/strong>: Una bona distribuci\u00f3 \u00e9s clau per a maximitzar la funcionalitat de la coladur\u00eda. \u00c9s important col\u00b7locar els electrodom\u00e8stics, com la rentadora i l&#8217;assecadora, de manera que hi hagi un flux de treball l\u00f2gic. Per exemple, situar la rentadora prop de l&#8217;\u00e0rea d&#8217;emmagatzematge de roba bruta i l&#8217;assecadora al costat de l&#8217;espai de plegat facilita el proc\u00e9s de rentada.<\/li>\n\n\n\n<li><strong>Zonificaci\u00f3<\/strong>: Delimitar diferents zones dins de la coladur\u00eda pot millorar l&#8217;efici\u00e8ncia. Aquestes zones poden incloure una \u00e0rea per a la rentada i assecat, un espai per a planxat i plegat, i un altre per a l&#8217;emmagatzematge de productes de neteja i altres utensilis de la llar. Fins i tot en espais petits, una zonificaci\u00f3 intel\u00b7ligent pot fer que la coladur\u00eda sigui m\u00e9s funcional i agradable d&#8217;usar.<\/li>\n<\/ul>\n\n\n\n<p><strong>Multifuncionalitat: m\u00e9s que nom\u00e9s rentar roba<\/strong><\/p>\n\n\n\n<ul class=\"wp-block-list\">\n<li><strong>Espai d&#8217;emmagatzematge<\/strong>: La coladur\u00eda pot servir com un excel\u00b7lent lloc per a emmagatzematge addicional. Prestatgeries, armaris i calaixos poden albergar des de productes de neteja fins a tovalloles, roba de llit, i articles de la llar que no tenen cabuda en altres llocs. Integrar solucions d&#8217;emmagatzematge vertical, com a prestatges flotants o armaris alts, ajuda a aprofitar al m\u00e0xim l&#8217;espai disponible.<\/li>\n\n\n\n<li><strong>Zona de treball<\/strong>: En moltes cases, la coladur\u00eda tamb\u00e9 pot funcionar com una petita \u00e0rea de treball o taller. Una taula plegable o una placa de cocci\u00f3 poden servir per a projectes de manualitats, reparacions r\u00e0pides o fins i tot per a embolicar regals. Aquest espai addicional es converteix en un recurs valu\u00f3s per a m\u00faltiples activitats que requereixen una \u00e0rea dedicada.<\/li>\n\n\n\n<li><strong>Organitzaci\u00f3 i ordre<\/strong>: Per a maximitzar la funcionalitat d&#8217;una coladur\u00eda multifuncional, \u00e9s essencial mantenir-la ben organitzada. Cistelles per a separar la roba, contenidors etiquetats per a productes de neteja, i sistemes d&#8217;organitzaci\u00f3 de paret per a eines o utensilis, s\u00f3n eines clau per a mantenir l&#8217;ordre. Un espai organitzat no sols \u00e9s m\u00e9s eficient, sin\u00f3 tamb\u00e9 m\u00e9s agradable d&#8217;usar.<\/li>\n<\/ul>\n\n\n\n<p><strong>Materials i acabats duradors:<\/strong><\/p>\n\n\n\n<ul class=\"wp-block-list\">\n<li><strong>Resist\u00e8ncia a l&#8217;\u00fas diari<\/strong>: At\u00e8s que la coladur\u00eda \u00e9s una \u00e0rea de treball, els materials utilitzats han de ser duradors i f\u00e0cils de netejar. Superf\u00edcies com a plaques de cocci\u00f3 de quars o laminatge, i s\u00f2ls de rajoles o vinil resistent, s\u00f3n opcions ideals que suporten b\u00e9 el desgast diari i s\u00f3n senzilles de mantenir.<\/li>\n\n\n\n<li><strong>Est\u00e8tica i funcionalitat<\/strong>: Encara que la funcionalitat \u00e9s primordial, no hi ha ra\u00f3 per a sacrificar l&#8217;estil. Triar acabats i colors que complementin la resta de la casa pot fer que la coladur\u00eda sigui un espai atractiu. Els tons clars poden fer que un espai petit se senti m\u00e9s gran, mentre que els accents de color o patrons en taulells o paper pintat poden afegir un toc de personalitat.<\/li>\n<\/ul>\n\n\n\n<p><strong>Il\u00b7luminaci\u00f3 i ventilaci\u00f3:<\/strong><\/p>\n\n\n\n<ul class=\"wp-block-list\">\n<li><strong>Il\u00b7luminaci\u00f3 adequada<\/strong>: Una bona il\u00b7luminaci\u00f3 \u00e9s fonamental en la coladur\u00eda, especialment si s&#8217;utilitza com un espai multifuncional. Llums encastades en el sostre, combinades amb il\u00b7luminaci\u00f3 de tasca sota els armaris o sobre la zona de treball, asseguren que cada rac\u00f3 estigui ben il\u00b7luminat, facilitant totes les tasques.<\/li>\n\n\n\n<li><strong>Ventilaci\u00f3 eficient<\/strong>: La ventilaci\u00f3 \u00e9s essencial en una coladur\u00eda per a evitar l&#8217;acumulaci\u00f3 d&#8217;humitat i l&#8217;aparici\u00f3 de floridura. Una finestra ben col\u00b7locada o un sistema de ventilaci\u00f3 eficient ajuda a mantenir l&#8217;aire fresc i a assecar la roba m\u00e9s r\u00e0pidament.<\/li>\n<\/ul>\n\n\n\n<p><strong>Detalles que marcan la diferencia:<\/strong><\/p>\n\n\n\n<ul class=\"wp-block-list\">\n<li><strong>Accessoris pr\u00e0ctics<\/strong>: Incorporar petits detalls pr\u00e0ctics, com un estenedor retr\u00e0ctil, ganxos per a penjar roba o una taula de planxar plegable, pot millorar significativament la funcionalitat de la coladur\u00eda. Aquests accessoris permeten optimitzar l&#8217;espai i fan que les tasques siguin m\u00e9s c\u00f2modes.<\/li>\n\n\n\n<li><strong>Elements decoratius<\/strong>: No subestimis el poder de la decoraci\u00f3 en la coladur\u00eda. Plantes, quadres o un bonic rellotge de paret poden transformar un espai purament funcional en una \u00e0rea acollidora que tamb\u00e9 \u00e9s agradable a la vista. Aquests tocs decoratius no sols milloren l&#8217;est\u00e8tica, sin\u00f3 que tamb\u00e9 fan que passar temps en la coladur\u00eda sigui una experi\u00e8ncia m\u00e9s plaent.<\/li>\n<\/ul>\n\n\n\n<figure class=\"wp-block-image size-full\"><img decoding=\"async\" width=\"736\" height=\"1104\" src=\"https:\/\/ainavalles.com\/wp-content\/uploads\/2024\/08\/coladuria.jpg\" alt=\"\" class=\"wp-image-1598\"\/><\/figure>\n\n\n\n<p>Una coladur\u00eda ben dissenyada pot ser molt m\u00e9s que un simple habitaci\u00f3 de rentada. Amb la planificaci\u00f3 adequada, aquest espai pot convertir-se en una \u00e0rea multifuncional que agrega valor, comoditat i estil a la teva llar. Ja sigui que necessitis emmagatzematge addicional, una \u00e0rea de treball extra o simplement un lloc ben organitzat per a les tasques di\u00e0ries, la coladur\u00eda pot adaptar-se a totes aquestes necessitats. Recorda, un espai ben pensat \u00e9s un espai que treballa per a tu.<\/p>\n\n\n\n<p><strong>Mate<\/strong><\/p>\n\n\n\n<p><\/p>\n","protected":false},"excerpt":{"rendered":"<p>La coladur\u00eda \u00e9s un espai essencial en la llar, dedicat a la cura i manteniment de la roba, per\u00f2 el seu potencial va molt m\u00e9s all\u00e0 d&#8217;aquesta funci\u00f3. Quan es dissenya correctament, una coladur\u00eda pot convertir-se en un espai multifuncional que no sols facilita les tasques di\u00e0ries, sin\u00f3 que tamb\u00e9 afegeix valor i comoditat a [&hellip;]<\/p>\n","protected":false},"author":2,"featured_media":1970,"comment_status":"closed","ping_status":"closed","sticky":false,"template":"","format":"standard","meta":{"_acf_changed":false,"footnotes":""},"categories":[17],"tags":[],"class_list":["post-1969","post","type-post","status-publish","format-standard","has-post-thumbnail","hentry","category-sin-categorizar-2"],"acf":[],"yoast_head":"<!-- This site is optimized with the Yoast SEO plugin v26.8 - https:\/\/yoast.com\/product\/yoast-seo-wordpress\/ -->\n<title>La coladur\u00eda: un espai multifuncional que maximitza l&#039;efici\u00e8ncia de la llar. - Aina Vall\u00e8s<\/title>\n<meta name=\"robots\" content=\"index, follow, max-snippet:-1, max-image-preview:large, max-video-preview:-1\" \/>\n<link rel=\"canonical\" href=\"https:\/\/ainavalles.com\/ca\/la-coladuria-un-espacio-multifuncional-que-maximiza-la-eficiencia-del-hogar\/\" \/>\n<meta property=\"og:locale\" content=\"ca_ES\" \/>\n<meta property=\"og:type\" content=\"article\" \/>\n<meta property=\"og:title\" content=\"La coladur\u00eda: un espai multifuncional que maximitza l&#039;efici\u00e8ncia de la llar. - Aina Vall\u00e8s\" \/>\n<meta property=\"og:description\" content=\"La coladur\u00eda \u00e9s un espai essencial en la llar, dedicat a la cura i manteniment de la roba, per\u00f2 el seu potencial va molt m\u00e9s all\u00e0 d&#8217;aquesta funci\u00f3. Quan es dissenya correctament, una coladur\u00eda pot convertir-se en un espai multifuncional que no sols facilita les tasques di\u00e0ries, sin\u00f3 que tamb\u00e9 afegeix valor i comoditat a [&hellip;]\" \/>\n<meta property=\"og:url\" content=\"https:\/\/ainavalles.com\/ca\/la-coladuria-un-espacio-multifuncional-que-maximiza-la-eficiencia-del-hogar\/\" \/>\n<meta property=\"og:site_name\" content=\"Aina Vall\u00e8s\" \/>\n<meta property=\"article:publisher\" content=\"https:\/\/www.facebook.com\/people\/Aina-Valls\/100090582199736\/\" \/>\n<meta property=\"article:published_time\" content=\"2024-08-23T09:38:19+00:00\" \/>\n<meta property=\"article:modified_time\" content=\"2025-01-20T10:00:40+00:00\" \/>\n<meta property=\"og:image\" content=\"https:\/\/ainavalles.com\/wp-content\/uploads\/2024\/08\/coalduria-1.jpg\" \/>\n\t<meta property=\"og:image:width\" content=\"2380\" \/>\n\t<meta property=\"og:image:height\" content=\"1750\" \/>\n\t<meta property=\"og:image:type\" content=\"image\/jpeg\" \/>\n<meta name=\"author\" content=\"Aina Vall\u00e9s\" \/>\n<meta name=\"twitter:card\" content=\"summary_large_image\" \/>\n<meta name=\"twitter:label1\" content=\"Escrit per\" \/>\n\t<meta name=\"twitter:data1\" content=\"Aina Vall\u00e9s\" \/>\n\t<meta name=\"twitter:label2\" content=\"Temps estimat de lectura\" \/>\n\t<meta name=\"twitter:data2\" content=\"5 minuts\" \/>\n<script type=\"application\/ld+json\" class=\"yoast-schema-graph\">{\"@context\":\"https:\/\/schema.org\",\"@graph\":[{\"@type\":\"Article\",\"@id\":\"https:\/\/ainavalles.com\/ca\/la-coladuria-un-espacio-multifuncional-que-maximiza-la-eficiencia-del-hogar\/#article\",\"isPartOf\":{\"@id\":\"https:\/\/ainavalles.com\/ca\/la-coladuria-un-espacio-multifuncional-que-maximiza-la-eficiencia-del-hogar\/\"},\"author\":{\"name\":\"Aina Vall\u00e9s\",\"@id\":\"https:\/\/ainavalles.com\/#\/schema\/person\/66806b4f2c1fbd143b75d1a0b0cfee0b\"},\"headline\":\"La coladur\u00eda: un espai multifuncional que maximitza l&#8217;efici\u00e8ncia de la llar.\",\"datePublished\":\"2024-08-23T09:38:19+00:00\",\"dateModified\":\"2025-01-20T10:00:40+00:00\",\"mainEntityOfPage\":{\"@id\":\"https:\/\/ainavalles.com\/ca\/la-coladuria-un-espacio-multifuncional-que-maximiza-la-eficiencia-del-hogar\/\"},\"wordCount\":902,\"publisher\":{\"@id\":\"https:\/\/ainavalles.com\/#organization\"},\"image\":{\"@id\":\"https:\/\/ainavalles.com\/ca\/la-coladuria-un-espacio-multifuncional-que-maximiza-la-eficiencia-del-hogar\/#primaryimage\"},\"thumbnailUrl\":\"https:\/\/ainavalles.com\/wp-content\/uploads\/2024\/08\/coalduria-1.jpg\",\"articleSection\":[\"Sin categorizar\"],\"inLanguage\":\"ca\"},{\"@type\":\"WebPage\",\"@id\":\"https:\/\/ainavalles.com\/ca\/la-coladuria-un-espacio-multifuncional-que-maximiza-la-eficiencia-del-hogar\/\",\"url\":\"https:\/\/ainavalles.com\/ca\/la-coladuria-un-espacio-multifuncional-que-maximiza-la-eficiencia-del-hogar\/\",\"name\":\"La coladur\u00eda: un espai multifuncional que maximitza l'efici\u00e8ncia de la llar. - Aina Vall\u00e8s\",\"isPartOf\":{\"@id\":\"https:\/\/ainavalles.com\/#website\"},\"primaryImageOfPage\":{\"@id\":\"https:\/\/ainavalles.com\/ca\/la-coladuria-un-espacio-multifuncional-que-maximiza-la-eficiencia-del-hogar\/#primaryimage\"},\"image\":{\"@id\":\"https:\/\/ainavalles.com\/ca\/la-coladuria-un-espacio-multifuncional-que-maximiza-la-eficiencia-del-hogar\/#primaryimage\"},\"thumbnailUrl\":\"https:\/\/ainavalles.com\/wp-content\/uploads\/2024\/08\/coalduria-1.jpg\",\"datePublished\":\"2024-08-23T09:38:19+00:00\",\"dateModified\":\"2025-01-20T10:00:40+00:00\",\"breadcrumb\":{\"@id\":\"https:\/\/ainavalles.com\/ca\/la-coladuria-un-espacio-multifuncional-que-maximiza-la-eficiencia-del-hogar\/#breadcrumb\"},\"inLanguage\":\"ca\",\"potentialAction\":[{\"@type\":\"ReadAction\",\"target\":[\"https:\/\/ainavalles.com\/ca\/la-coladuria-un-espacio-multifuncional-que-maximiza-la-eficiencia-del-hogar\/\"]}]},{\"@type\":\"ImageObject\",\"inLanguage\":\"ca\",\"@id\":\"https:\/\/ainavalles.com\/ca\/la-coladuria-un-espacio-multifuncional-que-maximiza-la-eficiencia-del-hogar\/#primaryimage\",\"url\":\"https:\/\/ainavalles.com\/wp-content\/uploads\/2024\/08\/coalduria-1.jpg\",\"contentUrl\":\"https:\/\/ainavalles.com\/wp-content\/uploads\/2024\/08\/coalduria-1.jpg\",\"width\":2380,\"height\":1750},{\"@type\":\"BreadcrumbList\",\"@id\":\"https:\/\/ainavalles.com\/ca\/la-coladuria-un-espacio-multifuncional-que-maximiza-la-eficiencia-del-hogar\/#breadcrumb\",\"itemListElement\":[{\"@type\":\"ListItem\",\"position\":1,\"name\":\"Portada\",\"item\":\"https:\/\/ainavalles.com\/\"},{\"@type\":\"ListItem\",\"position\":2,\"name\":\"La coladur\u00eda: un espai multifuncional que maximitza l&#8217;efici\u00e8ncia de la llar.\"}]},{\"@type\":\"WebSite\",\"@id\":\"https:\/\/ainavalles.com\/#website\",\"url\":\"https:\/\/ainavalles.com\/\",\"name\":\"Aina Vall\u00e8s\",\"description\":\"Interiorismo en Mallorca\",\"publisher\":{\"@id\":\"https:\/\/ainavalles.com\/#organization\"},\"potentialAction\":[{\"@type\":\"SearchAction\",\"target\":{\"@type\":\"EntryPoint\",\"urlTemplate\":\"https:\/\/ainavalles.com\/?s={search_term_string}\"},\"query-input\":{\"@type\":\"PropertyValueSpecification\",\"valueRequired\":true,\"valueName\":\"search_term_string\"}}],\"inLanguage\":\"ca\"},{\"@type\":\"Organization\",\"@id\":\"https:\/\/ainavalles.com\/#organization\",\"name\":\"Aina Vall\u00e8s\",\"url\":\"https:\/\/ainavalles.com\/\",\"logo\":{\"@type\":\"ImageObject\",\"inLanguage\":\"ca\",\"@id\":\"https:\/\/ainavalles.com\/#\/schema\/logo\/image\/\",\"url\":\"https:\/\/ainavalles.com\/wp-content\/uploads\/2023\/09\/logo.svg\",\"contentUrl\":\"https:\/\/ainavalles.com\/wp-content\/uploads\/2023\/09\/logo.svg\",\"width\":300,\"height\":244,\"caption\":\"Aina Vall\u00e8s\"},\"image\":{\"@id\":\"https:\/\/ainavalles.com\/#\/schema\/logo\/image\/\"},\"sameAs\":[\"https:\/\/www.facebook.com\/people\/Aina-Valls\/100090582199736\/\",\"https:\/\/www.instagram.com\/aina_valles\/\"]},{\"@type\":\"Person\",\"@id\":\"https:\/\/ainavalles.com\/#\/schema\/person\/66806b4f2c1fbd143b75d1a0b0cfee0b\",\"name\":\"Aina Vall\u00e9s\",\"sameAs\":[\"https:\/\/ainavalles.com\"]}]}<\/script>\n<!-- \/ Yoast SEO plugin. -->","yoast_head_json":{"title":"La coladur\u00eda: un espai multifuncional que maximitza l'efici\u00e8ncia de la llar. - Aina Vall\u00e8s","robots":{"index":"index","follow":"follow","max-snippet":"max-snippet:-1","max-image-preview":"max-image-preview:large","max-video-preview":"max-video-preview:-1"},"canonical":"https:\/\/ainavalles.com\/ca\/la-coladuria-un-espacio-multifuncional-que-maximiza-la-eficiencia-del-hogar\/","og_locale":"ca_ES","og_type":"article","og_title":"La coladur\u00eda: un espai multifuncional que maximitza l'efici\u00e8ncia de la llar. - Aina Vall\u00e8s","og_description":"La coladur\u00eda \u00e9s un espai essencial en la llar, dedicat a la cura i manteniment de la roba, per\u00f2 el seu potencial va molt m\u00e9s all\u00e0 d&#8217;aquesta funci\u00f3. Quan es dissenya correctament, una coladur\u00eda pot convertir-se en un espai multifuncional que no sols facilita les tasques di\u00e0ries, sin\u00f3 que tamb\u00e9 afegeix valor i comoditat a [&hellip;]","og_url":"https:\/\/ainavalles.com\/ca\/la-coladuria-un-espacio-multifuncional-que-maximiza-la-eficiencia-del-hogar\/","og_site_name":"Aina Vall\u00e8s","article_publisher":"https:\/\/www.facebook.com\/people\/Aina-Valls\/100090582199736\/","article_published_time":"2024-08-23T09:38:19+00:00","article_modified_time":"2025-01-20T10:00:40+00:00","og_image":[{"width":2380,"height":1750,"url":"https:\/\/ainavalles.com\/wp-content\/uploads\/2024\/08\/coalduria-1.jpg","type":"image\/jpeg"}],"author":"Aina Vall\u00e9s","twitter_card":"summary_large_image","twitter_misc":{"Escrit per":"Aina Vall\u00e9s","Temps estimat de lectura":"5 minuts"},"schema":{"@context":"https:\/\/schema.org","@graph":[{"@type":"Article","@id":"https:\/\/ainavalles.com\/ca\/la-coladuria-un-espacio-multifuncional-que-maximiza-la-eficiencia-del-hogar\/#article","isPartOf":{"@id":"https:\/\/ainavalles.com\/ca\/la-coladuria-un-espacio-multifuncional-que-maximiza-la-eficiencia-del-hogar\/"},"author":{"name":"Aina Vall\u00e9s","@id":"https:\/\/ainavalles.com\/#\/schema\/person\/66806b4f2c1fbd143b75d1a0b0cfee0b"},"headline":"La coladur\u00eda: un espai multifuncional que maximitza l&#8217;efici\u00e8ncia de la llar.","datePublished":"2024-08-23T09:38:19+00:00","dateModified":"2025-01-20T10:00:40+00:00","mainEntityOfPage":{"@id":"https:\/\/ainavalles.com\/ca\/la-coladuria-un-espacio-multifuncional-que-maximiza-la-eficiencia-del-hogar\/"},"wordCount":902,"publisher":{"@id":"https:\/\/ainavalles.com\/#organization"},"image":{"@id":"https:\/\/ainavalles.com\/ca\/la-coladuria-un-espacio-multifuncional-que-maximiza-la-eficiencia-del-hogar\/#primaryimage"},"thumbnailUrl":"https:\/\/ainavalles.com\/wp-content\/uploads\/2024\/08\/coalduria-1.jpg","articleSection":["Sin categorizar"],"inLanguage":"ca"},{"@type":"WebPage","@id":"https:\/\/ainavalles.com\/ca\/la-coladuria-un-espacio-multifuncional-que-maximiza-la-eficiencia-del-hogar\/","url":"https:\/\/ainavalles.com\/ca\/la-coladuria-un-espacio-multifuncional-que-maximiza-la-eficiencia-del-hogar\/","name":"La coladur\u00eda: un espai multifuncional que maximitza l'efici\u00e8ncia de la llar. - Aina Vall\u00e8s","isPartOf":{"@id":"https:\/\/ainavalles.com\/#website"},"primaryImageOfPage":{"@id":"https:\/\/ainavalles.com\/ca\/la-coladuria-un-espacio-multifuncional-que-maximiza-la-eficiencia-del-hogar\/#primaryimage"},"image":{"@id":"https:\/\/ainavalles.com\/ca\/la-coladuria-un-espacio-multifuncional-que-maximiza-la-eficiencia-del-hogar\/#primaryimage"},"thumbnailUrl":"https:\/\/ainavalles.com\/wp-content\/uploads\/2024\/08\/coalduria-1.jpg","datePublished":"2024-08-23T09:38:19+00:00","dateModified":"2025-01-20T10:00:40+00:00","breadcrumb":{"@id":"https:\/\/ainavalles.com\/ca\/la-coladuria-un-espacio-multifuncional-que-maximiza-la-eficiencia-del-hogar\/#breadcrumb"},"inLanguage":"ca","potentialAction":[{"@type":"ReadAction","target":["https:\/\/ainavalles.com\/ca\/la-coladuria-un-espacio-multifuncional-que-maximiza-la-eficiencia-del-hogar\/"]}]},{"@type":"ImageObject","inLanguage":"ca","@id":"https:\/\/ainavalles.com\/ca\/la-coladuria-un-espacio-multifuncional-que-maximiza-la-eficiencia-del-hogar\/#primaryimage","url":"https:\/\/ainavalles.com\/wp-content\/uploads\/2024\/08\/coalduria-1.jpg","contentUrl":"https:\/\/ainavalles.com\/wp-content\/uploads\/2024\/08\/coalduria-1.jpg","width":2380,"height":1750},{"@type":"BreadcrumbList","@id":"https:\/\/ainavalles.com\/ca\/la-coladuria-un-espacio-multifuncional-que-maximiza-la-eficiencia-del-hogar\/#breadcrumb","itemListElement":[{"@type":"ListItem","position":1,"name":"Portada","item":"https:\/\/ainavalles.com\/"},{"@type":"ListItem","position":2,"name":"La coladur\u00eda: un espai multifuncional que maximitza l&#8217;efici\u00e8ncia de la llar."}]},{"@type":"WebSite","@id":"https:\/\/ainavalles.com\/#website","url":"https:\/\/ainavalles.com\/","name":"Aina Vall\u00e8s","description":"Interiorismo en Mallorca","publisher":{"@id":"https:\/\/ainavalles.com\/#organization"},"potentialAction":[{"@type":"SearchAction","target":{"@type":"EntryPoint","urlTemplate":"https:\/\/ainavalles.com\/?s={search_term_string}"},"query-input":{"@type":"PropertyValueSpecification","valueRequired":true,"valueName":"search_term_string"}}],"inLanguage":"ca"},{"@type":"Organization","@id":"https:\/\/ainavalles.com\/#organization","name":"Aina Vall\u00e8s","url":"https:\/\/ainavalles.com\/","logo":{"@type":"ImageObject","inLanguage":"ca","@id":"https:\/\/ainavalles.com\/#\/schema\/logo\/image\/","url":"https:\/\/ainavalles.com\/wp-content\/uploads\/2023\/09\/logo.svg","contentUrl":"https:\/\/ainavalles.com\/wp-content\/uploads\/2023\/09\/logo.svg","width":300,"height":244,"caption":"Aina Vall\u00e8s"},"image":{"@id":"https:\/\/ainavalles.com\/#\/schema\/logo\/image\/"},"sameAs":["https:\/\/www.facebook.com\/people\/Aina-Valls\/100090582199736\/","https:\/\/www.instagram.com\/aina_valles\/"]},{"@type":"Person","@id":"https:\/\/ainavalles.com\/#\/schema\/person\/66806b4f2c1fbd143b75d1a0b0cfee0b","name":"Aina Vall\u00e9s","sameAs":["https:\/\/ainavalles.com"]}]}},"_links":{"self":[{"href":"https:\/\/ainavalles.com\/ca\/wp-json\/wp\/v2\/posts\/1969","targetHints":{"allow":["GET"]}}],"collection":[{"href":"https:\/\/ainavalles.com\/ca\/wp-json\/wp\/v2\/posts"}],"about":[{"href":"https:\/\/ainavalles.com\/ca\/wp-json\/wp\/v2\/types\/post"}],"author":[{"embeddable":true,"href":"https:\/\/ainavalles.com\/ca\/wp-json\/wp\/v2\/users\/2"}],"replies":[{"embeddable":true,"href":"https:\/\/ainavalles.com\/ca\/wp-json\/wp\/v2\/comments?post=1969"}],"version-history":[{"count":3,"href":"https:\/\/ainavalles.com\/ca\/wp-json\/wp\/v2\/posts\/1969\/revisions"}],"predecessor-version":[{"id":2415,"href":"https:\/\/ainavalles.com\/ca\/wp-json\/wp\/v2\/posts\/1969\/revisions\/2415"}],"wp:featuredmedia":[{"embeddable":true,"href":"https:\/\/ainavalles.com\/ca\/wp-json\/wp\/v2\/media\/1970"}],"wp:attachment":[{"href":"https:\/\/ainavalles.com\/ca\/wp-json\/wp\/v2\/media?parent=1969"}],"wp:term":[{"taxonomy":"category","embeddable":true,"href":"https:\/\/ainavalles.com\/ca\/wp-json\/wp\/v2\/categories?post=1969"},{"taxonomy":"post_tag","embeddable":true,"href":"https:\/\/ainavalles.com\/ca\/wp-json\/wp\/v2\/tags?post=1969"}],"curies":[{"name":"wp","href":"https:\/\/api.w.org\/{rel}","templated":true}]}}