{"id":1980,"date":"2024-07-18T10:17:51","date_gmt":"2024-07-18T08:17:51","guid":{"rendered":"https:\/\/ainavalles.com\/catalogo-de-materiales-para-mobiliario-en-nuestro-estudio-la-calidad-y-variedad-en-nuestros-proyectos\/"},"modified":"2024-11-12T14:00:27","modified_gmt":"2024-11-12T12:00:27","slug":"catalogo-de-materiales-para-mobiliario-en-nuestro-estudio-la-calidad-y-variedad-en-nuestros-proyectos","status":"publish","type":"post","link":"https:\/\/ainavalles.com\/ca\/catalogo-de-materiales-para-mobiliario-en-nuestro-estudio-la-calidad-y-variedad-en-nuestros-proyectos\/","title":{"rendered":"Cat\u00e0leg de materials per a mobiliari en el nostre estudi: La qualitat i varietat en els nostres projectes"},"content":{"rendered":"\n<p>En el nostre estudi \u201cAina Vall\u00e9s, mobles, espai i ordre\u201d, ens encanta oferir als nostres clients una \u00e0mplia gamma de materials d&#8217;alta qualitat per als seus projectes de mobiliari. Sabem que l&#8217;elecci\u00f3 de materials \u00e9s crucial per a garantir durabilitat, est\u00e8tica i funcionalitat. Aquest cat\u00e0leg est\u00e0 dissenyat per a proporcionar un resum detallat dels materials que mes utilitzem, ideal per a arquitectes, constructors i qualsevol persona interessada a comprendre millor les nostres opcions de disseny.<\/p>\n\n\n\n<figure class=\"wp-block-image size-full\"><img fetchpriority=\"high\" decoding=\"async\" width=\"1920\" height=\"1280\" src=\"https:\/\/ainavalles.com\/wp-content\/uploads\/2024\/07\/AINA-LuciaMartiPhoto-72-scaled.jpg\" alt=\"\" class=\"wp-image-1487\" srcset=\"https:\/\/ainavalles.com\/wp-content\/uploads\/2024\/07\/AINA-LuciaMartiPhoto-72-scaled.jpg 1920w, https:\/\/ainavalles.com\/wp-content\/uploads\/2024\/07\/AINA-LuciaMartiPhoto-72-768x512.jpg 768w, https:\/\/ainavalles.com\/wp-content\/uploads\/2024\/07\/AINA-LuciaMartiPhoto-72-1536x1024.jpg 1536w, https:\/\/ainavalles.com\/wp-content\/uploads\/2024\/07\/AINA-LuciaMartiPhoto-72-2048x1365.jpg 2048w\" sizes=\"(max-width: 1920px) 100vw, 1920px\" \/><\/figure>\n\n\n\n<p><strong>Interiors de Mobles: Melamina (el m\u00e9s utilitzat)<\/strong><\/p>\n\n\n\n<p>Els interiors dels nostres mobles estan fets principalment de melamina, un material vers\u00e0til i resistent. Oferim una gran varietat d&#8217;acabats, des de llisos fins texturats, incloent-hi opcions que imiten fusta o teixit. La melamina \u00e9s una elecci\u00f3 popular per la seva durabilitat i facilitat de manteniment, proporcionant una soluci\u00f3 pr\u00e0ctica i est\u00e8ticament agradable.<\/p>\n\n\n\n<p><strong>Portes de Mobles: Diverses Opcions (les m\u00e9s utilitzades)<\/strong><\/p>\n\n\n\n<p>Per a les portes dels mobles, comptem amb diverses opcions per adaptar-nos a les necessitats i gustos de cada client:<\/p>\n\n\n\n<ul class=\"wp-block-list\">\n<li><strong>Laminat<\/strong>: Conegut per la seva resist\u00e8ncia, el laminat \u00e9s una opci\u00f3 robusta encara limitada en acabats. Ideal per a \u00e0rees d&#8217;alt \u00fas on la durabilitat \u00e9s clau.<\/li>\n<\/ul>\n\n\n\n<figure class=\"wp-block-image size-full\"><img decoding=\"async\" width=\"1920\" height=\"1280\" src=\"https:\/\/ainavalles.com\/wp-content\/uploads\/2024\/07\/AV-LuciaMartiPhoto-19-scaled.jpg\" alt=\"\" class=\"wp-image-1483\" srcset=\"https:\/\/ainavalles.com\/wp-content\/uploads\/2024\/07\/AV-LuciaMartiPhoto-19-scaled.jpg 1920w, https:\/\/ainavalles.com\/wp-content\/uploads\/2024\/07\/AV-LuciaMartiPhoto-19-768x512.jpg 768w, https:\/\/ainavalles.com\/wp-content\/uploads\/2024\/07\/AV-LuciaMartiPhoto-19-1536x1024.jpg 1536w, https:\/\/ainavalles.com\/wp-content\/uploads\/2024\/07\/AV-LuciaMartiPhoto-19-2048x1365.jpg 2048w\" sizes=\"(max-width: 1920px) 100vw, 1920px\" \/><\/figure>\n\n\n\n<ul class=\"wp-block-list\">\n<li><strong>Lacatge<\/strong>: Oferim la possibilitat de lacar en qualsevol to a mesura, permetent una personalitzaci\u00f3 total del color perqu\u00e8 s&#8217;ajusti perfectament al disseny desitjat.<\/li>\n\n\n\n<li><strong>Xapes de Fusta Natural<\/strong>: Utilitzem principalment roure i noguera, oferint la calidesa i la bellesa natural de la fusta. Podem oferir fusta amb o sense nusos, \u00e9s molt important saber que la fusta natural, a l&#8217;\u00e9sser un material natural pot variar molt la seva forma i color. Podem lacar la fusta adaptant al to del client.<\/li>\n<\/ul>\n\n\n\n<figure class=\"wp-block-image size-full\"><img decoding=\"async\" width=\"1920\" height=\"1280\" src=\"https:\/\/ainavalles.com\/wp-content\/uploads\/2024\/07\/AINA-LuciaMartiPhoto-2-scaled.jpg\" alt=\"\" class=\"wp-image-1489\" srcset=\"https:\/\/ainavalles.com\/wp-content\/uploads\/2024\/07\/AINA-LuciaMartiPhoto-2-scaled.jpg 1920w, https:\/\/ainavalles.com\/wp-content\/uploads\/2024\/07\/AINA-LuciaMartiPhoto-2-768x512.jpg 768w, https:\/\/ainavalles.com\/wp-content\/uploads\/2024\/07\/AINA-LuciaMartiPhoto-2-1536x1024.jpg 1536w, https:\/\/ainavalles.com\/wp-content\/uploads\/2024\/07\/AINA-LuciaMartiPhoto-2-2048x1365.jpg 2048w\" sizes=\"(max-width: 1920px) 100vw, 1920px\" \/><\/figure>\n\n\n\n<ul class=\"wp-block-list\">\n<li><strong>Fusta Massissa<\/strong>: Emprem taulers multicapa o similars per a garantir la m\u00e0xima qualitat i resist\u00e8ncia, proporcionant un acabat elegant i durador.<\/li>\n<\/ul>\n\n\n\n<figure class=\"wp-block-image size-full\"><img loading=\"lazy\" decoding=\"async\" width=\"1920\" height=\"1280\" src=\"https:\/\/ainavalles.com\/wp-content\/uploads\/2024\/07\/AINA-LuciaMartiPhoto-90-scaled.jpg\" alt=\"\" class=\"wp-image-1485\" srcset=\"https:\/\/ainavalles.com\/wp-content\/uploads\/2024\/07\/AINA-LuciaMartiPhoto-90-scaled.jpg 1920w, https:\/\/ainavalles.com\/wp-content\/uploads\/2024\/07\/AINA-LuciaMartiPhoto-90-768x512.jpg 768w, https:\/\/ainavalles.com\/wp-content\/uploads\/2024\/07\/AINA-LuciaMartiPhoto-90-1536x1024.jpg 1536w, https:\/\/ainavalles.com\/wp-content\/uploads\/2024\/07\/AINA-LuciaMartiPhoto-90-2048x1365.jpg 2048w\" sizes=\"(max-width: 1920px) 100vw, 1920px\" \/><\/figure>\n\n\n\n<p><strong>Ferratges: Marca Grass (en la majoria d&#8217;opcions)<\/strong><\/p>\n\n\n\n<p>Els ferratges s\u00f3n essencials per al funcionament i la longevitat dels mobles. En Aina Vall\u00e9s, utilitzem ferratges de la marca Grass, reconeguts per la seva fiabilitat i disseny innovador. Aquests ferratges asseguren un \u00fas suau i sense problemes, complementant perfectament la qualitat dels nostres mobles.<\/p>\n\n\n\n<p><strong>Taulells i Revestiments: Granits, Marbres i Porcell\u00e0nics<\/strong><\/p>\n\n\n\n<p>Per taulells i revestiments, oferim materials que combinen bellesa i funcionalitat:<\/p>\n\n\n\n<ul class=\"wp-block-list\">\n<li><strong>Granits i Marbres<\/strong>: Coneguts per la seva eleg\u00e0ncia natural i durabilitat.<\/li>\n\n\n\n<li><strong>Porcell\u00e0nics<\/strong>: La nostra opci\u00f3 m\u00e9s utilitzada per la seva alta resist\u00e8ncia i l&#8217;\u00e0mplia varietat d&#8217;acabats disponibles. Els porcell\u00e0nics ofereixen una superf\u00edcie duradora, resistent a taques i esgarrapades, ideal per a qualsevol cuina.<\/li>\n<\/ul>\n\n\n\n<figure class=\"wp-block-image size-full\"><img loading=\"lazy\" decoding=\"async\" width=\"1920\" height=\"1280\" src=\"https:\/\/ainavalles.com\/wp-content\/uploads\/2024\/07\/AV-LuciaMartiPhoto-27-scaled.jpg\" alt=\"\" class=\"wp-image-1477\" srcset=\"https:\/\/ainavalles.com\/wp-content\/uploads\/2024\/07\/AV-LuciaMartiPhoto-27-scaled.jpg 1920w, https:\/\/ainavalles.com\/wp-content\/uploads\/2024\/07\/AV-LuciaMartiPhoto-27-768x512.jpg 768w, https:\/\/ainavalles.com\/wp-content\/uploads\/2024\/07\/AV-LuciaMartiPhoto-27-1536x1024.jpg 1536w, https:\/\/ainavalles.com\/wp-content\/uploads\/2024\/07\/AV-LuciaMartiPhoto-27-2048x1365.jpg 2048w\" sizes=\"(max-width: 1920px) 100vw, 1920px\" \/><\/figure>\n\n\n\n<figure class=\"wp-block-image size-full\"><img loading=\"lazy\" decoding=\"async\" width=\"1920\" height=\"1280\" src=\"https:\/\/ainavalles.com\/wp-content\/uploads\/2024\/07\/AV-LuciaMartiPhoto-51-scaled.jpg\" alt=\"\" class=\"wp-image-1479\" srcset=\"https:\/\/ainavalles.com\/wp-content\/uploads\/2024\/07\/AV-LuciaMartiPhoto-51-scaled.jpg 1920w, https:\/\/ainavalles.com\/wp-content\/uploads\/2024\/07\/AV-LuciaMartiPhoto-51-768x512.jpg 768w, https:\/\/ainavalles.com\/wp-content\/uploads\/2024\/07\/AV-LuciaMartiPhoto-51-1536x1024.jpg 1536w, https:\/\/ainavalles.com\/wp-content\/uploads\/2024\/07\/AV-LuciaMartiPhoto-51-2048x1365.jpg 2048w\" sizes=\"(max-width: 1920px) 100vw, 1920px\" \/><\/figure>\n\n\n\n<p><strong>Tiradors: Marca Viefe i Opcions Personalitzades<\/strong><\/p>\n\n\n\n<p>Els tiradors s\u00f3n el toc final que pot transformar un moble. Generalment utilitzem tiradors de la marca Viefe, coneguda pel disseny modern i funcionalitat. Tot i aix\u00f2, tamb\u00e9 podem accedir a una \u00e0mplia varietat d&#8217;altres marques i opcions personalitzades per satisfer les necessitats espec\u00edfiques de cada client.<\/p>\n\n\n\n<figure class=\"wp-block-image size-full\"><img loading=\"lazy\" decoding=\"async\" width=\"1920\" height=\"1280\" src=\"https:\/\/ainavalles.com\/wp-content\/uploads\/2024\/07\/AINA-LuciaMartiPhoto-3-scaled.jpg\" alt=\"\" class=\"wp-image-1481\" srcset=\"https:\/\/ainavalles.com\/wp-content\/uploads\/2024\/07\/AINA-LuciaMartiPhoto-3-scaled.jpg 1920w, https:\/\/ainavalles.com\/wp-content\/uploads\/2024\/07\/AINA-LuciaMartiPhoto-3-768x512.jpg 768w, https:\/\/ainavalles.com\/wp-content\/uploads\/2024\/07\/AINA-LuciaMartiPhoto-3-1536x1024.jpg 1536w, https:\/\/ainavalles.com\/wp-content\/uploads\/2024\/07\/AINA-LuciaMartiPhoto-3-2048x1365.jpg 2048w\" sizes=\"(max-width: 1920px) 100vw, 1920px\" \/><\/figure>\n\n\n\n<figure class=\"wp-block-image size-full\"><img loading=\"lazy\" decoding=\"async\" width=\"1920\" height=\"1280\" src=\"https:\/\/ainavalles.com\/wp-content\/uploads\/2024\/07\/AV-LuciaMartiPhoto-108-scaled.jpg\" alt=\"\" class=\"wp-image-1493\" srcset=\"https:\/\/ainavalles.com\/wp-content\/uploads\/2024\/07\/AV-LuciaMartiPhoto-108-scaled.jpg 1920w, https:\/\/ainavalles.com\/wp-content\/uploads\/2024\/07\/AV-LuciaMartiPhoto-108-768x512.jpg 768w, https:\/\/ainavalles.com\/wp-content\/uploads\/2024\/07\/AV-LuciaMartiPhoto-108-1536x1024.jpg 1536w, https:\/\/ainavalles.com\/wp-content\/uploads\/2024\/07\/AV-LuciaMartiPhoto-108-2048x1365.jpg 2048w\" sizes=\"(max-width: 1920px) 100vw, 1920px\" \/><\/figure>\n\n\n\n<p>A Aina Vall\u00e9s, estem compromesos amb la qualitat i la personalitzaci\u00f3 a cada projecte de mobiliari. Entenem que cada client \u00e9s \u00fanic, i per aix\u00f2 oferim una \u00e0mplia gamma de materials i acabats per assegurar-nos que cada disseny sigui perfecte.<\/p>\n\n\n\n<figure class=\"wp-block-image size-full\"><img loading=\"lazy\" decoding=\"async\" width=\"1920\" height=\"1280\" src=\"https:\/\/ainavalles.com\/wp-content\/uploads\/2024\/07\/AV-LuciaMartiPhoto-38-scaled.jpg\" alt=\"\" class=\"wp-image-1491\" srcset=\"https:\/\/ainavalles.com\/wp-content\/uploads\/2024\/07\/AV-LuciaMartiPhoto-38-scaled.jpg 1920w, https:\/\/ainavalles.com\/wp-content\/uploads\/2024\/07\/AV-LuciaMartiPhoto-38-768x512.jpg 768w, https:\/\/ainavalles.com\/wp-content\/uploads\/2024\/07\/AV-LuciaMartiPhoto-38-1536x1024.jpg 1536w, https:\/\/ainavalles.com\/wp-content\/uploads\/2024\/07\/AV-LuciaMartiPhoto-38-2048x1365.jpg 2048w\" sizes=\"(max-width: 1920px) 100vw, 1920px\" \/><\/figure>\n\n\n\n<p>Podem generar mostres a mida i investigar sobre nous acabats.<\/p>\n\n\n\n<p>Si ets arquitecte, constructor o simplement est\u00e0s interessat a con\u00e8ixer m\u00e9s sobre els nostres materials, et convidem a explorar les nostres opcions i descobrir com et podem ajudar a crear espais excepcionals.<\/p>\n\n\n\n<p>Interessat en saber-ne m\u00e9s o comen\u00e7ar un projecte amb nosaltres? No dubtis a contactar-nos per a una consulta personalitzada. El nostre equip d&#8217;experts \u00e9s aqu\u00ed per ajudar-te a fer realitat les teves idees de disseny.<\/p>\n\n\n\n<p><\/p>\n","protected":false},"excerpt":{"rendered":"<p>En el nostre estudi \u201cAina Vall\u00e9s, mobles, espai i ordre\u201d, ens encanta oferir als nostres clients una \u00e0mplia gamma de materials d&#8217;alta qualitat per als seus projectes de mobiliari. Sabem que l&#8217;elecci\u00f3 de materials \u00e9s crucial per a garantir durabilitat, est\u00e8tica i funcionalitat. Aquest cat\u00e0leg est\u00e0 dissenyat per a proporcionar un resum detallat dels materials [&hellip;]<\/p>\n","protected":false},"author":2,"featured_media":1982,"comment_status":"closed","ping_status":"closed","sticky":false,"template":"","format":"standard","meta":{"_acf_changed":false,"footnotes":""},"categories":[17],"tags":[],"class_list":["post-1980","post","type-post","status-publish","format-standard","has-post-thumbnail","hentry","category-sin-categorizar-2"],"acf":[],"yoast_head":"<!-- This site is optimized with the Yoast SEO plugin v26.8 - https:\/\/yoast.com\/product\/yoast-seo-wordpress\/ -->\n<title>Cat\u00e0leg de materials per a mobiliari en el nostre estudi: La qualitat i varietat en els nostres projectes - Aina Vall\u00e8s<\/title>\n<meta name=\"robots\" content=\"index, follow, max-snippet:-1, max-image-preview:large, max-video-preview:-1\" \/>\n<link rel=\"canonical\" href=\"https:\/\/ainavalles.com\/ca\/catalogo-de-materiales-para-mobiliario-en-nuestro-estudio-la-calidad-y-variedad-en-nuestros-proyectos\/\" \/>\n<meta property=\"og:locale\" content=\"ca_ES\" \/>\n<meta property=\"og:type\" content=\"article\" \/>\n<meta property=\"og:title\" content=\"Cat\u00e0leg de materials per a mobiliari en el nostre estudi: La qualitat i varietat en els nostres projectes - Aina Vall\u00e8s\" \/>\n<meta property=\"og:description\" content=\"En el nostre estudi \u201cAina Vall\u00e9s, mobles, espai i ordre\u201d, ens encanta oferir als nostres clients una \u00e0mplia gamma de materials d&#8217;alta qualitat per als seus projectes de mobiliari. Sabem que l&#8217;elecci\u00f3 de materials \u00e9s crucial per a garantir durabilitat, est\u00e8tica i funcionalitat. Aquest cat\u00e0leg est\u00e0 dissenyat per a proporcionar un resum detallat dels materials [&hellip;]\" \/>\n<meta property=\"og:url\" content=\"https:\/\/ainavalles.com\/ca\/catalogo-de-materiales-para-mobiliario-en-nuestro-estudio-la-calidad-y-variedad-en-nuestros-proyectos\/\" \/>\n<meta property=\"og:site_name\" content=\"Aina Vall\u00e8s\" \/>\n<meta property=\"article:publisher\" content=\"https:\/\/www.facebook.com\/people\/Aina-Valls\/100090582199736\/\" \/>\n<meta property=\"article:published_time\" content=\"2024-07-18T08:17:51+00:00\" \/>\n<meta property=\"article:modified_time\" content=\"2024-11-12T12:00:27+00:00\" \/>\n<meta property=\"og:image\" content=\"https:\/\/ainavalles.com\/wp-content\/uploads\/2024\/07\/AINA-LuciaMartiPhoto-72-scaled.jpg\" \/>\n\t<meta property=\"og:image:width\" content=\"2560\" \/>\n\t<meta property=\"og:image:height\" content=\"1707\" \/>\n\t<meta property=\"og:image:type\" content=\"image\/jpeg\" \/>\n<meta name=\"author\" content=\"Aina Vall\u00e9s\" \/>\n<meta name=\"twitter:card\" content=\"summary_large_image\" \/>\n<meta name=\"twitter:label1\" content=\"Escrit per\" \/>\n\t<meta name=\"twitter:data1\" content=\"Aina Vall\u00e9s\" \/>\n\t<meta name=\"twitter:label2\" content=\"Temps estimat de lectura\" \/>\n\t<meta name=\"twitter:data2\" content=\"5 minuts\" \/>\n<script type=\"application\/ld+json\" class=\"yoast-schema-graph\">{\"@context\":\"https:\/\/schema.org\",\"@graph\":[{\"@type\":\"Article\",\"@id\":\"https:\/\/ainavalles.com\/ca\/catalogo-de-materiales-para-mobiliario-en-nuestro-estudio-la-calidad-y-variedad-en-nuestros-proyectos\/#article\",\"isPartOf\":{\"@id\":\"https:\/\/ainavalles.com\/ca\/catalogo-de-materiales-para-mobiliario-en-nuestro-estudio-la-calidad-y-variedad-en-nuestros-proyectos\/\"},\"author\":{\"name\":\"Aina Vall\u00e9s\",\"@id\":\"https:\/\/ainavalles.com\/#\/schema\/person\/66806b4f2c1fbd143b75d1a0b0cfee0b\"},\"headline\":\"Cat\u00e0leg de materials per a mobiliari en el nostre estudi: La qualitat i varietat en els nostres projectes\",\"datePublished\":\"2024-07-18T08:17:51+00:00\",\"dateModified\":\"2024-11-12T12:00:27+00:00\",\"mainEntityOfPage\":{\"@id\":\"https:\/\/ainavalles.com\/ca\/catalogo-de-materiales-para-mobiliario-en-nuestro-estudio-la-calidad-y-variedad-en-nuestros-proyectos\/\"},\"wordCount\":631,\"publisher\":{\"@id\":\"https:\/\/ainavalles.com\/#organization\"},\"image\":{\"@id\":\"https:\/\/ainavalles.com\/ca\/catalogo-de-materiales-para-mobiliario-en-nuestro-estudio-la-calidad-y-variedad-en-nuestros-proyectos\/#primaryimage\"},\"thumbnailUrl\":\"https:\/\/ainavalles.com\/wp-content\/uploads\/2024\/07\/AINA-LuciaMartiPhoto-72-scaled.jpg\",\"articleSection\":[\"Sin categorizar\"],\"inLanguage\":\"ca\"},{\"@type\":\"WebPage\",\"@id\":\"https:\/\/ainavalles.com\/ca\/catalogo-de-materiales-para-mobiliario-en-nuestro-estudio-la-calidad-y-variedad-en-nuestros-proyectos\/\",\"url\":\"https:\/\/ainavalles.com\/ca\/catalogo-de-materiales-para-mobiliario-en-nuestro-estudio-la-calidad-y-variedad-en-nuestros-proyectos\/\",\"name\":\"Cat\u00e0leg de materials per a mobiliari en el nostre estudi: La qualitat i varietat en els nostres projectes - Aina Vall\u00e8s\",\"isPartOf\":{\"@id\":\"https:\/\/ainavalles.com\/#website\"},\"primaryImageOfPage\":{\"@id\":\"https:\/\/ainavalles.com\/ca\/catalogo-de-materiales-para-mobiliario-en-nuestro-estudio-la-calidad-y-variedad-en-nuestros-proyectos\/#primaryimage\"},\"image\":{\"@id\":\"https:\/\/ainavalles.com\/ca\/catalogo-de-materiales-para-mobiliario-en-nuestro-estudio-la-calidad-y-variedad-en-nuestros-proyectos\/#primaryimage\"},\"thumbnailUrl\":\"https:\/\/ainavalles.com\/wp-content\/uploads\/2024\/07\/AINA-LuciaMartiPhoto-72-scaled.jpg\",\"datePublished\":\"2024-07-18T08:17:51+00:00\",\"dateModified\":\"2024-11-12T12:00:27+00:00\",\"breadcrumb\":{\"@id\":\"https:\/\/ainavalles.com\/ca\/catalogo-de-materiales-para-mobiliario-en-nuestro-estudio-la-calidad-y-variedad-en-nuestros-proyectos\/#breadcrumb\"},\"inLanguage\":\"ca\",\"potentialAction\":[{\"@type\":\"ReadAction\",\"target\":[\"https:\/\/ainavalles.com\/ca\/catalogo-de-materiales-para-mobiliario-en-nuestro-estudio-la-calidad-y-variedad-en-nuestros-proyectos\/\"]}]},{\"@type\":\"ImageObject\",\"inLanguage\":\"ca\",\"@id\":\"https:\/\/ainavalles.com\/ca\/catalogo-de-materiales-para-mobiliario-en-nuestro-estudio-la-calidad-y-variedad-en-nuestros-proyectos\/#primaryimage\",\"url\":\"https:\/\/ainavalles.com\/wp-content\/uploads\/2024\/07\/AINA-LuciaMartiPhoto-72-scaled.jpg\",\"contentUrl\":\"https:\/\/ainavalles.com\/wp-content\/uploads\/2024\/07\/AINA-LuciaMartiPhoto-72-scaled.jpg\",\"width\":2560,\"height\":1707},{\"@type\":\"BreadcrumbList\",\"@id\":\"https:\/\/ainavalles.com\/ca\/catalogo-de-materiales-para-mobiliario-en-nuestro-estudio-la-calidad-y-variedad-en-nuestros-proyectos\/#breadcrumb\",\"itemListElement\":[{\"@type\":\"ListItem\",\"position\":1,\"name\":\"Portada\",\"item\":\"https:\/\/ainavalles.com\/\"},{\"@type\":\"ListItem\",\"position\":2,\"name\":\"Cat\u00e0leg de materials per a mobiliari en el nostre estudi: La qualitat i varietat en els nostres projectes\"}]},{\"@type\":\"WebSite\",\"@id\":\"https:\/\/ainavalles.com\/#website\",\"url\":\"https:\/\/ainavalles.com\/\",\"name\":\"Aina Vall\u00e8s\",\"description\":\"Interiorismo en Mallorca\",\"publisher\":{\"@id\":\"https:\/\/ainavalles.com\/#organization\"},\"potentialAction\":[{\"@type\":\"SearchAction\",\"target\":{\"@type\":\"EntryPoint\",\"urlTemplate\":\"https:\/\/ainavalles.com\/?s={search_term_string}\"},\"query-input\":{\"@type\":\"PropertyValueSpecification\",\"valueRequired\":true,\"valueName\":\"search_term_string\"}}],\"inLanguage\":\"ca\"},{\"@type\":\"Organization\",\"@id\":\"https:\/\/ainavalles.com\/#organization\",\"name\":\"Aina Vall\u00e8s\",\"url\":\"https:\/\/ainavalles.com\/\",\"logo\":{\"@type\":\"ImageObject\",\"inLanguage\":\"ca\",\"@id\":\"https:\/\/ainavalles.com\/#\/schema\/logo\/image\/\",\"url\":\"https:\/\/ainavalles.com\/wp-content\/uploads\/2023\/09\/logo.svg\",\"contentUrl\":\"https:\/\/ainavalles.com\/wp-content\/uploads\/2023\/09\/logo.svg\",\"width\":300,\"height\":244,\"caption\":\"Aina Vall\u00e8s\"},\"image\":{\"@id\":\"https:\/\/ainavalles.com\/#\/schema\/logo\/image\/\"},\"sameAs\":[\"https:\/\/www.facebook.com\/people\/Aina-Valls\/100090582199736\/\",\"https:\/\/www.instagram.com\/aina_valles\/\"]},{\"@type\":\"Person\",\"@id\":\"https:\/\/ainavalles.com\/#\/schema\/person\/66806b4f2c1fbd143b75d1a0b0cfee0b\",\"name\":\"Aina Vall\u00e9s\",\"sameAs\":[\"https:\/\/ainavalles.com\"]}]}<\/script>\n<!-- \/ Yoast SEO plugin. -->","yoast_head_json":{"title":"Cat\u00e0leg de materials per a mobiliari en el nostre estudi: La qualitat i varietat en els nostres projectes - Aina Vall\u00e8s","robots":{"index":"index","follow":"follow","max-snippet":"max-snippet:-1","max-image-preview":"max-image-preview:large","max-video-preview":"max-video-preview:-1"},"canonical":"https:\/\/ainavalles.com\/ca\/catalogo-de-materiales-para-mobiliario-en-nuestro-estudio-la-calidad-y-variedad-en-nuestros-proyectos\/","og_locale":"ca_ES","og_type":"article","og_title":"Cat\u00e0leg de materials per a mobiliari en el nostre estudi: La qualitat i varietat en els nostres projectes - Aina Vall\u00e8s","og_description":"En el nostre estudi \u201cAina Vall\u00e9s, mobles, espai i ordre\u201d, ens encanta oferir als nostres clients una \u00e0mplia gamma de materials d&#8217;alta qualitat per als seus projectes de mobiliari. Sabem que l&#8217;elecci\u00f3 de materials \u00e9s crucial per a garantir durabilitat, est\u00e8tica i funcionalitat. Aquest cat\u00e0leg est\u00e0 dissenyat per a proporcionar un resum detallat dels materials [&hellip;]","og_url":"https:\/\/ainavalles.com\/ca\/catalogo-de-materiales-para-mobiliario-en-nuestro-estudio-la-calidad-y-variedad-en-nuestros-proyectos\/","og_site_name":"Aina Vall\u00e8s","article_publisher":"https:\/\/www.facebook.com\/people\/Aina-Valls\/100090582199736\/","article_published_time":"2024-07-18T08:17:51+00:00","article_modified_time":"2024-11-12T12:00:27+00:00","og_image":[{"width":2560,"height":1707,"url":"https:\/\/ainavalles.com\/wp-content\/uploads\/2024\/07\/AINA-LuciaMartiPhoto-72-scaled.jpg","type":"image\/jpeg"}],"author":"Aina Vall\u00e9s","twitter_card":"summary_large_image","twitter_misc":{"Escrit per":"Aina Vall\u00e9s","Temps estimat de lectura":"5 minuts"},"schema":{"@context":"https:\/\/schema.org","@graph":[{"@type":"Article","@id":"https:\/\/ainavalles.com\/ca\/catalogo-de-materiales-para-mobiliario-en-nuestro-estudio-la-calidad-y-variedad-en-nuestros-proyectos\/#article","isPartOf":{"@id":"https:\/\/ainavalles.com\/ca\/catalogo-de-materiales-para-mobiliario-en-nuestro-estudio-la-calidad-y-variedad-en-nuestros-proyectos\/"},"author":{"name":"Aina Vall\u00e9s","@id":"https:\/\/ainavalles.com\/#\/schema\/person\/66806b4f2c1fbd143b75d1a0b0cfee0b"},"headline":"Cat\u00e0leg de materials per a mobiliari en el nostre estudi: La qualitat i varietat en els nostres projectes","datePublished":"2024-07-18T08:17:51+00:00","dateModified":"2024-11-12T12:00:27+00:00","mainEntityOfPage":{"@id":"https:\/\/ainavalles.com\/ca\/catalogo-de-materiales-para-mobiliario-en-nuestro-estudio-la-calidad-y-variedad-en-nuestros-proyectos\/"},"wordCount":631,"publisher":{"@id":"https:\/\/ainavalles.com\/#organization"},"image":{"@id":"https:\/\/ainavalles.com\/ca\/catalogo-de-materiales-para-mobiliario-en-nuestro-estudio-la-calidad-y-variedad-en-nuestros-proyectos\/#primaryimage"},"thumbnailUrl":"https:\/\/ainavalles.com\/wp-content\/uploads\/2024\/07\/AINA-LuciaMartiPhoto-72-scaled.jpg","articleSection":["Sin categorizar"],"inLanguage":"ca"},{"@type":"WebPage","@id":"https:\/\/ainavalles.com\/ca\/catalogo-de-materiales-para-mobiliario-en-nuestro-estudio-la-calidad-y-variedad-en-nuestros-proyectos\/","url":"https:\/\/ainavalles.com\/ca\/catalogo-de-materiales-para-mobiliario-en-nuestro-estudio-la-calidad-y-variedad-en-nuestros-proyectos\/","name":"Cat\u00e0leg de materials per a mobiliari en el nostre estudi: La qualitat i varietat en els nostres projectes - Aina Vall\u00e8s","isPartOf":{"@id":"https:\/\/ainavalles.com\/#website"},"primaryImageOfPage":{"@id":"https:\/\/ainavalles.com\/ca\/catalogo-de-materiales-para-mobiliario-en-nuestro-estudio-la-calidad-y-variedad-en-nuestros-proyectos\/#primaryimage"},"image":{"@id":"https:\/\/ainavalles.com\/ca\/catalogo-de-materiales-para-mobiliario-en-nuestro-estudio-la-calidad-y-variedad-en-nuestros-proyectos\/#primaryimage"},"thumbnailUrl":"https:\/\/ainavalles.com\/wp-content\/uploads\/2024\/07\/AINA-LuciaMartiPhoto-72-scaled.jpg","datePublished":"2024-07-18T08:17:51+00:00","dateModified":"2024-11-12T12:00:27+00:00","breadcrumb":{"@id":"https:\/\/ainavalles.com\/ca\/catalogo-de-materiales-para-mobiliario-en-nuestro-estudio-la-calidad-y-variedad-en-nuestros-proyectos\/#breadcrumb"},"inLanguage":"ca","potentialAction":[{"@type":"ReadAction","target":["https:\/\/ainavalles.com\/ca\/catalogo-de-materiales-para-mobiliario-en-nuestro-estudio-la-calidad-y-variedad-en-nuestros-proyectos\/"]}]},{"@type":"ImageObject","inLanguage":"ca","@id":"https:\/\/ainavalles.com\/ca\/catalogo-de-materiales-para-mobiliario-en-nuestro-estudio-la-calidad-y-variedad-en-nuestros-proyectos\/#primaryimage","url":"https:\/\/ainavalles.com\/wp-content\/uploads\/2024\/07\/AINA-LuciaMartiPhoto-72-scaled.jpg","contentUrl":"https:\/\/ainavalles.com\/wp-content\/uploads\/2024\/07\/AINA-LuciaMartiPhoto-72-scaled.jpg","width":2560,"height":1707},{"@type":"BreadcrumbList","@id":"https:\/\/ainavalles.com\/ca\/catalogo-de-materiales-para-mobiliario-en-nuestro-estudio-la-calidad-y-variedad-en-nuestros-proyectos\/#breadcrumb","itemListElement":[{"@type":"ListItem","position":1,"name":"Portada","item":"https:\/\/ainavalles.com\/"},{"@type":"ListItem","position":2,"name":"Cat\u00e0leg de materials per a mobiliari en el nostre estudi: La qualitat i varietat en els nostres projectes"}]},{"@type":"WebSite","@id":"https:\/\/ainavalles.com\/#website","url":"https:\/\/ainavalles.com\/","name":"Aina Vall\u00e8s","description":"Interiorismo en Mallorca","publisher":{"@id":"https:\/\/ainavalles.com\/#organization"},"potentialAction":[{"@type":"SearchAction","target":{"@type":"EntryPoint","urlTemplate":"https:\/\/ainavalles.com\/?s={search_term_string}"},"query-input":{"@type":"PropertyValueSpecification","valueRequired":true,"valueName":"search_term_string"}}],"inLanguage":"ca"},{"@type":"Organization","@id":"https:\/\/ainavalles.com\/#organization","name":"Aina Vall\u00e8s","url":"https:\/\/ainavalles.com\/","logo":{"@type":"ImageObject","inLanguage":"ca","@id":"https:\/\/ainavalles.com\/#\/schema\/logo\/image\/","url":"https:\/\/ainavalles.com\/wp-content\/uploads\/2023\/09\/logo.svg","contentUrl":"https:\/\/ainavalles.com\/wp-content\/uploads\/2023\/09\/logo.svg","width":300,"height":244,"caption":"Aina Vall\u00e8s"},"image":{"@id":"https:\/\/ainavalles.com\/#\/schema\/logo\/image\/"},"sameAs":["https:\/\/www.facebook.com\/people\/Aina-Valls\/100090582199736\/","https:\/\/www.instagram.com\/aina_valles\/"]},{"@type":"Person","@id":"https:\/\/ainavalles.com\/#\/schema\/person\/66806b4f2c1fbd143b75d1a0b0cfee0b","name":"Aina Vall\u00e9s","sameAs":["https:\/\/ainavalles.com"]}]}},"_links":{"self":[{"href":"https:\/\/ainavalles.com\/ca\/wp-json\/wp\/v2\/posts\/1980","targetHints":{"allow":["GET"]}}],"collection":[{"href":"https:\/\/ainavalles.com\/ca\/wp-json\/wp\/v2\/posts"}],"about":[{"href":"https:\/\/ainavalles.com\/ca\/wp-json\/wp\/v2\/types\/post"}],"author":[{"embeddable":true,"href":"https:\/\/ainavalles.com\/ca\/wp-json\/wp\/v2\/users\/2"}],"replies":[{"embeddable":true,"href":"https:\/\/ainavalles.com\/ca\/wp-json\/wp\/v2\/comments?post=1980"}],"version-history":[{"count":2,"href":"https:\/\/ainavalles.com\/ca\/wp-json\/wp\/v2\/posts\/1980\/revisions"}],"predecessor-version":[{"id":2203,"href":"https:\/\/ainavalles.com\/ca\/wp-json\/wp\/v2\/posts\/1980\/revisions\/2203"}],"wp:featuredmedia":[{"embeddable":true,"href":"https:\/\/ainavalles.com\/ca\/wp-json\/wp\/v2\/media\/1982"}],"wp:attachment":[{"href":"https:\/\/ainavalles.com\/ca\/wp-json\/wp\/v2\/media?parent=1980"}],"wp:term":[{"taxonomy":"category","embeddable":true,"href":"https:\/\/ainavalles.com\/ca\/wp-json\/wp\/v2\/categories?post=1980"},{"taxonomy":"post_tag","embeddable":true,"href":"https:\/\/ainavalles.com\/ca\/wp-json\/wp\/v2\/tags?post=1980"}],"curies":[{"name":"wp","href":"https:\/\/api.w.org\/{rel}","templated":true}]}}