{"id":1983,"date":"2024-07-09T12:08:44","date_gmt":"2024-07-09T10:08:44","guid":{"rendered":"https:\/\/ainavalles.com\/propuesta-de-agenda-visual-para-el-diseno-e-instalacion-de-cocinas\/"},"modified":"2024-11-13T14:00:13","modified_gmt":"2024-11-13T12:00:13","slug":"propuesta-de-agenda-visual-para-el-diseno-e-instalacion-de-cocinas","status":"publish","type":"post","link":"https:\/\/ainavalles.com\/ca\/propuesta-de-agenda-visual-para-el-diseno-e-instalacion-de-cocinas\/","title":{"rendered":"Proposta d&#8217;agenda visual per al disseny i instal\u00b7laci\u00f3 de cuines"},"content":{"rendered":"\n<p><strong>1. Fase de Disseny<\/strong><\/p>\n\n\n\n<p><strong>Durada: 3-4 setmanes (segons la disponibilitat del client i informaci\u00f3 clara que ens pugui aportar)<\/strong><\/p>\n\n\n\n<ul class=\"wp-block-list\">\n<li><strong>Reuni\u00f3 Inicial amb el Client (1-2 dies):<\/strong> Entendre les necessitats i desitjos del client.<\/li>\n\n\n\n<li><strong>Desenvolupament del Disseny Preliminar (2 setmana)<\/strong>: Creaci\u00f3 d&#8217;esbossos i models preliminars.<\/li>\n\n\n\n<li><strong>Revisi\u00f3 i Ajustos del Disseny (1 setmana)<\/strong>: Ajustos basats en la retroalimentaci\u00f3 del client.<\/li>\n<\/ul>\n\n\n\n<p><strong>2. Fase d&#8217;acceptaci\u00f3<\/strong><\/p>\n\n\n\n<p><strong>Durada: 1-2 setmanes<\/strong><\/p>\n\n\n\n<p><strong>Activitats:<\/strong><\/p>\n\n\n\n<ul class=\"wp-block-list\">\n<li><strong>Presentaci\u00f3 del Disseny Final (1 setmana):<\/strong> Mostrar al client el disseny final amb detalls espec\u00edfics.<\/li>\n\n\n\n<li><strong>Aprovaci\u00f3 del Client (1 setmana)<\/strong>: Temps perqu\u00e8 el client revisi i aprovi el disseny.<\/li>\n\n\n\n<li><strong>Mesurament final a casa del client<\/strong>.<\/li>\n<\/ul>\n\n\n\n<p><strong>3. Fase de Fabricaci\u00f3<\/strong><\/p>\n\n\n\n<p><strong>Durada: 8-12 setmanes (segons el material triat)<\/strong><\/p>\n\n\n\n<p><strong>Activitats:<\/strong><\/p>\n\n\n\n<ul class=\"wp-block-list\">\n<li>Producci\u00f3 de Mobiliari (7 setmanes): Fabricaci\u00f3 dels mobles de cuina segons el disseny aprovat.<\/li>\n\n\n\n<li>Revisi\u00f3 de Qualitat i Preparaci\u00f3 (1 setmana): Assegurar que tots els components estiguin llestos per a la instal\u00b7laci\u00f3.<\/li>\n<\/ul>\n\n\n\n<p><strong>4. Fase de Instalaci\u00f3n<\/strong><\/p>\n\n\n\n<p><strong>Duraci\u00f3n: 1-2 semanas<\/strong><\/p>\n\n\n\n<p><strong>Activitats:<\/strong><\/p>\n\n\n\n<ul class=\"wp-block-list\">\n<li>Preparaci\u00f3 del Lloc (1-2 dies): Preparar l&#8217;espai per a la instal\u00b7laci\u00f3, transport del mobiliari.<\/li>\n\n\n\n<li>Instal\u00b7laci\u00f3 de Mobiliari i Electrodom\u00e8stics (1-2 dies): Muntatge i instal\u00b7laci\u00f3 de mobles i electrodom\u00e8stics.<\/li>\n\n\n\n<li>Revisi\u00f3 Final i Ajustos (2-3 dies): Assegurar-se que tot estigui perfecte i realitzar ajustos necessaris.<\/li>\n\n\n\n<li>Instal\u00b7lar la placa de cocci\u00f3: (10-15 dies) Segons el material. La instal\u00b7laci\u00f3 a casa del client, 1 dia.<\/li>\n<\/ul>\n\n\n\n<p><strong>5. Fase de Finalitzaci\u00f3<\/strong><\/p>\n\n\n\n<p><strong>Durada: 1 setmana<\/strong><\/p>\n\n\n\n<p><strong>Activitats:<\/strong><\/p>\n\n\n\n<ul class=\"wp-block-list\">\n<li>Reuni\u00f3 amb el client per a revisar tots els detalls.<\/li>\n\n\n\n<li>Lliura factura final, la garantia de la seva cuina<strong>.<\/strong><\/li>\n<\/ul>\n\n\n\n<p><strong>Els temps poden variar si:<\/strong><\/p>\n\n\n\n<ul class=\"wp-block-list\">\n<li>Vacances com a Nadal o agost.<\/li>\n\n\n\n<li>Si l&#8217;obra es retarda per circumst\u00e0ncies externes.<\/li>\n\n\n\n<li>Si no encaixa el disseny proposat i requerim de dissenyar m\u00e9s opcions.<\/li>\n\n\n\n<li>Etc.<\/li>\n<\/ul>\n\n\n\n<figure class=\"wp-block-image size-full\"><img fetchpriority=\"high\" decoding=\"async\" width=\"1024\" height=\"292\" src=\"https:\/\/ainavalles.com\/wp-content\/uploads\/2024\/07\/diagrama-tiempos-cocina-1.jpg\" alt=\"\" class=\"wp-image-1461\" srcset=\"https:\/\/ainavalles.com\/wp-content\/uploads\/2024\/07\/diagrama-tiempos-cocina-1.jpg 1024w, https:\/\/ainavalles.com\/wp-content\/uploads\/2024\/07\/diagrama-tiempos-cocina-1-768x219.jpg 768w\" sizes=\"(max-width: 1024px) 100vw, 1024px\" \/><\/figure>\n\n\n\n<p><\/p>\n","protected":false},"excerpt":{"rendered":"<p>1. Fase de Disseny Durada: 3-4 setmanes (segons la disponibilitat del client i informaci\u00f3 clara que ens pugui aportar) 2. Fase d&#8217;acceptaci\u00f3 Durada: 1-2 setmanes Activitats: 3. Fase de Fabricaci\u00f3 Durada: 8-12 setmanes (segons el material triat) Activitats: 4. Fase de Instalaci\u00f3n Duraci\u00f3n: 1-2 semanas Activitats: 5. Fase de Finalitzaci\u00f3 Durada: 1 setmana Activitats: Els [&hellip;]<\/p>\n","protected":false},"author":2,"featured_media":1985,"comment_status":"closed","ping_status":"closed","sticky":false,"template":"","format":"standard","meta":{"_acf_changed":false,"footnotes":""},"categories":[17],"tags":[],"class_list":["post-1983","post","type-post","status-publish","format-standard","has-post-thumbnail","hentry","category-sin-categorizar-2"],"acf":[],"yoast_head":"<!-- This site is optimized with the Yoast SEO plugin v26.8 - https:\/\/yoast.com\/product\/yoast-seo-wordpress\/ -->\n<title>Proposta d&#039;agenda visual per al disseny i instal\u00b7laci\u00f3 de cuines - Aina Vall\u00e8s<\/title>\n<meta name=\"robots\" content=\"index, follow, max-snippet:-1, max-image-preview:large, max-video-preview:-1\" \/>\n<link rel=\"canonical\" href=\"https:\/\/ainavalles.com\/ca\/propuesta-de-agenda-visual-para-el-diseno-e-instalacion-de-cocinas\/\" \/>\n<meta property=\"og:locale\" content=\"ca_ES\" \/>\n<meta property=\"og:type\" content=\"article\" \/>\n<meta property=\"og:title\" content=\"Proposta d&#039;agenda visual per al disseny i instal\u00b7laci\u00f3 de cuines - Aina Vall\u00e8s\" \/>\n<meta property=\"og:description\" content=\"1. Fase de Disseny Durada: 3-4 setmanes (segons la disponibilitat del client i informaci\u00f3 clara que ens pugui aportar) 2. Fase d&#8217;acceptaci\u00f3 Durada: 1-2 setmanes Activitats: 3. Fase de Fabricaci\u00f3 Durada: 8-12 setmanes (segons el material triat) Activitats: 4. Fase de Instalaci\u00f3n Duraci\u00f3n: 1-2 semanas Activitats: 5. Fase de Finalitzaci\u00f3 Durada: 1 setmana Activitats: Els [&hellip;]\" \/>\n<meta property=\"og:url\" content=\"https:\/\/ainavalles.com\/ca\/propuesta-de-agenda-visual-para-el-diseno-e-instalacion-de-cocinas\/\" \/>\n<meta property=\"og:site_name\" content=\"Aina Vall\u00e8s\" \/>\n<meta property=\"article:publisher\" content=\"https:\/\/www.facebook.com\/people\/Aina-Valls\/100090582199736\/\" \/>\n<meta property=\"article:published_time\" content=\"2024-07-09T10:08:44+00:00\" \/>\n<meta property=\"article:modified_time\" content=\"2024-11-13T12:00:13+00:00\" \/>\n<meta property=\"og:image\" content=\"https:\/\/ainavalles.com\/wp-content\/uploads\/2024\/07\/pexels-jeshootscom-834892-scaled.jpg\" \/>\n\t<meta property=\"og:image:width\" content=\"2560\" \/>\n\t<meta property=\"og:image:height\" content=\"1707\" \/>\n\t<meta property=\"og:image:type\" content=\"image\/jpeg\" \/>\n<meta name=\"author\" content=\"Aina Vall\u00e9s\" \/>\n<meta name=\"twitter:card\" content=\"summary_large_image\" \/>\n<meta name=\"twitter:label1\" content=\"Escrit per\" \/>\n\t<meta name=\"twitter:data1\" content=\"Aina Vall\u00e9s\" \/>\n\t<meta name=\"twitter:label2\" content=\"Temps estimat de lectura\" \/>\n\t<meta name=\"twitter:data2\" content=\"2 minuts\" \/>\n<script type=\"application\/ld+json\" class=\"yoast-schema-graph\">{\"@context\":\"https:\/\/schema.org\",\"@graph\":[{\"@type\":\"Article\",\"@id\":\"https:\/\/ainavalles.com\/ca\/propuesta-de-agenda-visual-para-el-diseno-e-instalacion-de-cocinas\/#article\",\"isPartOf\":{\"@id\":\"https:\/\/ainavalles.com\/ca\/propuesta-de-agenda-visual-para-el-diseno-e-instalacion-de-cocinas\/\"},\"author\":{\"name\":\"Aina Vall\u00e9s\",\"@id\":\"https:\/\/ainavalles.com\/#\/schema\/person\/66806b4f2c1fbd143b75d1a0b0cfee0b\"},\"headline\":\"Proposta d&#8217;agenda visual per al disseny i instal\u00b7laci\u00f3 de cuines\",\"datePublished\":\"2024-07-09T10:08:44+00:00\",\"dateModified\":\"2024-11-13T12:00:13+00:00\",\"mainEntityOfPage\":{\"@id\":\"https:\/\/ainavalles.com\/ca\/propuesta-de-agenda-visual-para-el-diseno-e-instalacion-de-cocinas\/\"},\"wordCount\":287,\"publisher\":{\"@id\":\"https:\/\/ainavalles.com\/#organization\"},\"image\":{\"@id\":\"https:\/\/ainavalles.com\/ca\/propuesta-de-agenda-visual-para-el-diseno-e-instalacion-de-cocinas\/#primaryimage\"},\"thumbnailUrl\":\"https:\/\/ainavalles.com\/wp-content\/uploads\/2024\/07\/pexels-jeshootscom-834892-scaled.jpg\",\"articleSection\":[\"Sin categorizar\"],\"inLanguage\":\"ca\"},{\"@type\":\"WebPage\",\"@id\":\"https:\/\/ainavalles.com\/ca\/propuesta-de-agenda-visual-para-el-diseno-e-instalacion-de-cocinas\/\",\"url\":\"https:\/\/ainavalles.com\/ca\/propuesta-de-agenda-visual-para-el-diseno-e-instalacion-de-cocinas\/\",\"name\":\"Proposta d'agenda visual per al disseny i instal\u00b7laci\u00f3 de cuines - Aina Vall\u00e8s\",\"isPartOf\":{\"@id\":\"https:\/\/ainavalles.com\/#website\"},\"primaryImageOfPage\":{\"@id\":\"https:\/\/ainavalles.com\/ca\/propuesta-de-agenda-visual-para-el-diseno-e-instalacion-de-cocinas\/#primaryimage\"},\"image\":{\"@id\":\"https:\/\/ainavalles.com\/ca\/propuesta-de-agenda-visual-para-el-diseno-e-instalacion-de-cocinas\/#primaryimage\"},\"thumbnailUrl\":\"https:\/\/ainavalles.com\/wp-content\/uploads\/2024\/07\/pexels-jeshootscom-834892-scaled.jpg\",\"datePublished\":\"2024-07-09T10:08:44+00:00\",\"dateModified\":\"2024-11-13T12:00:13+00:00\",\"breadcrumb\":{\"@id\":\"https:\/\/ainavalles.com\/ca\/propuesta-de-agenda-visual-para-el-diseno-e-instalacion-de-cocinas\/#breadcrumb\"},\"inLanguage\":\"ca\",\"potentialAction\":[{\"@type\":\"ReadAction\",\"target\":[\"https:\/\/ainavalles.com\/ca\/propuesta-de-agenda-visual-para-el-diseno-e-instalacion-de-cocinas\/\"]}]},{\"@type\":\"ImageObject\",\"inLanguage\":\"ca\",\"@id\":\"https:\/\/ainavalles.com\/ca\/propuesta-de-agenda-visual-para-el-diseno-e-instalacion-de-cocinas\/#primaryimage\",\"url\":\"https:\/\/ainavalles.com\/wp-content\/uploads\/2024\/07\/pexels-jeshootscom-834892-scaled.jpg\",\"contentUrl\":\"https:\/\/ainavalles.com\/wp-content\/uploads\/2024\/07\/pexels-jeshootscom-834892-scaled.jpg\",\"width\":2560,\"height\":1707},{\"@type\":\"BreadcrumbList\",\"@id\":\"https:\/\/ainavalles.com\/ca\/propuesta-de-agenda-visual-para-el-diseno-e-instalacion-de-cocinas\/#breadcrumb\",\"itemListElement\":[{\"@type\":\"ListItem\",\"position\":1,\"name\":\"Portada\",\"item\":\"https:\/\/ainavalles.com\/\"},{\"@type\":\"ListItem\",\"position\":2,\"name\":\"Proposta d&#8217;agenda visual per al disseny i instal\u00b7laci\u00f3 de cuines\"}]},{\"@type\":\"WebSite\",\"@id\":\"https:\/\/ainavalles.com\/#website\",\"url\":\"https:\/\/ainavalles.com\/\",\"name\":\"Aina Vall\u00e8s\",\"description\":\"Interiorismo en Mallorca\",\"publisher\":{\"@id\":\"https:\/\/ainavalles.com\/#organization\"},\"potentialAction\":[{\"@type\":\"SearchAction\",\"target\":{\"@type\":\"EntryPoint\",\"urlTemplate\":\"https:\/\/ainavalles.com\/?s={search_term_string}\"},\"query-input\":{\"@type\":\"PropertyValueSpecification\",\"valueRequired\":true,\"valueName\":\"search_term_string\"}}],\"inLanguage\":\"ca\"},{\"@type\":\"Organization\",\"@id\":\"https:\/\/ainavalles.com\/#organization\",\"name\":\"Aina Vall\u00e8s\",\"url\":\"https:\/\/ainavalles.com\/\",\"logo\":{\"@type\":\"ImageObject\",\"inLanguage\":\"ca\",\"@id\":\"https:\/\/ainavalles.com\/#\/schema\/logo\/image\/\",\"url\":\"https:\/\/ainavalles.com\/wp-content\/uploads\/2023\/09\/logo.svg\",\"contentUrl\":\"https:\/\/ainavalles.com\/wp-content\/uploads\/2023\/09\/logo.svg\",\"width\":300,\"height\":244,\"caption\":\"Aina Vall\u00e8s\"},\"image\":{\"@id\":\"https:\/\/ainavalles.com\/#\/schema\/logo\/image\/\"},\"sameAs\":[\"https:\/\/www.facebook.com\/people\/Aina-Valls\/100090582199736\/\",\"https:\/\/www.instagram.com\/aina_valles\/\"]},{\"@type\":\"Person\",\"@id\":\"https:\/\/ainavalles.com\/#\/schema\/person\/66806b4f2c1fbd143b75d1a0b0cfee0b\",\"name\":\"Aina Vall\u00e9s\",\"sameAs\":[\"https:\/\/ainavalles.com\"]}]}<\/script>\n<!-- \/ Yoast SEO plugin. -->","yoast_head_json":{"title":"Proposta d'agenda visual per al disseny i instal\u00b7laci\u00f3 de cuines - Aina Vall\u00e8s","robots":{"index":"index","follow":"follow","max-snippet":"max-snippet:-1","max-image-preview":"max-image-preview:large","max-video-preview":"max-video-preview:-1"},"canonical":"https:\/\/ainavalles.com\/ca\/propuesta-de-agenda-visual-para-el-diseno-e-instalacion-de-cocinas\/","og_locale":"ca_ES","og_type":"article","og_title":"Proposta d'agenda visual per al disseny i instal\u00b7laci\u00f3 de cuines - Aina Vall\u00e8s","og_description":"1. Fase de Disseny Durada: 3-4 setmanes (segons la disponibilitat del client i informaci\u00f3 clara que ens pugui aportar) 2. Fase d&#8217;acceptaci\u00f3 Durada: 1-2 setmanes Activitats: 3. Fase de Fabricaci\u00f3 Durada: 8-12 setmanes (segons el material triat) Activitats: 4. Fase de Instalaci\u00f3n Duraci\u00f3n: 1-2 semanas Activitats: 5. Fase de Finalitzaci\u00f3 Durada: 1 setmana Activitats: Els [&hellip;]","og_url":"https:\/\/ainavalles.com\/ca\/propuesta-de-agenda-visual-para-el-diseno-e-instalacion-de-cocinas\/","og_site_name":"Aina Vall\u00e8s","article_publisher":"https:\/\/www.facebook.com\/people\/Aina-Valls\/100090582199736\/","article_published_time":"2024-07-09T10:08:44+00:00","article_modified_time":"2024-11-13T12:00:13+00:00","og_image":[{"width":2560,"height":1707,"url":"https:\/\/ainavalles.com\/wp-content\/uploads\/2024\/07\/pexels-jeshootscom-834892-scaled.jpg","type":"image\/jpeg"}],"author":"Aina Vall\u00e9s","twitter_card":"summary_large_image","twitter_misc":{"Escrit per":"Aina Vall\u00e9s","Temps estimat de lectura":"2 minuts"},"schema":{"@context":"https:\/\/schema.org","@graph":[{"@type":"Article","@id":"https:\/\/ainavalles.com\/ca\/propuesta-de-agenda-visual-para-el-diseno-e-instalacion-de-cocinas\/#article","isPartOf":{"@id":"https:\/\/ainavalles.com\/ca\/propuesta-de-agenda-visual-para-el-diseno-e-instalacion-de-cocinas\/"},"author":{"name":"Aina Vall\u00e9s","@id":"https:\/\/ainavalles.com\/#\/schema\/person\/66806b4f2c1fbd143b75d1a0b0cfee0b"},"headline":"Proposta d&#8217;agenda visual per al disseny i instal\u00b7laci\u00f3 de cuines","datePublished":"2024-07-09T10:08:44+00:00","dateModified":"2024-11-13T12:00:13+00:00","mainEntityOfPage":{"@id":"https:\/\/ainavalles.com\/ca\/propuesta-de-agenda-visual-para-el-diseno-e-instalacion-de-cocinas\/"},"wordCount":287,"publisher":{"@id":"https:\/\/ainavalles.com\/#organization"},"image":{"@id":"https:\/\/ainavalles.com\/ca\/propuesta-de-agenda-visual-para-el-diseno-e-instalacion-de-cocinas\/#primaryimage"},"thumbnailUrl":"https:\/\/ainavalles.com\/wp-content\/uploads\/2024\/07\/pexels-jeshootscom-834892-scaled.jpg","articleSection":["Sin categorizar"],"inLanguage":"ca"},{"@type":"WebPage","@id":"https:\/\/ainavalles.com\/ca\/propuesta-de-agenda-visual-para-el-diseno-e-instalacion-de-cocinas\/","url":"https:\/\/ainavalles.com\/ca\/propuesta-de-agenda-visual-para-el-diseno-e-instalacion-de-cocinas\/","name":"Proposta d'agenda visual per al disseny i instal\u00b7laci\u00f3 de cuines - Aina Vall\u00e8s","isPartOf":{"@id":"https:\/\/ainavalles.com\/#website"},"primaryImageOfPage":{"@id":"https:\/\/ainavalles.com\/ca\/propuesta-de-agenda-visual-para-el-diseno-e-instalacion-de-cocinas\/#primaryimage"},"image":{"@id":"https:\/\/ainavalles.com\/ca\/propuesta-de-agenda-visual-para-el-diseno-e-instalacion-de-cocinas\/#primaryimage"},"thumbnailUrl":"https:\/\/ainavalles.com\/wp-content\/uploads\/2024\/07\/pexels-jeshootscom-834892-scaled.jpg","datePublished":"2024-07-09T10:08:44+00:00","dateModified":"2024-11-13T12:00:13+00:00","breadcrumb":{"@id":"https:\/\/ainavalles.com\/ca\/propuesta-de-agenda-visual-para-el-diseno-e-instalacion-de-cocinas\/#breadcrumb"},"inLanguage":"ca","potentialAction":[{"@type":"ReadAction","target":["https:\/\/ainavalles.com\/ca\/propuesta-de-agenda-visual-para-el-diseno-e-instalacion-de-cocinas\/"]}]},{"@type":"ImageObject","inLanguage":"ca","@id":"https:\/\/ainavalles.com\/ca\/propuesta-de-agenda-visual-para-el-diseno-e-instalacion-de-cocinas\/#primaryimage","url":"https:\/\/ainavalles.com\/wp-content\/uploads\/2024\/07\/pexels-jeshootscom-834892-scaled.jpg","contentUrl":"https:\/\/ainavalles.com\/wp-content\/uploads\/2024\/07\/pexels-jeshootscom-834892-scaled.jpg","width":2560,"height":1707},{"@type":"BreadcrumbList","@id":"https:\/\/ainavalles.com\/ca\/propuesta-de-agenda-visual-para-el-diseno-e-instalacion-de-cocinas\/#breadcrumb","itemListElement":[{"@type":"ListItem","position":1,"name":"Portada","item":"https:\/\/ainavalles.com\/"},{"@type":"ListItem","position":2,"name":"Proposta d&#8217;agenda visual per al disseny i instal\u00b7laci\u00f3 de cuines"}]},{"@type":"WebSite","@id":"https:\/\/ainavalles.com\/#website","url":"https:\/\/ainavalles.com\/","name":"Aina Vall\u00e8s","description":"Interiorismo en Mallorca","publisher":{"@id":"https:\/\/ainavalles.com\/#organization"},"potentialAction":[{"@type":"SearchAction","target":{"@type":"EntryPoint","urlTemplate":"https:\/\/ainavalles.com\/?s={search_term_string}"},"query-input":{"@type":"PropertyValueSpecification","valueRequired":true,"valueName":"search_term_string"}}],"inLanguage":"ca"},{"@type":"Organization","@id":"https:\/\/ainavalles.com\/#organization","name":"Aina Vall\u00e8s","url":"https:\/\/ainavalles.com\/","logo":{"@type":"ImageObject","inLanguage":"ca","@id":"https:\/\/ainavalles.com\/#\/schema\/logo\/image\/","url":"https:\/\/ainavalles.com\/wp-content\/uploads\/2023\/09\/logo.svg","contentUrl":"https:\/\/ainavalles.com\/wp-content\/uploads\/2023\/09\/logo.svg","width":300,"height":244,"caption":"Aina Vall\u00e8s"},"image":{"@id":"https:\/\/ainavalles.com\/#\/schema\/logo\/image\/"},"sameAs":["https:\/\/www.facebook.com\/people\/Aina-Valls\/100090582199736\/","https:\/\/www.instagram.com\/aina_valles\/"]},{"@type":"Person","@id":"https:\/\/ainavalles.com\/#\/schema\/person\/66806b4f2c1fbd143b75d1a0b0cfee0b","name":"Aina Vall\u00e9s","sameAs":["https:\/\/ainavalles.com"]}]}},"_links":{"self":[{"href":"https:\/\/ainavalles.com\/ca\/wp-json\/wp\/v2\/posts\/1983","targetHints":{"allow":["GET"]}}],"collection":[{"href":"https:\/\/ainavalles.com\/ca\/wp-json\/wp\/v2\/posts"}],"about":[{"href":"https:\/\/ainavalles.com\/ca\/wp-json\/wp\/v2\/types\/post"}],"author":[{"embeddable":true,"href":"https:\/\/ainavalles.com\/ca\/wp-json\/wp\/v2\/users\/2"}],"replies":[{"embeddable":true,"href":"https:\/\/ainavalles.com\/ca\/wp-json\/wp\/v2\/comments?post=1983"}],"version-history":[{"count":2,"href":"https:\/\/ainavalles.com\/ca\/wp-json\/wp\/v2\/posts\/1983\/revisions"}],"predecessor-version":[{"id":2211,"href":"https:\/\/ainavalles.com\/ca\/wp-json\/wp\/v2\/posts\/1983\/revisions\/2211"}],"wp:featuredmedia":[{"embeddable":true,"href":"https:\/\/ainavalles.com\/ca\/wp-json\/wp\/v2\/media\/1985"}],"wp:attachment":[{"href":"https:\/\/ainavalles.com\/ca\/wp-json\/wp\/v2\/media?parent=1983"}],"wp:term":[{"taxonomy":"category","embeddable":true,"href":"https:\/\/ainavalles.com\/ca\/wp-json\/wp\/v2\/categories?post=1983"},{"taxonomy":"post_tag","embeddable":true,"href":"https:\/\/ainavalles.com\/ca\/wp-json\/wp\/v2\/tags?post=1983"}],"curies":[{"name":"wp","href":"https:\/\/api.w.org\/{rel}","templated":true}]}}