{"id":1986,"date":"2024-07-09T09:18:57","date_gmt":"2024-07-09T07:18:57","guid":{"rendered":"https:\/\/ainavalles.com\/la-importancia-del-tiempo-en-el-diseno-por-que-trabajar-con-calma-mejora-el-resultado\/"},"modified":"2024-11-14T11:10:40","modified_gmt":"2024-11-14T09:10:40","slug":"la-importancia-del-tiempo-en-el-diseno-por-que-trabajar-con-calma-mejora-el-resultado","status":"publish","type":"post","link":"https:\/\/ainavalles.com\/ca\/la-importancia-del-tiempo-en-el-diseno-por-que-trabajar-con-calma-mejora-el-resultado\/","title":{"rendered":"La import\u00e0ncia del temps en el disseny: Per qu\u00e8 treballar amb calma millora el resultat?"},"content":{"rendered":"\n<p>En el m\u00f3n del disseny d&#8217;interiors, la qualitat \u00e9s fonamental. Com interiorista especialitzada en mobiliari, s\u00e9 que cada projecte necessita dedicaci\u00f3 i temps per a aconseguir els resultats desitjats. En aquest article, vull compartir per qu\u00e8 \u00e9s essencial treballar amb calma i sense presses, i com aix\u00f2 beneficia tant al client com al projecte final.<\/p>\n\n\n\n<p><strong>La import\u00e0ncia d&#8217;un bon disseny<\/strong><\/p>\n\n\n\n<p>Un bon disseny no ocorre per casualitat. Requereix:<\/p>\n\n\n\n<ul class=\"wp-block-list\">\n<li><strong>Recerca i planificaci\u00f3<\/strong>: Con\u00e8ixer les necessitats i gustos del client.<\/li>\n\n\n\n<li><strong>Creativitat<\/strong>: Provar diferents idees i conceptes.<\/li>\n\n\n\n<li><strong>Detalls<\/strong>: Assegurar-se que cada aspecte del disseny sigui funcional i est\u00e8ticament agradable.<\/li>\n<\/ul>\n\n\n\n<p><strong>Temps per a dissenyar:<\/strong><\/p>\n\n\n\n<p>Per a crear un disseny de qualitat, \u00e9s necessari:<\/p>\n\n\n\n<ul class=\"wp-block-list\">\n<li><strong>Explorar opcions<\/strong>: No totes les idees sorgeixen immediatament. Necessitem temps per a experimentar amb diferents estils, materials i configuracions.<\/li>\n\n\n\n<li><strong>Revisi\u00f3 i ajust<\/strong>: Un disseny preliminar sempre necessita ajustos basats en la retroalimentaci\u00f3 del client i en consideracions pr\u00e0ctiques.<\/li>\n<\/ul>\n\n\n\n<p><strong>Reunions amb el Client<\/strong><\/p>\n\n\n\n<p>Les reunions amb el client s\u00f3n essencials per a:<\/p>\n\n\n\n<ul class=\"wp-block-list\">\n<li><strong>Comprendre les seves necessitats<\/strong>: Cada client \u00e9s \u00fanic, i les seves necessitats i desitjos han de reflectir-se en el disseny.<\/li>\n\n\n\n<li><strong>Revisar el progr\u00e9s<\/strong>: Mantenir al client informat i obtenir la seva opini\u00f3 en cada etapa del proc\u00e9s.<\/li>\n\n\n\n<li><strong>Ajustar detalls<\/strong>: Assegurar-se que el disseny final compleixi amb les expectatives del client.<\/li>\n<\/ul>\n\n\n\n<p><strong>Qualitat sobre quantitat<\/strong><\/p>\n\n\n\n<p>Treballar amb pressa pot portar a errors i comprometre la qualitat del projecte:<\/p>\n\n\n\n<ul class=\"wp-block-list\">\n<li><strong>Errors evitables<\/strong>: La pressi\u00f3 del temps pot fer que es passin per alt detalls importants.<\/li>\n\n\n\n<li><strong>Decisions accelerades<\/strong>: Les decisions precipitades poden resultar en un disseny que no satisf\u00e0 completament al client.<\/li>\n\n\n\n<li><strong>Satisfacci\u00f3 del client<\/strong>: Un disseny ben pensat i executat porta a clients m\u00e9s satisfets i a projectes m\u00e9s reeixits.<\/li>\n<\/ul>\n\n\n\n<p><strong>El proc\u00e9s creatiu<\/strong><\/p>\n\n\n\n<p>El disseny \u00e9s un proc\u00e9s creatiu que necessita temps per a:<\/p>\n\n\n\n<ul class=\"wp-block-list\">\n<li><strong>Inspiraci\u00f3<\/strong>: Les millors idees sovint requereixen temps per a madurar.<\/li>\n\n\n\n<li><strong>Innovaci\u00f3<\/strong>: Experimentar amb noves t\u00e8cniques i materials.<\/li>\n\n\n\n<li><strong>Perfecci\u00f3<\/strong>: Revisar i refinar el disseny fins que sigui perfecte.<\/li>\n<\/ul>\n\n\n\n<p>En Aina Vall\u00e9s, valorem la qualitat i la satisfacci\u00f3 del client per sobre de tot. Per aix\u00f2, treballem amb el temps necessari per a cada projecte, assegurant-nos que cada detall sigui perfecte i que el resultat final sigui exactament el que el client desitja. No podem treballar amb presses perqu\u00e8 creiem fermament que un bon disseny necessita temps per a desenvolupar-se i perfeccionar-se.<\/p>\n\n\n\n<p>Si est\u00e0s pensant en un nou projecte de disseny d&#8217;interiors, et convidem a contactar-nos. Junts, dedicarem el temps necessari per a crear l&#8217;espai dels teus somnis, sense presses i amb la m\u00e0xima atenci\u00f3 al detall.<\/p>\n\n\n\n<figure class=\"wp-block-image size-full\"><img fetchpriority=\"high\" decoding=\"async\" width=\"934\" height=\"1400\" src=\"https:\/\/ainavalles.com\/wp-content\/uploads\/2024\/07\/pexels-karina-zhukovskaya-6446708_logo-2.jpg\" alt=\"\" class=\"wp-image-1449\"\/><\/figure>\n\n\n\n<p><\/p>\n","protected":false},"excerpt":{"rendered":"<p>En el m\u00f3n del disseny d&#8217;interiors, la qualitat \u00e9s fonamental. Com interiorista especialitzada en mobiliari, s\u00e9 que cada projecte necessita dedicaci\u00f3 i temps per a aconseguir els resultats desitjats. En aquest article, vull compartir per qu\u00e8 \u00e9s essencial treballar amb calma i sense presses, i com aix\u00f2 beneficia tant al client com al projecte final. [&hellip;]<\/p>\n","protected":false},"author":2,"featured_media":1988,"comment_status":"closed","ping_status":"closed","sticky":false,"template":"","format":"standard","meta":{"_acf_changed":false,"footnotes":""},"categories":[17],"tags":[],"class_list":["post-1986","post","type-post","status-publish","format-standard","has-post-thumbnail","hentry","category-sin-categorizar-2"],"acf":[],"yoast_head":"<!-- This site is optimized with the Yoast SEO plugin v26.8 - https:\/\/yoast.com\/product\/yoast-seo-wordpress\/ -->\n<title>La import\u00e0ncia del temps en el disseny: Per qu\u00e8 treballar amb calma millora el resultat? - Aina Vall\u00e8s<\/title>\n<meta name=\"robots\" content=\"index, follow, max-snippet:-1, max-image-preview:large, max-video-preview:-1\" \/>\n<link rel=\"canonical\" href=\"https:\/\/ainavalles.com\/ca\/la-importancia-del-tiempo-en-el-diseno-por-que-trabajar-con-calma-mejora-el-resultado\/\" \/>\n<meta property=\"og:locale\" content=\"ca_ES\" \/>\n<meta property=\"og:type\" content=\"article\" \/>\n<meta property=\"og:title\" content=\"La import\u00e0ncia del temps en el disseny: Per qu\u00e8 treballar amb calma millora el resultat? - Aina Vall\u00e8s\" \/>\n<meta property=\"og:description\" content=\"En el m\u00f3n del disseny d&#8217;interiors, la qualitat \u00e9s fonamental. Com interiorista especialitzada en mobiliari, s\u00e9 que cada projecte necessita dedicaci\u00f3 i temps per a aconseguir els resultats desitjats. En aquest article, vull compartir per qu\u00e8 \u00e9s essencial treballar amb calma i sense presses, i com aix\u00f2 beneficia tant al client com al projecte final. [&hellip;]\" \/>\n<meta property=\"og:url\" content=\"https:\/\/ainavalles.com\/ca\/la-importancia-del-tiempo-en-el-diseno-por-que-trabajar-con-calma-mejora-el-resultado\/\" \/>\n<meta property=\"og:site_name\" content=\"Aina Vall\u00e8s\" \/>\n<meta property=\"article:publisher\" content=\"https:\/\/www.facebook.com\/people\/Aina-Valls\/100090582199736\/\" \/>\n<meta property=\"article:published_time\" content=\"2024-07-09T07:18:57+00:00\" \/>\n<meta property=\"article:modified_time\" content=\"2024-11-14T09:10:40+00:00\" \/>\n<meta property=\"og:image\" content=\"https:\/\/ainavalles.com\/wp-content\/uploads\/2024\/07\/pexels-karina-zhukovskaya-6446708_logo-1.jpg\" \/>\n\t<meta property=\"og:image:width\" content=\"5304\" \/>\n\t<meta property=\"og:image:height\" content=\"7952\" \/>\n\t<meta property=\"og:image:type\" content=\"image\/jpeg\" \/>\n<meta name=\"author\" content=\"Aina Vall\u00e9s\" \/>\n<meta name=\"twitter:card\" content=\"summary_large_image\" \/>\n<meta name=\"twitter:label1\" content=\"Escrit per\" \/>\n\t<meta name=\"twitter:data1\" content=\"Aina Vall\u00e9s\" \/>\n\t<meta name=\"twitter:label2\" content=\"Temps estimat de lectura\" \/>\n\t<meta name=\"twitter:data2\" content=\"3 minuts\" \/>\n<script type=\"application\/ld+json\" class=\"yoast-schema-graph\">{\"@context\":\"https:\/\/schema.org\",\"@graph\":[{\"@type\":\"Article\",\"@id\":\"https:\/\/ainavalles.com\/ca\/la-importancia-del-tiempo-en-el-diseno-por-que-trabajar-con-calma-mejora-el-resultado\/#article\",\"isPartOf\":{\"@id\":\"https:\/\/ainavalles.com\/ca\/la-importancia-del-tiempo-en-el-diseno-por-que-trabajar-con-calma-mejora-el-resultado\/\"},\"author\":{\"name\":\"Aina Vall\u00e9s\",\"@id\":\"https:\/\/ainavalles.com\/#\/schema\/person\/66806b4f2c1fbd143b75d1a0b0cfee0b\"},\"headline\":\"La import\u00e0ncia del temps en el disseny: Per qu\u00e8 treballar amb calma millora el resultat?\",\"datePublished\":\"2024-07-09T07:18:57+00:00\",\"dateModified\":\"2024-11-14T09:10:40+00:00\",\"mainEntityOfPage\":{\"@id\":\"https:\/\/ainavalles.com\/ca\/la-importancia-del-tiempo-en-el-diseno-por-que-trabajar-con-calma-mejora-el-resultado\/\"},\"wordCount\":451,\"publisher\":{\"@id\":\"https:\/\/ainavalles.com\/#organization\"},\"image\":{\"@id\":\"https:\/\/ainavalles.com\/ca\/la-importancia-del-tiempo-en-el-diseno-por-que-trabajar-con-calma-mejora-el-resultado\/#primaryimage\"},\"thumbnailUrl\":\"https:\/\/ainavalles.com\/wp-content\/uploads\/2024\/07\/pexels-karina-zhukovskaya-6446708_logo-1.jpg\",\"articleSection\":[\"Sin categorizar\"],\"inLanguage\":\"ca\"},{\"@type\":\"WebPage\",\"@id\":\"https:\/\/ainavalles.com\/ca\/la-importancia-del-tiempo-en-el-diseno-por-que-trabajar-con-calma-mejora-el-resultado\/\",\"url\":\"https:\/\/ainavalles.com\/ca\/la-importancia-del-tiempo-en-el-diseno-por-que-trabajar-con-calma-mejora-el-resultado\/\",\"name\":\"La import\u00e0ncia del temps en el disseny: Per qu\u00e8 treballar amb calma millora el resultat? - Aina Vall\u00e8s\",\"isPartOf\":{\"@id\":\"https:\/\/ainavalles.com\/#website\"},\"primaryImageOfPage\":{\"@id\":\"https:\/\/ainavalles.com\/ca\/la-importancia-del-tiempo-en-el-diseno-por-que-trabajar-con-calma-mejora-el-resultado\/#primaryimage\"},\"image\":{\"@id\":\"https:\/\/ainavalles.com\/ca\/la-importancia-del-tiempo-en-el-diseno-por-que-trabajar-con-calma-mejora-el-resultado\/#primaryimage\"},\"thumbnailUrl\":\"https:\/\/ainavalles.com\/wp-content\/uploads\/2024\/07\/pexels-karina-zhukovskaya-6446708_logo-1.jpg\",\"datePublished\":\"2024-07-09T07:18:57+00:00\",\"dateModified\":\"2024-11-14T09:10:40+00:00\",\"breadcrumb\":{\"@id\":\"https:\/\/ainavalles.com\/ca\/la-importancia-del-tiempo-en-el-diseno-por-que-trabajar-con-calma-mejora-el-resultado\/#breadcrumb\"},\"inLanguage\":\"ca\",\"potentialAction\":[{\"@type\":\"ReadAction\",\"target\":[\"https:\/\/ainavalles.com\/ca\/la-importancia-del-tiempo-en-el-diseno-por-que-trabajar-con-calma-mejora-el-resultado\/\"]}]},{\"@type\":\"ImageObject\",\"inLanguage\":\"ca\",\"@id\":\"https:\/\/ainavalles.com\/ca\/la-importancia-del-tiempo-en-el-diseno-por-que-trabajar-con-calma-mejora-el-resultado\/#primaryimage\",\"url\":\"https:\/\/ainavalles.com\/wp-content\/uploads\/2024\/07\/pexels-karina-zhukovskaya-6446708_logo-1.jpg\",\"contentUrl\":\"https:\/\/ainavalles.com\/wp-content\/uploads\/2024\/07\/pexels-karina-zhukovskaya-6446708_logo-1.jpg\",\"width\":5304,\"height\":7952},{\"@type\":\"BreadcrumbList\",\"@id\":\"https:\/\/ainavalles.com\/ca\/la-importancia-del-tiempo-en-el-diseno-por-que-trabajar-con-calma-mejora-el-resultado\/#breadcrumb\",\"itemListElement\":[{\"@type\":\"ListItem\",\"position\":1,\"name\":\"Portada\",\"item\":\"https:\/\/ainavalles.com\/\"},{\"@type\":\"ListItem\",\"position\":2,\"name\":\"La import\u00e0ncia del temps en el disseny: Per qu\u00e8 treballar amb calma millora el resultat?\"}]},{\"@type\":\"WebSite\",\"@id\":\"https:\/\/ainavalles.com\/#website\",\"url\":\"https:\/\/ainavalles.com\/\",\"name\":\"Aina Vall\u00e8s\",\"description\":\"Interiorismo en Mallorca\",\"publisher\":{\"@id\":\"https:\/\/ainavalles.com\/#organization\"},\"potentialAction\":[{\"@type\":\"SearchAction\",\"target\":{\"@type\":\"EntryPoint\",\"urlTemplate\":\"https:\/\/ainavalles.com\/?s={search_term_string}\"},\"query-input\":{\"@type\":\"PropertyValueSpecification\",\"valueRequired\":true,\"valueName\":\"search_term_string\"}}],\"inLanguage\":\"ca\"},{\"@type\":\"Organization\",\"@id\":\"https:\/\/ainavalles.com\/#organization\",\"name\":\"Aina Vall\u00e8s\",\"url\":\"https:\/\/ainavalles.com\/\",\"logo\":{\"@type\":\"ImageObject\",\"inLanguage\":\"ca\",\"@id\":\"https:\/\/ainavalles.com\/#\/schema\/logo\/image\/\",\"url\":\"https:\/\/ainavalles.com\/wp-content\/uploads\/2023\/09\/logo.svg\",\"contentUrl\":\"https:\/\/ainavalles.com\/wp-content\/uploads\/2023\/09\/logo.svg\",\"width\":300,\"height\":244,\"caption\":\"Aina Vall\u00e8s\"},\"image\":{\"@id\":\"https:\/\/ainavalles.com\/#\/schema\/logo\/image\/\"},\"sameAs\":[\"https:\/\/www.facebook.com\/people\/Aina-Valls\/100090582199736\/\",\"https:\/\/www.instagram.com\/aina_valles\/\"]},{\"@type\":\"Person\",\"@id\":\"https:\/\/ainavalles.com\/#\/schema\/person\/66806b4f2c1fbd143b75d1a0b0cfee0b\",\"name\":\"Aina Vall\u00e9s\",\"sameAs\":[\"https:\/\/ainavalles.com\"]}]}<\/script>\n<!-- \/ Yoast SEO plugin. -->","yoast_head_json":{"title":"La import\u00e0ncia del temps en el disseny: Per qu\u00e8 treballar amb calma millora el resultat? - Aina Vall\u00e8s","robots":{"index":"index","follow":"follow","max-snippet":"max-snippet:-1","max-image-preview":"max-image-preview:large","max-video-preview":"max-video-preview:-1"},"canonical":"https:\/\/ainavalles.com\/ca\/la-importancia-del-tiempo-en-el-diseno-por-que-trabajar-con-calma-mejora-el-resultado\/","og_locale":"ca_ES","og_type":"article","og_title":"La import\u00e0ncia del temps en el disseny: Per qu\u00e8 treballar amb calma millora el resultat? - Aina Vall\u00e8s","og_description":"En el m\u00f3n del disseny d&#8217;interiors, la qualitat \u00e9s fonamental. Com interiorista especialitzada en mobiliari, s\u00e9 que cada projecte necessita dedicaci\u00f3 i temps per a aconseguir els resultats desitjats. En aquest article, vull compartir per qu\u00e8 \u00e9s essencial treballar amb calma i sense presses, i com aix\u00f2 beneficia tant al client com al projecte final. [&hellip;]","og_url":"https:\/\/ainavalles.com\/ca\/la-importancia-del-tiempo-en-el-diseno-por-que-trabajar-con-calma-mejora-el-resultado\/","og_site_name":"Aina Vall\u00e8s","article_publisher":"https:\/\/www.facebook.com\/people\/Aina-Valls\/100090582199736\/","article_published_time":"2024-07-09T07:18:57+00:00","article_modified_time":"2024-11-14T09:10:40+00:00","og_image":[{"url":"https:\/\/ainavalles.com\/wp-content\/uploads\/2024\/07\/pexels-karina-zhukovskaya-6446708_logo-1.jpg","width":5304,"height":7952,"type":"image\/jpeg"}],"author":"Aina Vall\u00e9s","twitter_card":"summary_large_image","twitter_misc":{"Escrit per":"Aina Vall\u00e9s","Temps estimat de lectura":"3 minuts"},"schema":{"@context":"https:\/\/schema.org","@graph":[{"@type":"Article","@id":"https:\/\/ainavalles.com\/ca\/la-importancia-del-tiempo-en-el-diseno-por-que-trabajar-con-calma-mejora-el-resultado\/#article","isPartOf":{"@id":"https:\/\/ainavalles.com\/ca\/la-importancia-del-tiempo-en-el-diseno-por-que-trabajar-con-calma-mejora-el-resultado\/"},"author":{"name":"Aina Vall\u00e9s","@id":"https:\/\/ainavalles.com\/#\/schema\/person\/66806b4f2c1fbd143b75d1a0b0cfee0b"},"headline":"La import\u00e0ncia del temps en el disseny: Per qu\u00e8 treballar amb calma millora el resultat?","datePublished":"2024-07-09T07:18:57+00:00","dateModified":"2024-11-14T09:10:40+00:00","mainEntityOfPage":{"@id":"https:\/\/ainavalles.com\/ca\/la-importancia-del-tiempo-en-el-diseno-por-que-trabajar-con-calma-mejora-el-resultado\/"},"wordCount":451,"publisher":{"@id":"https:\/\/ainavalles.com\/#organization"},"image":{"@id":"https:\/\/ainavalles.com\/ca\/la-importancia-del-tiempo-en-el-diseno-por-que-trabajar-con-calma-mejora-el-resultado\/#primaryimage"},"thumbnailUrl":"https:\/\/ainavalles.com\/wp-content\/uploads\/2024\/07\/pexels-karina-zhukovskaya-6446708_logo-1.jpg","articleSection":["Sin categorizar"],"inLanguage":"ca"},{"@type":"WebPage","@id":"https:\/\/ainavalles.com\/ca\/la-importancia-del-tiempo-en-el-diseno-por-que-trabajar-con-calma-mejora-el-resultado\/","url":"https:\/\/ainavalles.com\/ca\/la-importancia-del-tiempo-en-el-diseno-por-que-trabajar-con-calma-mejora-el-resultado\/","name":"La import\u00e0ncia del temps en el disseny: Per qu\u00e8 treballar amb calma millora el resultat? - Aina Vall\u00e8s","isPartOf":{"@id":"https:\/\/ainavalles.com\/#website"},"primaryImageOfPage":{"@id":"https:\/\/ainavalles.com\/ca\/la-importancia-del-tiempo-en-el-diseno-por-que-trabajar-con-calma-mejora-el-resultado\/#primaryimage"},"image":{"@id":"https:\/\/ainavalles.com\/ca\/la-importancia-del-tiempo-en-el-diseno-por-que-trabajar-con-calma-mejora-el-resultado\/#primaryimage"},"thumbnailUrl":"https:\/\/ainavalles.com\/wp-content\/uploads\/2024\/07\/pexels-karina-zhukovskaya-6446708_logo-1.jpg","datePublished":"2024-07-09T07:18:57+00:00","dateModified":"2024-11-14T09:10:40+00:00","breadcrumb":{"@id":"https:\/\/ainavalles.com\/ca\/la-importancia-del-tiempo-en-el-diseno-por-que-trabajar-con-calma-mejora-el-resultado\/#breadcrumb"},"inLanguage":"ca","potentialAction":[{"@type":"ReadAction","target":["https:\/\/ainavalles.com\/ca\/la-importancia-del-tiempo-en-el-diseno-por-que-trabajar-con-calma-mejora-el-resultado\/"]}]},{"@type":"ImageObject","inLanguage":"ca","@id":"https:\/\/ainavalles.com\/ca\/la-importancia-del-tiempo-en-el-diseno-por-que-trabajar-con-calma-mejora-el-resultado\/#primaryimage","url":"https:\/\/ainavalles.com\/wp-content\/uploads\/2024\/07\/pexels-karina-zhukovskaya-6446708_logo-1.jpg","contentUrl":"https:\/\/ainavalles.com\/wp-content\/uploads\/2024\/07\/pexels-karina-zhukovskaya-6446708_logo-1.jpg","width":5304,"height":7952},{"@type":"BreadcrumbList","@id":"https:\/\/ainavalles.com\/ca\/la-importancia-del-tiempo-en-el-diseno-por-que-trabajar-con-calma-mejora-el-resultado\/#breadcrumb","itemListElement":[{"@type":"ListItem","position":1,"name":"Portada","item":"https:\/\/ainavalles.com\/"},{"@type":"ListItem","position":2,"name":"La import\u00e0ncia del temps en el disseny: Per qu\u00e8 treballar amb calma millora el resultat?"}]},{"@type":"WebSite","@id":"https:\/\/ainavalles.com\/#website","url":"https:\/\/ainavalles.com\/","name":"Aina Vall\u00e8s","description":"Interiorismo en Mallorca","publisher":{"@id":"https:\/\/ainavalles.com\/#organization"},"potentialAction":[{"@type":"SearchAction","target":{"@type":"EntryPoint","urlTemplate":"https:\/\/ainavalles.com\/?s={search_term_string}"},"query-input":{"@type":"PropertyValueSpecification","valueRequired":true,"valueName":"search_term_string"}}],"inLanguage":"ca"},{"@type":"Organization","@id":"https:\/\/ainavalles.com\/#organization","name":"Aina Vall\u00e8s","url":"https:\/\/ainavalles.com\/","logo":{"@type":"ImageObject","inLanguage":"ca","@id":"https:\/\/ainavalles.com\/#\/schema\/logo\/image\/","url":"https:\/\/ainavalles.com\/wp-content\/uploads\/2023\/09\/logo.svg","contentUrl":"https:\/\/ainavalles.com\/wp-content\/uploads\/2023\/09\/logo.svg","width":300,"height":244,"caption":"Aina Vall\u00e8s"},"image":{"@id":"https:\/\/ainavalles.com\/#\/schema\/logo\/image\/"},"sameAs":["https:\/\/www.facebook.com\/people\/Aina-Valls\/100090582199736\/","https:\/\/www.instagram.com\/aina_valles\/"]},{"@type":"Person","@id":"https:\/\/ainavalles.com\/#\/schema\/person\/66806b4f2c1fbd143b75d1a0b0cfee0b","name":"Aina Vall\u00e9s","sameAs":["https:\/\/ainavalles.com"]}]}},"_links":{"self":[{"href":"https:\/\/ainavalles.com\/ca\/wp-json\/wp\/v2\/posts\/1986","targetHints":{"allow":["GET"]}}],"collection":[{"href":"https:\/\/ainavalles.com\/ca\/wp-json\/wp\/v2\/posts"}],"about":[{"href":"https:\/\/ainavalles.com\/ca\/wp-json\/wp\/v2\/types\/post"}],"author":[{"embeddable":true,"href":"https:\/\/ainavalles.com\/ca\/wp-json\/wp\/v2\/users\/2"}],"replies":[{"embeddable":true,"href":"https:\/\/ainavalles.com\/ca\/wp-json\/wp\/v2\/comments?post=1986"}],"version-history":[{"count":2,"href":"https:\/\/ainavalles.com\/ca\/wp-json\/wp\/v2\/posts\/1986\/revisions"}],"predecessor-version":[{"id":2216,"href":"https:\/\/ainavalles.com\/ca\/wp-json\/wp\/v2\/posts\/1986\/revisions\/2216"}],"wp:featuredmedia":[{"embeddable":true,"href":"https:\/\/ainavalles.com\/ca\/wp-json\/wp\/v2\/media\/1988"}],"wp:attachment":[{"href":"https:\/\/ainavalles.com\/ca\/wp-json\/wp\/v2\/media?parent=1986"}],"wp:term":[{"taxonomy":"category","embeddable":true,"href":"https:\/\/ainavalles.com\/ca\/wp-json\/wp\/v2\/categories?post=1986"},{"taxonomy":"post_tag","embeddable":true,"href":"https:\/\/ainavalles.com\/ca\/wp-json\/wp\/v2\/tags?post=1986"}],"curies":[{"name":"wp","href":"https:\/\/api.w.org\/{rel}","templated":true}]}}