{"id":1999,"date":"2024-06-13T10:05:04","date_gmt":"2024-06-13T08:05:04","guid":{"rendered":"https:\/\/ainavalles.com\/guia-completa-para-la-iluminacion-general-de-tu-vivienda-focos-enrasados-en-el-techo\/"},"modified":"2024-11-15T12:58:16","modified_gmt":"2024-11-15T10:58:16","slug":"guia-completa-para-la-iluminacion-general-de-tu-vivienda-focos-enrasados-en-el-techo","status":"publish","type":"post","link":"https:\/\/ainavalles.com\/ca\/guia-completa-para-la-iluminacion-general-de-tu-vivienda-focos-enrasados-en-el-techo\/","title":{"rendered":"Guia completa per a la il\u00b7luminaci\u00f3 general del teu habitatge: focus enrasats en el sostre"},"content":{"rendered":"\n<p>La il\u00b7luminaci\u00f3 \u00e9s un element crucial en el disseny d&#8217;interiors, ja que afecta tant la funcionalitat com a l&#8217;est\u00e8tica dels espais. Una soluci\u00f3 moderna i eficient \u00e9s l&#8217;\u00fas de focus enrasats amb el sostre, que ofereixen una il\u00b7luminaci\u00f3 general uniforme i elegant. En aquest article, explorem els avantatges d&#8217;aquesta opci\u00f3 i com implementar-la en diferents estades de la teva llar.<\/p>\n\n\n\n<ol class=\"wp-block-list\">\n<li><strong>Qu\u00e8 s\u00f3n els focus enrasats?<\/strong><\/li>\n<\/ol>\n\n\n\n<ul class=\"wp-block-list\">\n<li>Els focus enrasats s\u00f3n llums encastades que s&#8217;instal\u00b7len al ras del sostre, creant una superf\u00edcie cont\u00ednua i neta.<\/li>\n\n\n\n<li>Aquest tipus d&#8217;il\u00b7luminaci\u00f3 s&#8217;integra discretament en el disseny del sostre, proporcionant una aparen\u00e7a minimalista i moderna.<\/li>\n<\/ul>\n\n\n\n<figure class=\"wp-block-image size-full\"><img fetchpriority=\"high\" decoding=\"async\" width=\"1120\" height=\"1400\" src=\"https:\/\/ainavalles.com\/wp-content\/uploads\/2024\/06\/iluminacion-Aina-Valles-6.jpg\" alt=\"\" class=\"wp-image-1327\" srcset=\"https:\/\/ainavalles.com\/wp-content\/uploads\/2024\/06\/iluminacion-Aina-Valles-6.jpg 1120w, https:\/\/ainavalles.com\/wp-content\/uploads\/2024\/06\/iluminacion-Aina-Valles-6-768x960.jpg 768w, https:\/\/ainavalles.com\/wp-content\/uploads\/2024\/06\/iluminacion-Aina-Valles-6-1229x1536.jpg 1229w, https:\/\/ainavalles.com\/wp-content\/uploads\/2024\/06\/iluminacion-Aina-Valles-6-1638x2048.jpg 1638w\" sizes=\"(max-width: 1120px) 100vw, 1120px\" \/><\/figure>\n\n\n\n<p>2. <strong>Avantatges dels focus enrasats:<\/strong><\/p>\n\n\n\n<ul class=\"wp-block-list\">\n<li><strong>Est\u00e8tica neta i minimalista<\/strong>: En estar al ras del sostre, els focus enrasats no sobresurten, la qual cosa crea un aspecte ordenat i elegant.<\/li>\n\n\n\n<li><strong>Distribuci\u00f3 uniforme de la llum<\/strong>: Permeten una distribuci\u00f3 homog\u00e8nia de la llum, evitant ombres i punts foscos en les estades.<\/li>\n\n\n\n<li><strong>Estalvi d&#8217;espai<\/strong>: Ideals per a sostres baixos o \u00e0rees on es desitja maximitzar l&#8217;altura de l&#8217;espai.<\/li>\n\n\n\n<li><strong>Versatilitat<\/strong>: Disponibles en una varietat d&#8217;estils, grand\u00e0ries i temperatures de color, la qual cosa permet personalitzar la il\u00b7luminaci\u00f3 segons les necessitats i prefer\u00e8ncies.<\/li>\n<\/ul>\n\n\n\n<figure class=\"wp-block-image size-full\"><img decoding=\"async\" width=\"1000\" height=\"1400\" src=\"https:\/\/ainavalles.com\/wp-content\/uploads\/2024\/06\/iluminacion-Aina-Valles-3-2-scaled.jpg\" alt=\"\" class=\"wp-image-1330\" srcset=\"https:\/\/ainavalles.com\/wp-content\/uploads\/2024\/06\/iluminacion-Aina-Valles-3-2-scaled.jpg 1000w, https:\/\/ainavalles.com\/wp-content\/uploads\/2024\/06\/iluminacion-Aina-Valles-3-2-768x1075.jpg 768w, https:\/\/ainavalles.com\/wp-content\/uploads\/2024\/06\/iluminacion-Aina-Valles-3-2-1097x1536.jpg 1097w, https:\/\/ainavalles.com\/wp-content\/uploads\/2024\/06\/iluminacion-Aina-Valles-3-2-1463x2048.jpg 1463w\" sizes=\"(max-width: 1000px) 100vw, 1000px\" \/><\/figure>\n\n\n\n<p>3. <strong>Recomanacions per a la instal\u00b7laci\u00f3 de focus enrasats:<\/strong><\/p>\n\n\n\n<ul class=\"wp-block-list\">\n<li><strong>Planificaci\u00f3 del disseny<\/strong>: Abans de la instal\u00b7laci\u00f3, planifica la distribuci\u00f3 dels focus per a assegurar una il\u00b7luminaci\u00f3 uniforme. Considera la funci\u00f3 de cada espai i la quantitat de llum necess\u00e0ria.<\/li>\n\n\n\n<li><strong>Espaiat adequat<\/strong>: Col\u00b7loca els focus a una dist\u00e0ncia regular per a evitar \u00e0rees mal il\u00b7luminades. Una regla general \u00e9s instal\u00b7lar-los a una dist\u00e0ncia d&#8217;1.5 a 2 metres entre si.<\/li>\n\n\n\n<li><strong>Tipus de bombetes<\/strong>: Opta per bombetes LED, ja que s\u00f3n m\u00e9s eficients energ\u00e8ticament i tenen una vida \u00fatil m\u00e9s llarga que les bombetes tradicionals.<\/li>\n\n\n\n<li><strong>Control de la intensitat<\/strong>: Instal\u00b7la dimmers (reguladors d&#8217;intensitat) per a ajustar la llum segons les activitats i crear diferents ambients.<\/li>\n<\/ul>\n\n\n\n<figure class=\"wp-block-image size-full\"><img decoding=\"async\" width=\"1920\" height=\"1275\" src=\"https:\/\/ainavalles.com\/wp-content\/uploads\/2024\/06\/iluminacion-Aina-Valles-2-2-scaled.jpg\" alt=\"\" class=\"wp-image-1332\" srcset=\"https:\/\/ainavalles.com\/wp-content\/uploads\/2024\/06\/iluminacion-Aina-Valles-2-2-scaled.jpg 1920w, https:\/\/ainavalles.com\/wp-content\/uploads\/2024\/06\/iluminacion-Aina-Valles-2-2-768x510.jpg 768w, https:\/\/ainavalles.com\/wp-content\/uploads\/2024\/06\/iluminacion-Aina-Valles-2-2-1536x1020.jpg 1536w, https:\/\/ainavalles.com\/wp-content\/uploads\/2024\/06\/iluminacion-Aina-Valles-2-2-2048x1360.jpg 2048w\" sizes=\"(max-width: 1920px) 100vw, 1920px\" \/><\/figure>\n\n\n\n<p>4. <strong>Il\u00b7luminaci\u00f3 per estades:<\/strong><\/p>\n\n\n\n<ul class=\"wp-block-list\">\n<li><strong>Sala d&#8217;estar<\/strong>: Utilitza una combinaci\u00f3 de focus enrasats i llums dempeus o taula per a crear una il\u00b7luminaci\u00f3 vers\u00e0til i acollidora.<\/li>\n\n\n\n<li><strong>Cuina<\/strong>: Els focus enrasats s\u00f3n perfectes per a il\u00b7luminar \u00e0rees de treball. Col\u00b7loca&#8217;ls sobre plaques de cocci\u00f3 i zones de preparaci\u00f3 d&#8217;aliments.<\/li>\n\n\n\n<li><strong>Dormitoris<\/strong>: Instal\u00b7la focus enrasats per a la il\u00b7luminaci\u00f3 general i complementa amb llums de nit per a una llum m\u00e9s suau i c\u00e0lida.<\/li>\n\n\n\n<li><strong>Banys<\/strong>: Assegura una il\u00b7luminaci\u00f3 brillant i uniforme amb focus enrasats, especialment al voltant del mirall per a tasques de neteja personal.<\/li>\n\n\n\n<li><strong>Passadissos i zones de tr\u00e0nsit<\/strong>: Els focus enrasats proporcionen una il\u00b7luminaci\u00f3 uniforme i segura en \u00e0rees de pas.<\/li>\n<\/ul>\n\n\n\n<figure class=\"wp-block-image size-full\"><img loading=\"lazy\" decoding=\"async\" width=\"1920\" height=\"1280\" src=\"https:\/\/ainavalles.com\/wp-content\/uploads\/2024\/06\/Iluminacion-Aina-VAlles-4-2-scaled.jpg\" alt=\"\" class=\"wp-image-1336\" srcset=\"https:\/\/ainavalles.com\/wp-content\/uploads\/2024\/06\/Iluminacion-Aina-VAlles-4-2-scaled.jpg 1920w, https:\/\/ainavalles.com\/wp-content\/uploads\/2024\/06\/Iluminacion-Aina-VAlles-4-2-768x512.jpg 768w, https:\/\/ainavalles.com\/wp-content\/uploads\/2024\/06\/Iluminacion-Aina-VAlles-4-2-1536x1024.jpg 1536w, https:\/\/ainavalles.com\/wp-content\/uploads\/2024\/06\/Iluminacion-Aina-VAlles-4-2-2048x1365.jpg 2048w\" sizes=\"(max-width: 1920px) 100vw, 1920px\" \/><\/figure>\n\n\n\n<p>5. <strong>Consells addicionals:<\/strong><\/p>\n\n\n\n<ul class=\"wp-block-list\">\n<li><strong>Considera la temperatura de color<\/strong>: La llum blanca c\u00e0lida (2700-3000K) \u00e9s ideal per a \u00e0rees de descans, mentre que la llum blanca freda (3500-4000K) \u00e9s millor per a espais de treball.<\/li>\n\n\n\n<li><strong>\u00das de sensors<\/strong>: En \u00e0rees com a passadissos i banys, els sensors de moviment poden millorar l&#8217;efici\u00e8ncia energ\u00e8tica en encendre les llums nom\u00e9s quan es necessitin.<\/li>\n\n\n\n<li><strong>Manteniment regular<\/strong>: Neta els focus enrasats peri\u00f2dicament per a assegurar una il\u00b7luminaci\u00f3 \u00f2ptima i evitar l&#8217;acumulaci\u00f3 de pols. \u00a0 \u00a0 <\/li>\n<\/ul>\n\n\n\n<p>La il\u00b7luminaci\u00f3 adequada transforma qualsevol espai, i els focus enrasats en el sostre s\u00f3n una opci\u00f3 excel\u00b7lent per a aconseguir una llum uniforme i est\u00e8tica. Amb una planificaci\u00f3 acurada i l&#8217;elecci\u00f3 dels productes correctes, pots crear un ambient acollidor, funcional i elegant en la teva llar.<\/p>\n\n\n\n<p><\/p>\n\n\n\n<p><\/p>\n","protected":false},"excerpt":{"rendered":"<p>La il\u00b7luminaci\u00f3 \u00e9s un element crucial en el disseny d&#8217;interiors, ja que afecta tant la funcionalitat com a l&#8217;est\u00e8tica dels espais. Una soluci\u00f3 moderna i eficient \u00e9s l&#8217;\u00fas de focus enrasats amb el sostre, que ofereixen una il\u00b7luminaci\u00f3 general uniforme i elegant. En aquest article, explorem els avantatges d&#8217;aquesta opci\u00f3 i com implementar-la en diferents [&hellip;]<\/p>\n","protected":false},"author":2,"featured_media":2001,"comment_status":"closed","ping_status":"closed","sticky":false,"template":"","format":"standard","meta":{"_acf_changed":false,"footnotes":""},"categories":[17],"tags":[],"class_list":["post-1999","post","type-post","status-publish","format-standard","has-post-thumbnail","hentry","category-sin-categorizar-2"],"acf":[],"yoast_head":"<!-- This site is optimized with the Yoast SEO plugin v26.8 - https:\/\/yoast.com\/product\/yoast-seo-wordpress\/ -->\n<title>Guia completa per a la il\u00b7luminaci\u00f3 general del teu habitatge: focus enrasats en el sostre - Aina Vall\u00e8s<\/title>\n<meta name=\"robots\" content=\"index, follow, max-snippet:-1, max-image-preview:large, max-video-preview:-1\" \/>\n<link rel=\"canonical\" href=\"https:\/\/ainavalles.com\/ca\/guia-completa-para-la-iluminacion-general-de-tu-vivienda-focos-enrasados-en-el-techo\/\" \/>\n<meta property=\"og:locale\" content=\"ca_ES\" \/>\n<meta property=\"og:type\" content=\"article\" \/>\n<meta property=\"og:title\" content=\"Guia completa per a la il\u00b7luminaci\u00f3 general del teu habitatge: focus enrasats en el sostre - Aina Vall\u00e8s\" \/>\n<meta property=\"og:description\" content=\"La il\u00b7luminaci\u00f3 \u00e9s un element crucial en el disseny d&#8217;interiors, ja que afecta tant la funcionalitat com a l&#8217;est\u00e8tica dels espais. Una soluci\u00f3 moderna i eficient \u00e9s l&#8217;\u00fas de focus enrasats amb el sostre, que ofereixen una il\u00b7luminaci\u00f3 general uniforme i elegant. En aquest article, explorem els avantatges d&#8217;aquesta opci\u00f3 i com implementar-la en diferents [&hellip;]\" \/>\n<meta property=\"og:url\" content=\"https:\/\/ainavalles.com\/ca\/guia-completa-para-la-iluminacion-general-de-tu-vivienda-focos-enrasados-en-el-techo\/\" \/>\n<meta property=\"og:site_name\" content=\"Aina Vall\u00e8s\" \/>\n<meta property=\"article:publisher\" content=\"https:\/\/www.facebook.com\/people\/Aina-Valls\/100090582199736\/\" \/>\n<meta property=\"article:published_time\" content=\"2024-06-13T08:05:04+00:00\" \/>\n<meta property=\"article:modified_time\" content=\"2024-11-15T10:58:16+00:00\" \/>\n<meta property=\"og:image\" content=\"https:\/\/ainavalles.com\/wp-content\/uploads\/2024\/06\/Iluminacion-Aina-Valles-5-1-scaled.jpg\" \/>\n\t<meta property=\"og:image:width\" content=\"2560\" \/>\n\t<meta property=\"og:image:height\" content=\"1441\" \/>\n\t<meta property=\"og:image:type\" content=\"image\/jpeg\" \/>\n<meta name=\"author\" content=\"Aina Vall\u00e9s\" \/>\n<meta name=\"twitter:card\" content=\"summary_large_image\" \/>\n<meta name=\"twitter:label1\" content=\"Escrit per\" \/>\n\t<meta name=\"twitter:data1\" content=\"Aina Vall\u00e9s\" \/>\n\t<meta name=\"twitter:label2\" content=\"Temps estimat de lectura\" \/>\n\t<meta name=\"twitter:data2\" content=\"4 minuts\" \/>\n<script type=\"application\/ld+json\" class=\"yoast-schema-graph\">{\"@context\":\"https:\/\/schema.org\",\"@graph\":[{\"@type\":\"Article\",\"@id\":\"https:\/\/ainavalles.com\/ca\/guia-completa-para-la-iluminacion-general-de-tu-vivienda-focos-enrasados-en-el-techo\/#article\",\"isPartOf\":{\"@id\":\"https:\/\/ainavalles.com\/ca\/guia-completa-para-la-iluminacion-general-de-tu-vivienda-focos-enrasados-en-el-techo\/\"},\"author\":{\"name\":\"Aina Vall\u00e9s\",\"@id\":\"https:\/\/ainavalles.com\/#\/schema\/person\/66806b4f2c1fbd143b75d1a0b0cfee0b\"},\"headline\":\"Guia completa per a la il\u00b7luminaci\u00f3 general del teu habitatge: focus enrasats en el sostre\",\"datePublished\":\"2024-06-13T08:05:04+00:00\",\"dateModified\":\"2024-11-15T10:58:16+00:00\",\"mainEntityOfPage\":{\"@id\":\"https:\/\/ainavalles.com\/ca\/guia-completa-para-la-iluminacion-general-de-tu-vivienda-focos-enrasados-en-el-techo\/\"},\"wordCount\":615,\"publisher\":{\"@id\":\"https:\/\/ainavalles.com\/#organization\"},\"image\":{\"@id\":\"https:\/\/ainavalles.com\/ca\/guia-completa-para-la-iluminacion-general-de-tu-vivienda-focos-enrasados-en-el-techo\/#primaryimage\"},\"thumbnailUrl\":\"https:\/\/ainavalles.com\/wp-content\/uploads\/2024\/06\/Iluminacion-Aina-Valles-5-1-scaled.jpg\",\"articleSection\":[\"Sin categorizar\"],\"inLanguage\":\"ca\"},{\"@type\":\"WebPage\",\"@id\":\"https:\/\/ainavalles.com\/ca\/guia-completa-para-la-iluminacion-general-de-tu-vivienda-focos-enrasados-en-el-techo\/\",\"url\":\"https:\/\/ainavalles.com\/ca\/guia-completa-para-la-iluminacion-general-de-tu-vivienda-focos-enrasados-en-el-techo\/\",\"name\":\"Guia completa per a la il\u00b7luminaci\u00f3 general del teu habitatge: focus enrasats en el sostre - Aina Vall\u00e8s\",\"isPartOf\":{\"@id\":\"https:\/\/ainavalles.com\/#website\"},\"primaryImageOfPage\":{\"@id\":\"https:\/\/ainavalles.com\/ca\/guia-completa-para-la-iluminacion-general-de-tu-vivienda-focos-enrasados-en-el-techo\/#primaryimage\"},\"image\":{\"@id\":\"https:\/\/ainavalles.com\/ca\/guia-completa-para-la-iluminacion-general-de-tu-vivienda-focos-enrasados-en-el-techo\/#primaryimage\"},\"thumbnailUrl\":\"https:\/\/ainavalles.com\/wp-content\/uploads\/2024\/06\/Iluminacion-Aina-Valles-5-1-scaled.jpg\",\"datePublished\":\"2024-06-13T08:05:04+00:00\",\"dateModified\":\"2024-11-15T10:58:16+00:00\",\"breadcrumb\":{\"@id\":\"https:\/\/ainavalles.com\/ca\/guia-completa-para-la-iluminacion-general-de-tu-vivienda-focos-enrasados-en-el-techo\/#breadcrumb\"},\"inLanguage\":\"ca\",\"potentialAction\":[{\"@type\":\"ReadAction\",\"target\":[\"https:\/\/ainavalles.com\/ca\/guia-completa-para-la-iluminacion-general-de-tu-vivienda-focos-enrasados-en-el-techo\/\"]}]},{\"@type\":\"ImageObject\",\"inLanguage\":\"ca\",\"@id\":\"https:\/\/ainavalles.com\/ca\/guia-completa-para-la-iluminacion-general-de-tu-vivienda-focos-enrasados-en-el-techo\/#primaryimage\",\"url\":\"https:\/\/ainavalles.com\/wp-content\/uploads\/2024\/06\/Iluminacion-Aina-Valles-5-1-scaled.jpg\",\"contentUrl\":\"https:\/\/ainavalles.com\/wp-content\/uploads\/2024\/06\/Iluminacion-Aina-Valles-5-1-scaled.jpg\",\"width\":2560,\"height\":1441},{\"@type\":\"BreadcrumbList\",\"@id\":\"https:\/\/ainavalles.com\/ca\/guia-completa-para-la-iluminacion-general-de-tu-vivienda-focos-enrasados-en-el-techo\/#breadcrumb\",\"itemListElement\":[{\"@type\":\"ListItem\",\"position\":1,\"name\":\"Portada\",\"item\":\"https:\/\/ainavalles.com\/\"},{\"@type\":\"ListItem\",\"position\":2,\"name\":\"Guia completa per a la il\u00b7luminaci\u00f3 general del teu habitatge: focus enrasats en el sostre\"}]},{\"@type\":\"WebSite\",\"@id\":\"https:\/\/ainavalles.com\/#website\",\"url\":\"https:\/\/ainavalles.com\/\",\"name\":\"Aina Vall\u00e8s\",\"description\":\"Interiorismo en Mallorca\",\"publisher\":{\"@id\":\"https:\/\/ainavalles.com\/#organization\"},\"potentialAction\":[{\"@type\":\"SearchAction\",\"target\":{\"@type\":\"EntryPoint\",\"urlTemplate\":\"https:\/\/ainavalles.com\/?s={search_term_string}\"},\"query-input\":{\"@type\":\"PropertyValueSpecification\",\"valueRequired\":true,\"valueName\":\"search_term_string\"}}],\"inLanguage\":\"ca\"},{\"@type\":\"Organization\",\"@id\":\"https:\/\/ainavalles.com\/#organization\",\"name\":\"Aina Vall\u00e8s\",\"url\":\"https:\/\/ainavalles.com\/\",\"logo\":{\"@type\":\"ImageObject\",\"inLanguage\":\"ca\",\"@id\":\"https:\/\/ainavalles.com\/#\/schema\/logo\/image\/\",\"url\":\"https:\/\/ainavalles.com\/wp-content\/uploads\/2023\/09\/logo.svg\",\"contentUrl\":\"https:\/\/ainavalles.com\/wp-content\/uploads\/2023\/09\/logo.svg\",\"width\":300,\"height\":244,\"caption\":\"Aina Vall\u00e8s\"},\"image\":{\"@id\":\"https:\/\/ainavalles.com\/#\/schema\/logo\/image\/\"},\"sameAs\":[\"https:\/\/www.facebook.com\/people\/Aina-Valls\/100090582199736\/\",\"https:\/\/www.instagram.com\/aina_valles\/\"]},{\"@type\":\"Person\",\"@id\":\"https:\/\/ainavalles.com\/#\/schema\/person\/66806b4f2c1fbd143b75d1a0b0cfee0b\",\"name\":\"Aina Vall\u00e9s\",\"sameAs\":[\"https:\/\/ainavalles.com\"]}]}<\/script>\n<!-- \/ Yoast SEO plugin. -->","yoast_head_json":{"title":"Guia completa per a la il\u00b7luminaci\u00f3 general del teu habitatge: focus enrasats en el sostre - Aina Vall\u00e8s","robots":{"index":"index","follow":"follow","max-snippet":"max-snippet:-1","max-image-preview":"max-image-preview:large","max-video-preview":"max-video-preview:-1"},"canonical":"https:\/\/ainavalles.com\/ca\/guia-completa-para-la-iluminacion-general-de-tu-vivienda-focos-enrasados-en-el-techo\/","og_locale":"ca_ES","og_type":"article","og_title":"Guia completa per a la il\u00b7luminaci\u00f3 general del teu habitatge: focus enrasats en el sostre - Aina Vall\u00e8s","og_description":"La il\u00b7luminaci\u00f3 \u00e9s un element crucial en el disseny d&#8217;interiors, ja que afecta tant la funcionalitat com a l&#8217;est\u00e8tica dels espais. Una soluci\u00f3 moderna i eficient \u00e9s l&#8217;\u00fas de focus enrasats amb el sostre, que ofereixen una il\u00b7luminaci\u00f3 general uniforme i elegant. En aquest article, explorem els avantatges d&#8217;aquesta opci\u00f3 i com implementar-la en diferents [&hellip;]","og_url":"https:\/\/ainavalles.com\/ca\/guia-completa-para-la-iluminacion-general-de-tu-vivienda-focos-enrasados-en-el-techo\/","og_site_name":"Aina Vall\u00e8s","article_publisher":"https:\/\/www.facebook.com\/people\/Aina-Valls\/100090582199736\/","article_published_time":"2024-06-13T08:05:04+00:00","article_modified_time":"2024-11-15T10:58:16+00:00","og_image":[{"width":2560,"height":1441,"url":"https:\/\/ainavalles.com\/wp-content\/uploads\/2024\/06\/Iluminacion-Aina-Valles-5-1-scaled.jpg","type":"image\/jpeg"}],"author":"Aina Vall\u00e9s","twitter_card":"summary_large_image","twitter_misc":{"Escrit per":"Aina Vall\u00e9s","Temps estimat de lectura":"4 minuts"},"schema":{"@context":"https:\/\/schema.org","@graph":[{"@type":"Article","@id":"https:\/\/ainavalles.com\/ca\/guia-completa-para-la-iluminacion-general-de-tu-vivienda-focos-enrasados-en-el-techo\/#article","isPartOf":{"@id":"https:\/\/ainavalles.com\/ca\/guia-completa-para-la-iluminacion-general-de-tu-vivienda-focos-enrasados-en-el-techo\/"},"author":{"name":"Aina Vall\u00e9s","@id":"https:\/\/ainavalles.com\/#\/schema\/person\/66806b4f2c1fbd143b75d1a0b0cfee0b"},"headline":"Guia completa per a la il\u00b7luminaci\u00f3 general del teu habitatge: focus enrasats en el sostre","datePublished":"2024-06-13T08:05:04+00:00","dateModified":"2024-11-15T10:58:16+00:00","mainEntityOfPage":{"@id":"https:\/\/ainavalles.com\/ca\/guia-completa-para-la-iluminacion-general-de-tu-vivienda-focos-enrasados-en-el-techo\/"},"wordCount":615,"publisher":{"@id":"https:\/\/ainavalles.com\/#organization"},"image":{"@id":"https:\/\/ainavalles.com\/ca\/guia-completa-para-la-iluminacion-general-de-tu-vivienda-focos-enrasados-en-el-techo\/#primaryimage"},"thumbnailUrl":"https:\/\/ainavalles.com\/wp-content\/uploads\/2024\/06\/Iluminacion-Aina-Valles-5-1-scaled.jpg","articleSection":["Sin categorizar"],"inLanguage":"ca"},{"@type":"WebPage","@id":"https:\/\/ainavalles.com\/ca\/guia-completa-para-la-iluminacion-general-de-tu-vivienda-focos-enrasados-en-el-techo\/","url":"https:\/\/ainavalles.com\/ca\/guia-completa-para-la-iluminacion-general-de-tu-vivienda-focos-enrasados-en-el-techo\/","name":"Guia completa per a la il\u00b7luminaci\u00f3 general del teu habitatge: focus enrasats en el sostre - Aina Vall\u00e8s","isPartOf":{"@id":"https:\/\/ainavalles.com\/#website"},"primaryImageOfPage":{"@id":"https:\/\/ainavalles.com\/ca\/guia-completa-para-la-iluminacion-general-de-tu-vivienda-focos-enrasados-en-el-techo\/#primaryimage"},"image":{"@id":"https:\/\/ainavalles.com\/ca\/guia-completa-para-la-iluminacion-general-de-tu-vivienda-focos-enrasados-en-el-techo\/#primaryimage"},"thumbnailUrl":"https:\/\/ainavalles.com\/wp-content\/uploads\/2024\/06\/Iluminacion-Aina-Valles-5-1-scaled.jpg","datePublished":"2024-06-13T08:05:04+00:00","dateModified":"2024-11-15T10:58:16+00:00","breadcrumb":{"@id":"https:\/\/ainavalles.com\/ca\/guia-completa-para-la-iluminacion-general-de-tu-vivienda-focos-enrasados-en-el-techo\/#breadcrumb"},"inLanguage":"ca","potentialAction":[{"@type":"ReadAction","target":["https:\/\/ainavalles.com\/ca\/guia-completa-para-la-iluminacion-general-de-tu-vivienda-focos-enrasados-en-el-techo\/"]}]},{"@type":"ImageObject","inLanguage":"ca","@id":"https:\/\/ainavalles.com\/ca\/guia-completa-para-la-iluminacion-general-de-tu-vivienda-focos-enrasados-en-el-techo\/#primaryimage","url":"https:\/\/ainavalles.com\/wp-content\/uploads\/2024\/06\/Iluminacion-Aina-Valles-5-1-scaled.jpg","contentUrl":"https:\/\/ainavalles.com\/wp-content\/uploads\/2024\/06\/Iluminacion-Aina-Valles-5-1-scaled.jpg","width":2560,"height":1441},{"@type":"BreadcrumbList","@id":"https:\/\/ainavalles.com\/ca\/guia-completa-para-la-iluminacion-general-de-tu-vivienda-focos-enrasados-en-el-techo\/#breadcrumb","itemListElement":[{"@type":"ListItem","position":1,"name":"Portada","item":"https:\/\/ainavalles.com\/"},{"@type":"ListItem","position":2,"name":"Guia completa per a la il\u00b7luminaci\u00f3 general del teu habitatge: focus enrasats en el sostre"}]},{"@type":"WebSite","@id":"https:\/\/ainavalles.com\/#website","url":"https:\/\/ainavalles.com\/","name":"Aina Vall\u00e8s","description":"Interiorismo en Mallorca","publisher":{"@id":"https:\/\/ainavalles.com\/#organization"},"potentialAction":[{"@type":"SearchAction","target":{"@type":"EntryPoint","urlTemplate":"https:\/\/ainavalles.com\/?s={search_term_string}"},"query-input":{"@type":"PropertyValueSpecification","valueRequired":true,"valueName":"search_term_string"}}],"inLanguage":"ca"},{"@type":"Organization","@id":"https:\/\/ainavalles.com\/#organization","name":"Aina Vall\u00e8s","url":"https:\/\/ainavalles.com\/","logo":{"@type":"ImageObject","inLanguage":"ca","@id":"https:\/\/ainavalles.com\/#\/schema\/logo\/image\/","url":"https:\/\/ainavalles.com\/wp-content\/uploads\/2023\/09\/logo.svg","contentUrl":"https:\/\/ainavalles.com\/wp-content\/uploads\/2023\/09\/logo.svg","width":300,"height":244,"caption":"Aina Vall\u00e8s"},"image":{"@id":"https:\/\/ainavalles.com\/#\/schema\/logo\/image\/"},"sameAs":["https:\/\/www.facebook.com\/people\/Aina-Valls\/100090582199736\/","https:\/\/www.instagram.com\/aina_valles\/"]},{"@type":"Person","@id":"https:\/\/ainavalles.com\/#\/schema\/person\/66806b4f2c1fbd143b75d1a0b0cfee0b","name":"Aina Vall\u00e9s","sameAs":["https:\/\/ainavalles.com"]}]}},"_links":{"self":[{"href":"https:\/\/ainavalles.com\/ca\/wp-json\/wp\/v2\/posts\/1999","targetHints":{"allow":["GET"]}}],"collection":[{"href":"https:\/\/ainavalles.com\/ca\/wp-json\/wp\/v2\/posts"}],"about":[{"href":"https:\/\/ainavalles.com\/ca\/wp-json\/wp\/v2\/types\/post"}],"author":[{"embeddable":true,"href":"https:\/\/ainavalles.com\/ca\/wp-json\/wp\/v2\/users\/2"}],"replies":[{"embeddable":true,"href":"https:\/\/ainavalles.com\/ca\/wp-json\/wp\/v2\/comments?post=1999"}],"version-history":[{"count":2,"href":"https:\/\/ainavalles.com\/ca\/wp-json\/wp\/v2\/posts\/1999\/revisions"}],"predecessor-version":[{"id":2227,"href":"https:\/\/ainavalles.com\/ca\/wp-json\/wp\/v2\/posts\/1999\/revisions\/2227"}],"wp:featuredmedia":[{"embeddable":true,"href":"https:\/\/ainavalles.com\/ca\/wp-json\/wp\/v2\/media\/2001"}],"wp:attachment":[{"href":"https:\/\/ainavalles.com\/ca\/wp-json\/wp\/v2\/media?parent=1999"}],"wp:term":[{"taxonomy":"category","embeddable":true,"href":"https:\/\/ainavalles.com\/ca\/wp-json\/wp\/v2\/categories?post=1999"},{"taxonomy":"post_tag","embeddable":true,"href":"https:\/\/ainavalles.com\/ca\/wp-json\/wp\/v2\/tags?post=1999"}],"curies":[{"name":"wp","href":"https:\/\/api.w.org\/{rel}","templated":true}]}}