{"id":2006,"date":"2024-01-02T14:03:31","date_gmt":"2024-01-02T12:03:31","guid":{"rendered":"https:\/\/ainavalles.com\/la-magia-del-orden-guia-para-disenar-y-organizar-tu-espacio-inspirada-en-marie-kondo\/"},"modified":"2024-11-18T10:32:55","modified_gmt":"2024-11-18T08:32:55","slug":"la-magia-del-orden-guia-para-disenar-y-organizar-tu-espacio-inspirada-en-marie-kondo","status":"publish","type":"post","link":"https:\/\/ainavalles.com\/ca\/la-magia-del-orden-guia-para-disenar-y-organizar-tu-espacio-inspirada-en-marie-kondo\/","title":{"rendered":"&#8220;La m\u00e0gia de l&#8217;ordre: guia per a dissenyar i organitzar el teu espai&#8221;"},"content":{"rendered":"\n<p>En dissenyar qualsevol estada d&#8217;un habitatge, m&#8217;agrada tenir en compte que \u00e9s el que realment requereix el client. Perqu\u00e8 necessita un moble en cada estada i que vol guardar en aquest moble. D&#8217;aquesta manera no generem espais que no s\u00f3n necessaris i que no requerim realment per a cobrir una necessitat.<\/p>\n\n\n\n<p>Descobreix com l&#8217;art de l&#8217;ordre pot transformar la teva llar en un espai harmoni\u00f3s i funcional. Aquesta guia t&#8217;ajudar\u00e0 a aplicar principis clau d&#8217;organitzaci\u00f3 i disseny per a crear un ambient que no sols sigui est\u00e8ticament agradable, sin\u00f3 que tamb\u00e9 respiri tranquil\u00b7litat i prop\u00f2sit.<\/p>\n\n\n\n<p>En el nostre equip podem ajudar-te a aplicar tot aix\u00f2 de manera personalitzada, si requereixes d&#8217;una Organitzadora Professional perqu\u00e8 vingui al teu habitatge i personalment et vaig guiar en cada detall del teu habitatge, nosaltres tenim en el nostre equip a Cristina *Crespi, especialitzada en Organitzaci\u00f3 i Ordre, Cristina ajudar-te en qualsevol espai de la teva llar o zona de treball. Juntes formem un gran equip!<\/p>\n\n\n\n<figure class=\"wp-block-image size-full\"><img fetchpriority=\"high\" decoding=\"async\" width=\"2000\" height=\"1545\" src=\"https:\/\/ainavalles.com\/wp-content\/uploads\/2024\/01\/20231227_144922_0000.png\" alt=\"\" class=\"wp-image-1215\" srcset=\"https:\/\/ainavalles.com\/wp-content\/uploads\/2024\/01\/20231227_144922_0000.png 2000w, https:\/\/ainavalles.com\/wp-content\/uploads\/2024\/01\/20231227_144922_0000-768x593.png 768w, https:\/\/ainavalles.com\/wp-content\/uploads\/2024\/01\/20231227_144922_0000-1536x1187.png 1536w\" sizes=\"(max-width: 2000px) 100vw, 2000px\" \/><\/figure>\n\n\n\n<figure class=\"wp-block-image size-full\"><img decoding=\"async\" width=\"2000\" height=\"1545\" src=\"https:\/\/ainavalles.com\/wp-content\/uploads\/2024\/01\/20231227_144922_0001.png\" alt=\"\" class=\"wp-image-1217\" srcset=\"https:\/\/ainavalles.com\/wp-content\/uploads\/2024\/01\/20231227_144922_0001.png 2000w, https:\/\/ainavalles.com\/wp-content\/uploads\/2024\/01\/20231227_144922_0001-768x593.png 768w, https:\/\/ainavalles.com\/wp-content\/uploads\/2024\/01\/20231227_144922_0001-1536x1187.png 1536w\" sizes=\"(max-width: 2000px) 100vw, 2000px\" \/><\/figure>\n\n\n\n<p>Aquests s\u00f3n per a nosaltres segons els principis de l&#8217;Organitzaci\u00f3 i Ordre, els punts a tenir en compte.<\/p>\n\n\n\n<p><strong>La Import\u00e0ncia de la Intenci\u00f3:<\/strong><\/p>\n\n\n\n<ul class=\"wp-block-list\">\n<li>Abans de dissenyar un espai, \u00e9s important reflexionar sobre el prop\u00f2sit que desitges que compleixi. \u00c9s una \u00e0rea per a relaxar-te, treballar o socialitzar?<\/li>\n\n\n\n<li>Aplica la filosofia de l&#8217;Organitzaci\u00f3 i Ordre: conserva nom\u00e9s el que et fa feli\u00e7 i t\u00e9 un prop\u00f2sit clar en la teva vida. Si no ho necessites, segurament acabava ocupant un espai innecessari.<\/li>\n<\/ul>\n\n\n\n<p><strong>Simplifica els Espais:<\/strong><\/p>\n\n\n\n<ul class=\"wp-block-list\">\n<li>Elimina l&#8217;exc\u00e9s: desf\u00e9s-te d&#8217;objectes i mobles innecessaris que no aporten valor o alegria a la teva vida.<\/li>\n\n\n\n<li>Aplica el m\u00e8tode per a organitzar categories espec\u00edfiques d&#8217;objectes.<\/li>\n\n\n\n<li>D&#8217;aquesta manera, ens quedem el que de veritat necessitem i ens promou els cinc sentits.<\/li>\n<\/ul>\n\n\n\n<figure class=\"wp-block-image size-full\"><img decoding=\"async\" width=\"1640\" height=\"1400\" src=\"https:\/\/ainavalles.com\/wp-content\/uploads\/2024\/01\/mk-s-WXhBCm3qbsQ-unsplash-scaled.jpg\" alt=\"\" class=\"wp-image-1221\" srcset=\"https:\/\/ainavalles.com\/wp-content\/uploads\/2024\/01\/mk-s-WXhBCm3qbsQ-unsplash-scaled.jpg 1640w, https:\/\/ainavalles.com\/wp-content\/uploads\/2024\/01\/mk-s-WXhBCm3qbsQ-unsplash-768x656.jpg 768w, https:\/\/ainavalles.com\/wp-content\/uploads\/2024\/01\/mk-s-WXhBCm3qbsQ-unsplash-1536x1311.jpg 1536w, https:\/\/ainavalles.com\/wp-content\/uploads\/2024\/01\/mk-s-WXhBCm3qbsQ-unsplash-2048x1748.jpg 2048w\" sizes=\"(max-width: 1640px) 100vw, 1640px\" \/><\/figure>\n\n\n\n<p><strong>Disseny funcional:<\/strong><\/p>\n\n\n\n<ul class=\"wp-block-list\">\n<li>Organiza tu espacio de manera que cada elemento tenga una funci\u00f3n espec\u00edfica y contribuya al prop\u00f3sito general del \u00e1rea.<\/li>\n\n\n\n<li>Considera la flexibilidad en el dise\u00f1o para adaptarte a las diferentes actividades que puedan surgir.<\/li>\n<\/ul>\n\n\n\n<p><strong>Emmagatzematge efectiu:<\/strong><\/p>\n\n\n\n<ul class=\"wp-block-list\">\n<li>Utilitza solucions d&#8217;emmagatzematge intel\u00b7ligents, com a prestatgeries modulars, caixes organitzadores i mobles amb capacitat d&#8217;emmagatzematge incorporada.<\/li>\n\n\n\n<li>Crea zones d&#8217;emmagatzematge espec\u00edfiques per a diferents categories d&#8217;objectes.<\/li>\n<\/ul>\n\n\n\n<p><strong>La m\u00e0gia del doblegat:<\/strong><\/p>\n\n\n\n<ul class=\"wp-block-list\">\n<li>Apr\u00e8n el m\u00e8tode de doblegat de Marie Kondo per a maximitzar l&#8217;espai en els calaixos i crear una aparen\u00e7a ordenada.<\/li>\n\n\n\n<li>Organitza la roba i altres t\u00e8xtils de manera vertical per a facilitar la identificaci\u00f3 i acc\u00e9s.<\/li>\n<\/ul>\n\n\n\n<p><strong>Flu\u00efdesa en el disseny:<\/strong><\/p>\n\n\n\n<ul class=\"wp-block-list\">\n<li>Crea una transici\u00f3 harmoniosa entre espais connectats per a fomentar la cohesi\u00f3 en el disseny de tot l&#8217;habitatge.<\/li>\n\n\n\n<li>Utilitza colors i materials consistents per a mantenir una est\u00e8tica fluida.<\/li>\n<\/ul>\n\n\n\n<p><strong>Manteniment i reavaluaci\u00f3:<\/strong><\/p>\n\n\n\n<ul class=\"wp-block-list\">\n<li>Programa revisions regulars per a avaluar si els objectes i el disseny actual continuen sent rellevants i funcionals.<\/li>\n\n\n\n<li>Ajusta i millora segons sigui necessari per a adaptar-te a canvis en el teu estil de vida.<\/li>\n<\/ul>\n\n\n\n<p>Descobreix l&#8217;alegria i la serenitat que provenen d&#8217;una llar organitzada i dissenyada amb prop\u00f2sit. Aplicar aquests tips et permetr\u00e0 crear un espai que reflecteixi el teu estil de vida i te de veritable benestar.<\/p>\n\n\n\n<p>Et recomano aquesta web per a tenir elements per a organitzar b\u00e9 els espais a l&#8217;interior: https:\/\/pepapaper.com\/categoria\/cajas\/pon-orden\/<\/p>\n\n\n\n<p><\/p>\n","protected":false},"excerpt":{"rendered":"<p>En dissenyar qualsevol estada d&#8217;un habitatge, m&#8217;agrada tenir en compte que \u00e9s el que realment requereix el client. Perqu\u00e8 necessita un moble en cada estada i que vol guardar en aquest moble. D&#8217;aquesta manera no generem espais que no s\u00f3n necessaris i que no requerim realment per a cobrir una necessitat. Descobreix com l&#8217;art de [&hellip;]<\/p>\n","protected":false},"author":2,"featured_media":2008,"comment_status":"closed","ping_status":"closed","sticky":false,"template":"","format":"standard","meta":{"_acf_changed":false,"footnotes":""},"categories":[24],"tags":[],"class_list":["post-2006","post","type-post","status-publish","format-standard","has-post-thumbnail","hentry","category-noticias-ca"],"acf":[],"yoast_head":"<!-- This site is optimized with the Yoast SEO plugin v26.8 - https:\/\/yoast.com\/product\/yoast-seo-wordpress\/ -->\n<title>&quot;La m\u00e0gia de l&#039;ordre: guia per a dissenyar i organitzar el teu espai&quot; - Aina Vall\u00e8s<\/title>\n<meta name=\"robots\" content=\"index, follow, max-snippet:-1, max-image-preview:large, max-video-preview:-1\" \/>\n<link rel=\"canonical\" href=\"https:\/\/ainavalles.com\/ca\/la-magia-del-orden-guia-para-disenar-y-organizar-tu-espacio-inspirada-en-marie-kondo\/\" \/>\n<meta property=\"og:locale\" content=\"ca_ES\" \/>\n<meta property=\"og:type\" content=\"article\" \/>\n<meta property=\"og:title\" content=\"&quot;La m\u00e0gia de l&#039;ordre: guia per a dissenyar i organitzar el teu espai&quot; - Aina Vall\u00e8s\" \/>\n<meta property=\"og:description\" content=\"En dissenyar qualsevol estada d&#8217;un habitatge, m&#8217;agrada tenir en compte que \u00e9s el que realment requereix el client. Perqu\u00e8 necessita un moble en cada estada i que vol guardar en aquest moble. D&#8217;aquesta manera no generem espais que no s\u00f3n necessaris i que no requerim realment per a cobrir una necessitat. Descobreix com l&#8217;art de [&hellip;]\" \/>\n<meta property=\"og:url\" content=\"https:\/\/ainavalles.com\/ca\/la-magia-del-orden-guia-para-disenar-y-organizar-tu-espacio-inspirada-en-marie-kondo\/\" \/>\n<meta property=\"og:site_name\" content=\"Aina Vall\u00e8s\" \/>\n<meta property=\"article:publisher\" content=\"https:\/\/www.facebook.com\/people\/Aina-Valls\/100090582199736\/\" \/>\n<meta property=\"article:published_time\" content=\"2024-01-02T12:03:31+00:00\" \/>\n<meta property=\"article:modified_time\" content=\"2024-11-18T08:32:55+00:00\" \/>\n<meta property=\"og:image\" content=\"https:\/\/ainavalles.com\/wp-content\/uploads\/2023\/10\/aina-valles-proyecto-nueve-05.jpg\" \/>\n\t<meta property=\"og:image:width\" content=\"933\" \/>\n\t<meta property=\"og:image:height\" content=\"1400\" \/>\n\t<meta property=\"og:image:type\" content=\"image\/jpeg\" \/>\n<meta name=\"author\" content=\"Aina Vall\u00e9s\" \/>\n<meta name=\"twitter:card\" content=\"summary_large_image\" \/>\n<meta name=\"twitter:label1\" content=\"Escrit per\" \/>\n\t<meta name=\"twitter:data1\" content=\"Aina Vall\u00e9s\" \/>\n\t<meta name=\"twitter:label2\" content=\"Temps estimat de lectura\" \/>\n\t<meta name=\"twitter:data2\" content=\"4 minuts\" \/>\n<script type=\"application\/ld+json\" class=\"yoast-schema-graph\">{\"@context\":\"https:\/\/schema.org\",\"@graph\":[{\"@type\":\"Article\",\"@id\":\"https:\/\/ainavalles.com\/ca\/la-magia-del-orden-guia-para-disenar-y-organizar-tu-espacio-inspirada-en-marie-kondo\/#article\",\"isPartOf\":{\"@id\":\"https:\/\/ainavalles.com\/ca\/la-magia-del-orden-guia-para-disenar-y-organizar-tu-espacio-inspirada-en-marie-kondo\/\"},\"author\":{\"name\":\"Aina Vall\u00e9s\",\"@id\":\"https:\/\/ainavalles.com\/#\/schema\/person\/66806b4f2c1fbd143b75d1a0b0cfee0b\"},\"headline\":\"&#8220;La m\u00e0gia de l&#8217;ordre: guia per a dissenyar i organitzar el teu espai&#8221;\",\"datePublished\":\"2024-01-02T12:03:31+00:00\",\"dateModified\":\"2024-11-18T08:32:55+00:00\",\"mainEntityOfPage\":{\"@id\":\"https:\/\/ainavalles.com\/ca\/la-magia-del-orden-guia-para-disenar-y-organizar-tu-espacio-inspirada-en-marie-kondo\/\"},\"wordCount\":582,\"publisher\":{\"@id\":\"https:\/\/ainavalles.com\/#organization\"},\"image\":{\"@id\":\"https:\/\/ainavalles.com\/ca\/la-magia-del-orden-guia-para-disenar-y-organizar-tu-espacio-inspirada-en-marie-kondo\/#primaryimage\"},\"thumbnailUrl\":\"https:\/\/ainavalles.com\/wp-content\/uploads\/2023\/10\/aina-valles-proyecto-nueve-05.jpg\",\"articleSection\":[\"Noticias\"],\"inLanguage\":\"ca\"},{\"@type\":\"WebPage\",\"@id\":\"https:\/\/ainavalles.com\/ca\/la-magia-del-orden-guia-para-disenar-y-organizar-tu-espacio-inspirada-en-marie-kondo\/\",\"url\":\"https:\/\/ainavalles.com\/ca\/la-magia-del-orden-guia-para-disenar-y-organizar-tu-espacio-inspirada-en-marie-kondo\/\",\"name\":\"\\\"La m\u00e0gia de l'ordre: guia per a dissenyar i organitzar el teu espai\\\" - Aina Vall\u00e8s\",\"isPartOf\":{\"@id\":\"https:\/\/ainavalles.com\/#website\"},\"primaryImageOfPage\":{\"@id\":\"https:\/\/ainavalles.com\/ca\/la-magia-del-orden-guia-para-disenar-y-organizar-tu-espacio-inspirada-en-marie-kondo\/#primaryimage\"},\"image\":{\"@id\":\"https:\/\/ainavalles.com\/ca\/la-magia-del-orden-guia-para-disenar-y-organizar-tu-espacio-inspirada-en-marie-kondo\/#primaryimage\"},\"thumbnailUrl\":\"https:\/\/ainavalles.com\/wp-content\/uploads\/2023\/10\/aina-valles-proyecto-nueve-05.jpg\",\"datePublished\":\"2024-01-02T12:03:31+00:00\",\"dateModified\":\"2024-11-18T08:32:55+00:00\",\"breadcrumb\":{\"@id\":\"https:\/\/ainavalles.com\/ca\/la-magia-del-orden-guia-para-disenar-y-organizar-tu-espacio-inspirada-en-marie-kondo\/#breadcrumb\"},\"inLanguage\":\"ca\",\"potentialAction\":[{\"@type\":\"ReadAction\",\"target\":[\"https:\/\/ainavalles.com\/ca\/la-magia-del-orden-guia-para-disenar-y-organizar-tu-espacio-inspirada-en-marie-kondo\/\"]}]},{\"@type\":\"ImageObject\",\"inLanguage\":\"ca\",\"@id\":\"https:\/\/ainavalles.com\/ca\/la-magia-del-orden-guia-para-disenar-y-organizar-tu-espacio-inspirada-en-marie-kondo\/#primaryimage\",\"url\":\"https:\/\/ainavalles.com\/wp-content\/uploads\/2023\/10\/aina-valles-proyecto-nueve-05.jpg\",\"contentUrl\":\"https:\/\/ainavalles.com\/wp-content\/uploads\/2023\/10\/aina-valles-proyecto-nueve-05.jpg\",\"width\":933,\"height\":1400},{\"@type\":\"BreadcrumbList\",\"@id\":\"https:\/\/ainavalles.com\/ca\/la-magia-del-orden-guia-para-disenar-y-organizar-tu-espacio-inspirada-en-marie-kondo\/#breadcrumb\",\"itemListElement\":[{\"@type\":\"ListItem\",\"position\":1,\"name\":\"Portada\",\"item\":\"https:\/\/ainavalles.com\/\"},{\"@type\":\"ListItem\",\"position\":2,\"name\":\"&#8220;La m\u00e0gia de l&#8217;ordre: guia per a dissenyar i organitzar el teu espai&#8221;\"}]},{\"@type\":\"WebSite\",\"@id\":\"https:\/\/ainavalles.com\/#website\",\"url\":\"https:\/\/ainavalles.com\/\",\"name\":\"Aina Vall\u00e8s\",\"description\":\"Interiorismo en Mallorca\",\"publisher\":{\"@id\":\"https:\/\/ainavalles.com\/#organization\"},\"potentialAction\":[{\"@type\":\"SearchAction\",\"target\":{\"@type\":\"EntryPoint\",\"urlTemplate\":\"https:\/\/ainavalles.com\/?s={search_term_string}\"},\"query-input\":{\"@type\":\"PropertyValueSpecification\",\"valueRequired\":true,\"valueName\":\"search_term_string\"}}],\"inLanguage\":\"ca\"},{\"@type\":\"Organization\",\"@id\":\"https:\/\/ainavalles.com\/#organization\",\"name\":\"Aina Vall\u00e8s\",\"url\":\"https:\/\/ainavalles.com\/\",\"logo\":{\"@type\":\"ImageObject\",\"inLanguage\":\"ca\",\"@id\":\"https:\/\/ainavalles.com\/#\/schema\/logo\/image\/\",\"url\":\"https:\/\/ainavalles.com\/wp-content\/uploads\/2023\/09\/logo.svg\",\"contentUrl\":\"https:\/\/ainavalles.com\/wp-content\/uploads\/2023\/09\/logo.svg\",\"width\":300,\"height\":244,\"caption\":\"Aina Vall\u00e8s\"},\"image\":{\"@id\":\"https:\/\/ainavalles.com\/#\/schema\/logo\/image\/\"},\"sameAs\":[\"https:\/\/www.facebook.com\/people\/Aina-Valls\/100090582199736\/\",\"https:\/\/www.instagram.com\/aina_valles\/\"]},{\"@type\":\"Person\",\"@id\":\"https:\/\/ainavalles.com\/#\/schema\/person\/66806b4f2c1fbd143b75d1a0b0cfee0b\",\"name\":\"Aina Vall\u00e9s\",\"sameAs\":[\"https:\/\/ainavalles.com\"]}]}<\/script>\n<!-- \/ Yoast SEO plugin. -->","yoast_head_json":{"title":"\"La m\u00e0gia de l'ordre: guia per a dissenyar i organitzar el teu espai\" - Aina Vall\u00e8s","robots":{"index":"index","follow":"follow","max-snippet":"max-snippet:-1","max-image-preview":"max-image-preview:large","max-video-preview":"max-video-preview:-1"},"canonical":"https:\/\/ainavalles.com\/ca\/la-magia-del-orden-guia-para-disenar-y-organizar-tu-espacio-inspirada-en-marie-kondo\/","og_locale":"ca_ES","og_type":"article","og_title":"\"La m\u00e0gia de l'ordre: guia per a dissenyar i organitzar el teu espai\" - Aina Vall\u00e8s","og_description":"En dissenyar qualsevol estada d&#8217;un habitatge, m&#8217;agrada tenir en compte que \u00e9s el que realment requereix el client. Perqu\u00e8 necessita un moble en cada estada i que vol guardar en aquest moble. D&#8217;aquesta manera no generem espais que no s\u00f3n necessaris i que no requerim realment per a cobrir una necessitat. Descobreix com l&#8217;art de [&hellip;]","og_url":"https:\/\/ainavalles.com\/ca\/la-magia-del-orden-guia-para-disenar-y-organizar-tu-espacio-inspirada-en-marie-kondo\/","og_site_name":"Aina Vall\u00e8s","article_publisher":"https:\/\/www.facebook.com\/people\/Aina-Valls\/100090582199736\/","article_published_time":"2024-01-02T12:03:31+00:00","article_modified_time":"2024-11-18T08:32:55+00:00","og_image":[{"width":933,"height":1400,"url":"https:\/\/ainavalles.com\/wp-content\/uploads\/2023\/10\/aina-valles-proyecto-nueve-05.jpg","type":"image\/jpeg"}],"author":"Aina Vall\u00e9s","twitter_card":"summary_large_image","twitter_misc":{"Escrit per":"Aina Vall\u00e9s","Temps estimat de lectura":"4 minuts"},"schema":{"@context":"https:\/\/schema.org","@graph":[{"@type":"Article","@id":"https:\/\/ainavalles.com\/ca\/la-magia-del-orden-guia-para-disenar-y-organizar-tu-espacio-inspirada-en-marie-kondo\/#article","isPartOf":{"@id":"https:\/\/ainavalles.com\/ca\/la-magia-del-orden-guia-para-disenar-y-organizar-tu-espacio-inspirada-en-marie-kondo\/"},"author":{"name":"Aina Vall\u00e9s","@id":"https:\/\/ainavalles.com\/#\/schema\/person\/66806b4f2c1fbd143b75d1a0b0cfee0b"},"headline":"&#8220;La m\u00e0gia de l&#8217;ordre: guia per a dissenyar i organitzar el teu espai&#8221;","datePublished":"2024-01-02T12:03:31+00:00","dateModified":"2024-11-18T08:32:55+00:00","mainEntityOfPage":{"@id":"https:\/\/ainavalles.com\/ca\/la-magia-del-orden-guia-para-disenar-y-organizar-tu-espacio-inspirada-en-marie-kondo\/"},"wordCount":582,"publisher":{"@id":"https:\/\/ainavalles.com\/#organization"},"image":{"@id":"https:\/\/ainavalles.com\/ca\/la-magia-del-orden-guia-para-disenar-y-organizar-tu-espacio-inspirada-en-marie-kondo\/#primaryimage"},"thumbnailUrl":"https:\/\/ainavalles.com\/wp-content\/uploads\/2023\/10\/aina-valles-proyecto-nueve-05.jpg","articleSection":["Noticias"],"inLanguage":"ca"},{"@type":"WebPage","@id":"https:\/\/ainavalles.com\/ca\/la-magia-del-orden-guia-para-disenar-y-organizar-tu-espacio-inspirada-en-marie-kondo\/","url":"https:\/\/ainavalles.com\/ca\/la-magia-del-orden-guia-para-disenar-y-organizar-tu-espacio-inspirada-en-marie-kondo\/","name":"\"La m\u00e0gia de l'ordre: guia per a dissenyar i organitzar el teu espai\" - Aina Vall\u00e8s","isPartOf":{"@id":"https:\/\/ainavalles.com\/#website"},"primaryImageOfPage":{"@id":"https:\/\/ainavalles.com\/ca\/la-magia-del-orden-guia-para-disenar-y-organizar-tu-espacio-inspirada-en-marie-kondo\/#primaryimage"},"image":{"@id":"https:\/\/ainavalles.com\/ca\/la-magia-del-orden-guia-para-disenar-y-organizar-tu-espacio-inspirada-en-marie-kondo\/#primaryimage"},"thumbnailUrl":"https:\/\/ainavalles.com\/wp-content\/uploads\/2023\/10\/aina-valles-proyecto-nueve-05.jpg","datePublished":"2024-01-02T12:03:31+00:00","dateModified":"2024-11-18T08:32:55+00:00","breadcrumb":{"@id":"https:\/\/ainavalles.com\/ca\/la-magia-del-orden-guia-para-disenar-y-organizar-tu-espacio-inspirada-en-marie-kondo\/#breadcrumb"},"inLanguage":"ca","potentialAction":[{"@type":"ReadAction","target":["https:\/\/ainavalles.com\/ca\/la-magia-del-orden-guia-para-disenar-y-organizar-tu-espacio-inspirada-en-marie-kondo\/"]}]},{"@type":"ImageObject","inLanguage":"ca","@id":"https:\/\/ainavalles.com\/ca\/la-magia-del-orden-guia-para-disenar-y-organizar-tu-espacio-inspirada-en-marie-kondo\/#primaryimage","url":"https:\/\/ainavalles.com\/wp-content\/uploads\/2023\/10\/aina-valles-proyecto-nueve-05.jpg","contentUrl":"https:\/\/ainavalles.com\/wp-content\/uploads\/2023\/10\/aina-valles-proyecto-nueve-05.jpg","width":933,"height":1400},{"@type":"BreadcrumbList","@id":"https:\/\/ainavalles.com\/ca\/la-magia-del-orden-guia-para-disenar-y-organizar-tu-espacio-inspirada-en-marie-kondo\/#breadcrumb","itemListElement":[{"@type":"ListItem","position":1,"name":"Portada","item":"https:\/\/ainavalles.com\/"},{"@type":"ListItem","position":2,"name":"&#8220;La m\u00e0gia de l&#8217;ordre: guia per a dissenyar i organitzar el teu espai&#8221;"}]},{"@type":"WebSite","@id":"https:\/\/ainavalles.com\/#website","url":"https:\/\/ainavalles.com\/","name":"Aina Vall\u00e8s","description":"Interiorismo en Mallorca","publisher":{"@id":"https:\/\/ainavalles.com\/#organization"},"potentialAction":[{"@type":"SearchAction","target":{"@type":"EntryPoint","urlTemplate":"https:\/\/ainavalles.com\/?s={search_term_string}"},"query-input":{"@type":"PropertyValueSpecification","valueRequired":true,"valueName":"search_term_string"}}],"inLanguage":"ca"},{"@type":"Organization","@id":"https:\/\/ainavalles.com\/#organization","name":"Aina Vall\u00e8s","url":"https:\/\/ainavalles.com\/","logo":{"@type":"ImageObject","inLanguage":"ca","@id":"https:\/\/ainavalles.com\/#\/schema\/logo\/image\/","url":"https:\/\/ainavalles.com\/wp-content\/uploads\/2023\/09\/logo.svg","contentUrl":"https:\/\/ainavalles.com\/wp-content\/uploads\/2023\/09\/logo.svg","width":300,"height":244,"caption":"Aina Vall\u00e8s"},"image":{"@id":"https:\/\/ainavalles.com\/#\/schema\/logo\/image\/"},"sameAs":["https:\/\/www.facebook.com\/people\/Aina-Valls\/100090582199736\/","https:\/\/www.instagram.com\/aina_valles\/"]},{"@type":"Person","@id":"https:\/\/ainavalles.com\/#\/schema\/person\/66806b4f2c1fbd143b75d1a0b0cfee0b","name":"Aina Vall\u00e9s","sameAs":["https:\/\/ainavalles.com"]}]}},"_links":{"self":[{"href":"https:\/\/ainavalles.com\/ca\/wp-json\/wp\/v2\/posts\/2006","targetHints":{"allow":["GET"]}}],"collection":[{"href":"https:\/\/ainavalles.com\/ca\/wp-json\/wp\/v2\/posts"}],"about":[{"href":"https:\/\/ainavalles.com\/ca\/wp-json\/wp\/v2\/types\/post"}],"author":[{"embeddable":true,"href":"https:\/\/ainavalles.com\/ca\/wp-json\/wp\/v2\/users\/2"}],"replies":[{"embeddable":true,"href":"https:\/\/ainavalles.com\/ca\/wp-json\/wp\/v2\/comments?post=2006"}],"version-history":[{"count":2,"href":"https:\/\/ainavalles.com\/ca\/wp-json\/wp\/v2\/posts\/2006\/revisions"}],"predecessor-version":[{"id":2233,"href":"https:\/\/ainavalles.com\/ca\/wp-json\/wp\/v2\/posts\/2006\/revisions\/2233"}],"wp:featuredmedia":[{"embeddable":true,"href":"https:\/\/ainavalles.com\/ca\/wp-json\/wp\/v2\/media\/2008"}],"wp:attachment":[{"href":"https:\/\/ainavalles.com\/ca\/wp-json\/wp\/v2\/media?parent=2006"}],"wp:term":[{"taxonomy":"category","embeddable":true,"href":"https:\/\/ainavalles.com\/ca\/wp-json\/wp\/v2\/categories?post=2006"},{"taxonomy":"post_tag","embeddable":true,"href":"https:\/\/ainavalles.com\/ca\/wp-json\/wp\/v2\/tags?post=2006"}],"curies":[{"name":"wp","href":"https:\/\/api.w.org\/{rel}","templated":true}]}}