{"id":2327,"date":"2024-12-19T13:42:25","date_gmt":"2024-12-19T11:42:25","guid":{"rendered":"https:\/\/ainavalles.com\/la-importancia-de-contratar-una-interiorista-para-el-diseno-de-tiendas-y-espacios-comerciales\/"},"modified":"2025-01-20T11:59:45","modified_gmt":"2025-01-20T09:59:45","slug":"la-importancia-de-contratar-una-interiorista-para-el-diseno-de-tiendas-y-espacios-comerciales","status":"publish","type":"post","link":"https:\/\/ainavalles.com\/ca\/la-importancia-de-contratar-una-interiorista-para-el-diseno-de-tiendas-y-espacios-comerciales\/","title":{"rendered":"La import\u00e0ncia de contractar una\u00a0interiorista\u00a0per al disseny de botigues i espais comercials"},"content":{"rendered":"\n<p>El disseny d&#8217;un espai comercial va molt m\u00e9s all\u00e0 de l&#8217;est\u00e8tic. No es tracta nom\u00e9s de crear un ambient agradable, sin\u00f3 d&#8217;establir un lloc que convidi al client a explorar, interactuar i, en \u00faltima inst\u00e0ncia, comprar. Contractar una&nbsp;interiorista&nbsp;pot ser la clau per a transformar una botiga en una experi\u00e8ncia de compra reeixida.<\/p>\n\n\n\n<p>1. Optimitzaci\u00f3 de l&#8217;espai<\/p>\n\n\n\n<p>Una&nbsp;interiorista&nbsp;professional sap com treure el m\u00e0xim partit de cada rac\u00f3 de la botiga. Dissenyar un espai comercial efica\u00e7 implica un coneixement profund sobre la distribuci\u00f3 del mobiliari, la circulaci\u00f3 i el flux natural dels clients. Un mal disseny pot portar a zones sense explorar o productes passats per alt. Per exemple, un bon disseny assegurar\u00e0 que els productes m\u00e9s importants estiguin en zones de major tr\u00e0nsit i visibilitat.<\/p>\n\n\n\n<figure class=\"wp-block-image size-full\"><img fetchpriority=\"high\" decoding=\"async\" width=\"1024\" height=\"1024\" src=\"https:\/\/ainavalles.com\/wp-content\/uploads\/2024\/12\/ft.1.jpg\" alt=\"\" class=\"wp-image-2323\" srcset=\"https:\/\/ainavalles.com\/wp-content\/uploads\/2024\/12\/ft.1.jpg 1024w, https:\/\/ainavalles.com\/wp-content\/uploads\/2024\/12\/ft.1-768x768.jpg 768w\" sizes=\"(max-width: 1024px) 100vw, 1024px\" \/><\/figure>\n\n\n\n<p>2. Creaci\u00f3 d&#8217;un circuit de venda eficient<\/p>\n\n\n\n<p>El disseny d&#8217;una botiga ha de guiar al client en un recorregut que afavoreixi les vendes. Aix\u00f2 \u00e9s el que es coneix com a &#8220;circuit de venda&#8221;. Una&nbsp;interiorista&nbsp;s&#8217;assegura que els clients transitin per les \u00e0rees correctes i vegin els productes estrat\u00e8gicament col\u00b7locats en el seu cam\u00ed. Aix\u00f2 pot incloure la col\u00b7locaci\u00f3 de productes populars al final del recorregut per a mantenir al client interessat fins a l&#8217;\u00faltim moment o la distribuci\u00f3 de seccions tem\u00e0tiques que convidin a la compra per impuls.<\/p>\n\n\n\n<figure class=\"wp-block-image size-full\"><img decoding=\"async\" width=\"1024\" height=\"1024\" src=\"https:\/\/ainavalles.com\/wp-content\/uploads\/2024\/12\/ft.-2.jpg\" alt=\"\" class=\"wp-image-2308\" srcset=\"https:\/\/ainavalles.com\/wp-content\/uploads\/2024\/12\/ft.-2.jpg 1024w, https:\/\/ainavalles.com\/wp-content\/uploads\/2024\/12\/ft.-2-768x768.jpg 768w\" sizes=\"(max-width: 1024px) 100vw, 1024px\" \/><\/figure>\n\n\n\n<p>3. Experi\u00e8ncia de marca consistent<\/p>\n\n\n\n<p>Una&nbsp;interiorista&nbsp;t&#8217;ajudar\u00e0 a integrar la identitat de la teva marca en l&#8217;espai f\u00edsic. Des dels colors fins a la disposici\u00f3 del mobiliari, tot estar\u00e0 dissenyat perqu\u00e8 el client associ\u00ef l&#8217;experi\u00e8ncia de compra amb els valors i l&#8217;estil de la teva marca. Un espai ben dissenyat refor\u00e7a la percepci\u00f3 positiva del client sobre el teu negoci, fent-lo m\u00e9s memorable i atractiu.<\/p>\n\n\n\n<figure class=\"wp-block-image size-full\"><img decoding=\"async\" width=\"1024\" height=\"1024\" src=\"https:\/\/ainavalles.com\/wp-content\/uploads\/2024\/12\/ft.-3.jpg\" alt=\"\" class=\"wp-image-2311\" srcset=\"https:\/\/ainavalles.com\/wp-content\/uploads\/2024\/12\/ft.-3.jpg 1024w, https:\/\/ainavalles.com\/wp-content\/uploads\/2024\/12\/ft.-3-768x768.jpg 768w\" sizes=\"(max-width: 1024px) 100vw, 1024px\" \/><\/figure>\n\n\n\n<p>4. Il\u00b7luminaci\u00f3 i ambients que venen<\/p>\n\n\n\n<p>La llum \u00e9s una eina poderosa per a destacar productes i crear l&#8217;atmosfera adequada. Les&nbsp;interioristas&nbsp;saben com utilitzar diferents tipus d&#8217;il\u00b7luminaci\u00f3, tant general com puntual, per a atreure l&#8217;atenci\u00f3 del client cap als productes clau. A m\u00e9s, un ambient ben il\u00b7luminat i acollidor pot augmentar el temps que un client passa a la botiga, la qual cosa es tradueix en majors possibilitats de venda.<\/p>\n\n\n\n<figure class=\"wp-block-image size-full\"><img loading=\"lazy\" decoding=\"async\" width=\"1024\" height=\"1024\" src=\"https:\/\/ainavalles.com\/wp-content\/uploads\/2024\/12\/ft.-4.jpg\" alt=\"\" class=\"wp-image-2314\" srcset=\"https:\/\/ainavalles.com\/wp-content\/uploads\/2024\/12\/ft.-4.jpg 1024w, https:\/\/ainavalles.com\/wp-content\/uploads\/2024\/12\/ft.-4-768x768.jpg 768w\" sizes=\"(max-width: 1024px) 100vw, 1024px\" \/><\/figure>\n\n\n\n<p>5. Disseny funcional per al personal i els clients<\/p>\n\n\n\n<p>Un espai comercial ben dissenyat no sols beneficia als clients, sin\u00f3 tamb\u00e9 al personal de la botiga. La distribuci\u00f3 eficient permet que l&#8217;equip treballi de manera m\u00e9s r\u00e0pida i efectiva, la qual cosa millora l&#8217;experi\u00e8ncia del client. A m\u00e9s, un disseny funcional pot reduir el temps de cerca de productes i facilitar les interaccions en el punt de venda.<\/p>\n\n\n\n<figure class=\"wp-block-image size-full\"><img loading=\"lazy\" decoding=\"async\" width=\"1024\" height=\"1024\" src=\"https:\/\/ainavalles.com\/wp-content\/uploads\/2024\/12\/ft.-5.jpg\" alt=\"\" class=\"wp-image-2317\" srcset=\"https:\/\/ainavalles.com\/wp-content\/uploads\/2024\/12\/ft.-5.jpg 1024w, https:\/\/ainavalles.com\/wp-content\/uploads\/2024\/12\/ft.-5-768x768.jpg 768w\" sizes=\"(max-width: 1024px) 100vw, 1024px\" \/><\/figure>\n\n\n\n<p>6. Rendibilitat a llarg termini<\/p>\n\n\n\n<p>Encara que contractar una&nbsp;interiorista&nbsp;implica una despesa inicial, es tradueix en una inversi\u00f3 a llarg termini. Un disseny ben pensat augmenta les vendes, millora l&#8217;experi\u00e8ncia del client i crea un espai m\u00e9s eficient i rendible. Els errors de disseny poden ser costosos de corregir, per la qual cosa comptar amb una experta des del principi estalvia temps i diners.<\/p>\n\n\n\n<figure class=\"wp-block-image size-full\"><img loading=\"lazy\" decoding=\"async\" width=\"1024\" height=\"1024\" src=\"https:\/\/ainavalles.com\/wp-content\/uploads\/2024\/12\/ft.-6.jpg\" alt=\"\" class=\"wp-image-2320\" srcset=\"https:\/\/ainavalles.com\/wp-content\/uploads\/2024\/12\/ft.-6.jpg 1024w, https:\/\/ainavalles.com\/wp-content\/uploads\/2024\/12\/ft.-6-768x768.jpg 768w\" sizes=\"(max-width: 1024px) 100vw, 1024px\" \/><\/figure>\n\n\n\n<p>Dissenyar per a vendre<\/p>\n\n\n\n<p>El disseny d&#8217;un espai comercial no \u00e9s nom\u00e9s una q\u00fcesti\u00f3 d&#8217;est\u00e8tica, \u00e9s una estrat\u00e8gia de vendes. Una&nbsp;interiorista&nbsp;no sols embelleix l&#8217;espai, sin\u00f3 que el converteix en una eina poderosa per a augmentar les vendes i enfortir la relaci\u00f3 amb els clients. Si est\u00e0s pensant a dissenyar una botiga, oficina o qualsevol altre espai comercial, contractar una&nbsp;interiorista&nbsp;\u00e9s una decisi\u00f3 intel\u00b7ligent per a assegurar l&#8217;\u00e8xit del teu negoci.<\/p>\n","protected":false},"excerpt":{"rendered":"<p>El disseny d&#8217;un espai comercial va molt m\u00e9s all\u00e0 de l&#8217;est\u00e8tic. No es tracta nom\u00e9s de crear un ambient agradable, sin\u00f3 d&#8217;establir un lloc que convidi al client a explorar, interactuar i, en \u00faltima inst\u00e0ncia, comprar. Contractar una&nbsp;interiorista&nbsp;pot ser la clau per a transformar una botiga en una experi\u00e8ncia de compra reeixida. 1. Optimitzaci\u00f3 de [&hellip;]<\/p>\n","protected":false},"author":2,"featured_media":2315,"comment_status":"closed","ping_status":"closed","sticky":false,"template":"","format":"standard","meta":{"_acf_changed":false,"footnotes":""},"categories":[17],"tags":[],"class_list":["post-2327","post","type-post","status-publish","format-standard","has-post-thumbnail","hentry","category-sin-categorizar-2"],"acf":[],"yoast_head":"<!-- This site is optimized with the Yoast SEO plugin v26.8 - https:\/\/yoast.com\/product\/yoast-seo-wordpress\/ -->\n<title>La import\u00e0ncia de contractar una\u00a0interiorista\u00a0per al disseny de botigues i espais comercials - Aina Vall\u00e8s<\/title>\n<meta name=\"robots\" content=\"index, follow, max-snippet:-1, max-image-preview:large, max-video-preview:-1\" \/>\n<link rel=\"canonical\" href=\"https:\/\/ainavalles.com\/ca\/la-importancia-de-contratar-una-interiorista-para-el-diseno-de-tiendas-y-espacios-comerciales\/\" \/>\n<meta property=\"og:locale\" content=\"ca_ES\" \/>\n<meta property=\"og:type\" content=\"article\" \/>\n<meta property=\"og:title\" content=\"La import\u00e0ncia de contractar una\u00a0interiorista\u00a0per al disseny de botigues i espais comercials - Aina Vall\u00e8s\" \/>\n<meta property=\"og:description\" content=\"El disseny d&#8217;un espai comercial va molt m\u00e9s all\u00e0 de l&#8217;est\u00e8tic. No es tracta nom\u00e9s de crear un ambient agradable, sin\u00f3 d&#8217;establir un lloc que convidi al client a explorar, interactuar i, en \u00faltima inst\u00e0ncia, comprar. Contractar una&nbsp;interiorista&nbsp;pot ser la clau per a transformar una botiga en una experi\u00e8ncia de compra reeixida. 1. Optimitzaci\u00f3 de [&hellip;]\" \/>\n<meta property=\"og:url\" content=\"https:\/\/ainavalles.com\/ca\/la-importancia-de-contratar-una-interiorista-para-el-diseno-de-tiendas-y-espacios-comerciales\/\" \/>\n<meta property=\"og:site_name\" content=\"Aina Vall\u00e8s\" \/>\n<meta property=\"article:publisher\" content=\"https:\/\/www.facebook.com\/people\/Aina-Valls\/100090582199736\/\" \/>\n<meta property=\"article:published_time\" content=\"2024-12-19T11:42:25+00:00\" \/>\n<meta property=\"article:modified_time\" content=\"2025-01-20T09:59:45+00:00\" \/>\n<meta property=\"og:image\" content=\"https:\/\/ainavalles.com\/wp-content\/uploads\/2024\/12\/ft.-4.jpg\" \/>\n\t<meta property=\"og:image:width\" content=\"1024\" \/>\n\t<meta property=\"og:image:height\" content=\"1024\" \/>\n\t<meta property=\"og:image:type\" content=\"image\/jpeg\" \/>\n<meta name=\"author\" content=\"Aina Vall\u00e9s\" \/>\n<meta name=\"twitter:card\" content=\"summary_large_image\" \/>\n<meta name=\"twitter:label1\" content=\"Escrit per\" \/>\n\t<meta name=\"twitter:data1\" content=\"Aina Vall\u00e9s\" \/>\n\t<meta name=\"twitter:label2\" content=\"Temps estimat de lectura\" \/>\n\t<meta name=\"twitter:data2\" content=\"4 minuts\" \/>\n<script type=\"application\/ld+json\" class=\"yoast-schema-graph\">{\"@context\":\"https:\/\/schema.org\",\"@graph\":[{\"@type\":\"Article\",\"@id\":\"https:\/\/ainavalles.com\/ca\/la-importancia-de-contratar-una-interiorista-para-el-diseno-de-tiendas-y-espacios-comerciales\/#article\",\"isPartOf\":{\"@id\":\"https:\/\/ainavalles.com\/ca\/la-importancia-de-contratar-una-interiorista-para-el-diseno-de-tiendas-y-espacios-comerciales\/\"},\"author\":{\"name\":\"Aina Vall\u00e9s\",\"@id\":\"https:\/\/ainavalles.com\/#\/schema\/person\/66806b4f2c1fbd143b75d1a0b0cfee0b\"},\"headline\":\"La import\u00e0ncia de contractar una\u00a0interiorista\u00a0per al disseny de botigues i espais comercials\",\"datePublished\":\"2024-12-19T11:42:25+00:00\",\"dateModified\":\"2025-01-20T09:59:45+00:00\",\"mainEntityOfPage\":{\"@id\":\"https:\/\/ainavalles.com\/ca\/la-importancia-de-contratar-una-interiorista-para-el-diseno-de-tiendas-y-espacios-comerciales\/\"},\"wordCount\":641,\"publisher\":{\"@id\":\"https:\/\/ainavalles.com\/#organization\"},\"image\":{\"@id\":\"https:\/\/ainavalles.com\/ca\/la-importancia-de-contratar-una-interiorista-para-el-diseno-de-tiendas-y-espacios-comerciales\/#primaryimage\"},\"thumbnailUrl\":\"https:\/\/ainavalles.com\/wp-content\/uploads\/2024\/12\/ft.-4.jpg\",\"articleSection\":[\"Sin categorizar\"],\"inLanguage\":\"ca\"},{\"@type\":\"WebPage\",\"@id\":\"https:\/\/ainavalles.com\/ca\/la-importancia-de-contratar-una-interiorista-para-el-diseno-de-tiendas-y-espacios-comerciales\/\",\"url\":\"https:\/\/ainavalles.com\/ca\/la-importancia-de-contratar-una-interiorista-para-el-diseno-de-tiendas-y-espacios-comerciales\/\",\"name\":\"La import\u00e0ncia de contractar una\u00a0interiorista\u00a0per al disseny de botigues i espais comercials - Aina Vall\u00e8s\",\"isPartOf\":{\"@id\":\"https:\/\/ainavalles.com\/#website\"},\"primaryImageOfPage\":{\"@id\":\"https:\/\/ainavalles.com\/ca\/la-importancia-de-contratar-una-interiorista-para-el-diseno-de-tiendas-y-espacios-comerciales\/#primaryimage\"},\"image\":{\"@id\":\"https:\/\/ainavalles.com\/ca\/la-importancia-de-contratar-una-interiorista-para-el-diseno-de-tiendas-y-espacios-comerciales\/#primaryimage\"},\"thumbnailUrl\":\"https:\/\/ainavalles.com\/wp-content\/uploads\/2024\/12\/ft.-4.jpg\",\"datePublished\":\"2024-12-19T11:42:25+00:00\",\"dateModified\":\"2025-01-20T09:59:45+00:00\",\"breadcrumb\":{\"@id\":\"https:\/\/ainavalles.com\/ca\/la-importancia-de-contratar-una-interiorista-para-el-diseno-de-tiendas-y-espacios-comerciales\/#breadcrumb\"},\"inLanguage\":\"ca\",\"potentialAction\":[{\"@type\":\"ReadAction\",\"target\":[\"https:\/\/ainavalles.com\/ca\/la-importancia-de-contratar-una-interiorista-para-el-diseno-de-tiendas-y-espacios-comerciales\/\"]}]},{\"@type\":\"ImageObject\",\"inLanguage\":\"ca\",\"@id\":\"https:\/\/ainavalles.com\/ca\/la-importancia-de-contratar-una-interiorista-para-el-diseno-de-tiendas-y-espacios-comerciales\/#primaryimage\",\"url\":\"https:\/\/ainavalles.com\/wp-content\/uploads\/2024\/12\/ft.-4.jpg\",\"contentUrl\":\"https:\/\/ainavalles.com\/wp-content\/uploads\/2024\/12\/ft.-4.jpg\",\"width\":1024,\"height\":1024},{\"@type\":\"BreadcrumbList\",\"@id\":\"https:\/\/ainavalles.com\/ca\/la-importancia-de-contratar-una-interiorista-para-el-diseno-de-tiendas-y-espacios-comerciales\/#breadcrumb\",\"itemListElement\":[{\"@type\":\"ListItem\",\"position\":1,\"name\":\"Portada\",\"item\":\"https:\/\/ainavalles.com\/\"},{\"@type\":\"ListItem\",\"position\":2,\"name\":\"La import\u00e0ncia de contractar una\u00a0interiorista\u00a0per al disseny de botigues i espais comercials\"}]},{\"@type\":\"WebSite\",\"@id\":\"https:\/\/ainavalles.com\/#website\",\"url\":\"https:\/\/ainavalles.com\/\",\"name\":\"Aina Vall\u00e8s\",\"description\":\"Interiorismo en Mallorca\",\"publisher\":{\"@id\":\"https:\/\/ainavalles.com\/#organization\"},\"potentialAction\":[{\"@type\":\"SearchAction\",\"target\":{\"@type\":\"EntryPoint\",\"urlTemplate\":\"https:\/\/ainavalles.com\/?s={search_term_string}\"},\"query-input\":{\"@type\":\"PropertyValueSpecification\",\"valueRequired\":true,\"valueName\":\"search_term_string\"}}],\"inLanguage\":\"ca\"},{\"@type\":\"Organization\",\"@id\":\"https:\/\/ainavalles.com\/#organization\",\"name\":\"Aina Vall\u00e8s\",\"url\":\"https:\/\/ainavalles.com\/\",\"logo\":{\"@type\":\"ImageObject\",\"inLanguage\":\"ca\",\"@id\":\"https:\/\/ainavalles.com\/#\/schema\/logo\/image\/\",\"url\":\"https:\/\/ainavalles.com\/wp-content\/uploads\/2023\/09\/logo.svg\",\"contentUrl\":\"https:\/\/ainavalles.com\/wp-content\/uploads\/2023\/09\/logo.svg\",\"width\":300,\"height\":244,\"caption\":\"Aina Vall\u00e8s\"},\"image\":{\"@id\":\"https:\/\/ainavalles.com\/#\/schema\/logo\/image\/\"},\"sameAs\":[\"https:\/\/www.facebook.com\/people\/Aina-Valls\/100090582199736\/\",\"https:\/\/www.instagram.com\/aina_valles\/\"]},{\"@type\":\"Person\",\"@id\":\"https:\/\/ainavalles.com\/#\/schema\/person\/66806b4f2c1fbd143b75d1a0b0cfee0b\",\"name\":\"Aina Vall\u00e9s\",\"sameAs\":[\"https:\/\/ainavalles.com\"]}]}<\/script>\n<!-- \/ Yoast SEO plugin. -->","yoast_head_json":{"title":"La import\u00e0ncia de contractar una\u00a0interiorista\u00a0per al disseny de botigues i espais comercials - Aina Vall\u00e8s","robots":{"index":"index","follow":"follow","max-snippet":"max-snippet:-1","max-image-preview":"max-image-preview:large","max-video-preview":"max-video-preview:-1"},"canonical":"https:\/\/ainavalles.com\/ca\/la-importancia-de-contratar-una-interiorista-para-el-diseno-de-tiendas-y-espacios-comerciales\/","og_locale":"ca_ES","og_type":"article","og_title":"La import\u00e0ncia de contractar una\u00a0interiorista\u00a0per al disseny de botigues i espais comercials - Aina Vall\u00e8s","og_description":"El disseny d&#8217;un espai comercial va molt m\u00e9s all\u00e0 de l&#8217;est\u00e8tic. No es tracta nom\u00e9s de crear un ambient agradable, sin\u00f3 d&#8217;establir un lloc que convidi al client a explorar, interactuar i, en \u00faltima inst\u00e0ncia, comprar. Contractar una&nbsp;interiorista&nbsp;pot ser la clau per a transformar una botiga en una experi\u00e8ncia de compra reeixida. 1. Optimitzaci\u00f3 de [&hellip;]","og_url":"https:\/\/ainavalles.com\/ca\/la-importancia-de-contratar-una-interiorista-para-el-diseno-de-tiendas-y-espacios-comerciales\/","og_site_name":"Aina Vall\u00e8s","article_publisher":"https:\/\/www.facebook.com\/people\/Aina-Valls\/100090582199736\/","article_published_time":"2024-12-19T11:42:25+00:00","article_modified_time":"2025-01-20T09:59:45+00:00","og_image":[{"width":1024,"height":1024,"url":"https:\/\/ainavalles.com\/wp-content\/uploads\/2024\/12\/ft.-4.jpg","type":"image\/jpeg"}],"author":"Aina Vall\u00e9s","twitter_card":"summary_large_image","twitter_misc":{"Escrit per":"Aina Vall\u00e9s","Temps estimat de lectura":"4 minuts"},"schema":{"@context":"https:\/\/schema.org","@graph":[{"@type":"Article","@id":"https:\/\/ainavalles.com\/ca\/la-importancia-de-contratar-una-interiorista-para-el-diseno-de-tiendas-y-espacios-comerciales\/#article","isPartOf":{"@id":"https:\/\/ainavalles.com\/ca\/la-importancia-de-contratar-una-interiorista-para-el-diseno-de-tiendas-y-espacios-comerciales\/"},"author":{"name":"Aina Vall\u00e9s","@id":"https:\/\/ainavalles.com\/#\/schema\/person\/66806b4f2c1fbd143b75d1a0b0cfee0b"},"headline":"La import\u00e0ncia de contractar una\u00a0interiorista\u00a0per al disseny de botigues i espais comercials","datePublished":"2024-12-19T11:42:25+00:00","dateModified":"2025-01-20T09:59:45+00:00","mainEntityOfPage":{"@id":"https:\/\/ainavalles.com\/ca\/la-importancia-de-contratar-una-interiorista-para-el-diseno-de-tiendas-y-espacios-comerciales\/"},"wordCount":641,"publisher":{"@id":"https:\/\/ainavalles.com\/#organization"},"image":{"@id":"https:\/\/ainavalles.com\/ca\/la-importancia-de-contratar-una-interiorista-para-el-diseno-de-tiendas-y-espacios-comerciales\/#primaryimage"},"thumbnailUrl":"https:\/\/ainavalles.com\/wp-content\/uploads\/2024\/12\/ft.-4.jpg","articleSection":["Sin categorizar"],"inLanguage":"ca"},{"@type":"WebPage","@id":"https:\/\/ainavalles.com\/ca\/la-importancia-de-contratar-una-interiorista-para-el-diseno-de-tiendas-y-espacios-comerciales\/","url":"https:\/\/ainavalles.com\/ca\/la-importancia-de-contratar-una-interiorista-para-el-diseno-de-tiendas-y-espacios-comerciales\/","name":"La import\u00e0ncia de contractar una\u00a0interiorista\u00a0per al disseny de botigues i espais comercials - Aina Vall\u00e8s","isPartOf":{"@id":"https:\/\/ainavalles.com\/#website"},"primaryImageOfPage":{"@id":"https:\/\/ainavalles.com\/ca\/la-importancia-de-contratar-una-interiorista-para-el-diseno-de-tiendas-y-espacios-comerciales\/#primaryimage"},"image":{"@id":"https:\/\/ainavalles.com\/ca\/la-importancia-de-contratar-una-interiorista-para-el-diseno-de-tiendas-y-espacios-comerciales\/#primaryimage"},"thumbnailUrl":"https:\/\/ainavalles.com\/wp-content\/uploads\/2024\/12\/ft.-4.jpg","datePublished":"2024-12-19T11:42:25+00:00","dateModified":"2025-01-20T09:59:45+00:00","breadcrumb":{"@id":"https:\/\/ainavalles.com\/ca\/la-importancia-de-contratar-una-interiorista-para-el-diseno-de-tiendas-y-espacios-comerciales\/#breadcrumb"},"inLanguage":"ca","potentialAction":[{"@type":"ReadAction","target":["https:\/\/ainavalles.com\/ca\/la-importancia-de-contratar-una-interiorista-para-el-diseno-de-tiendas-y-espacios-comerciales\/"]}]},{"@type":"ImageObject","inLanguage":"ca","@id":"https:\/\/ainavalles.com\/ca\/la-importancia-de-contratar-una-interiorista-para-el-diseno-de-tiendas-y-espacios-comerciales\/#primaryimage","url":"https:\/\/ainavalles.com\/wp-content\/uploads\/2024\/12\/ft.-4.jpg","contentUrl":"https:\/\/ainavalles.com\/wp-content\/uploads\/2024\/12\/ft.-4.jpg","width":1024,"height":1024},{"@type":"BreadcrumbList","@id":"https:\/\/ainavalles.com\/ca\/la-importancia-de-contratar-una-interiorista-para-el-diseno-de-tiendas-y-espacios-comerciales\/#breadcrumb","itemListElement":[{"@type":"ListItem","position":1,"name":"Portada","item":"https:\/\/ainavalles.com\/"},{"@type":"ListItem","position":2,"name":"La import\u00e0ncia de contractar una\u00a0interiorista\u00a0per al disseny de botigues i espais comercials"}]},{"@type":"WebSite","@id":"https:\/\/ainavalles.com\/#website","url":"https:\/\/ainavalles.com\/","name":"Aina Vall\u00e8s","description":"Interiorismo en Mallorca","publisher":{"@id":"https:\/\/ainavalles.com\/#organization"},"potentialAction":[{"@type":"SearchAction","target":{"@type":"EntryPoint","urlTemplate":"https:\/\/ainavalles.com\/?s={search_term_string}"},"query-input":{"@type":"PropertyValueSpecification","valueRequired":true,"valueName":"search_term_string"}}],"inLanguage":"ca"},{"@type":"Organization","@id":"https:\/\/ainavalles.com\/#organization","name":"Aina Vall\u00e8s","url":"https:\/\/ainavalles.com\/","logo":{"@type":"ImageObject","inLanguage":"ca","@id":"https:\/\/ainavalles.com\/#\/schema\/logo\/image\/","url":"https:\/\/ainavalles.com\/wp-content\/uploads\/2023\/09\/logo.svg","contentUrl":"https:\/\/ainavalles.com\/wp-content\/uploads\/2023\/09\/logo.svg","width":300,"height":244,"caption":"Aina Vall\u00e8s"},"image":{"@id":"https:\/\/ainavalles.com\/#\/schema\/logo\/image\/"},"sameAs":["https:\/\/www.facebook.com\/people\/Aina-Valls\/100090582199736\/","https:\/\/www.instagram.com\/aina_valles\/"]},{"@type":"Person","@id":"https:\/\/ainavalles.com\/#\/schema\/person\/66806b4f2c1fbd143b75d1a0b0cfee0b","name":"Aina Vall\u00e9s","sameAs":["https:\/\/ainavalles.com"]}]}},"_links":{"self":[{"href":"https:\/\/ainavalles.com\/ca\/wp-json\/wp\/v2\/posts\/2327","targetHints":{"allow":["GET"]}}],"collection":[{"href":"https:\/\/ainavalles.com\/ca\/wp-json\/wp\/v2\/posts"}],"about":[{"href":"https:\/\/ainavalles.com\/ca\/wp-json\/wp\/v2\/types\/post"}],"author":[{"embeddable":true,"href":"https:\/\/ainavalles.com\/ca\/wp-json\/wp\/v2\/users\/2"}],"replies":[{"embeddable":true,"href":"https:\/\/ainavalles.com\/ca\/wp-json\/wp\/v2\/comments?post=2327"}],"version-history":[{"count":2,"href":"https:\/\/ainavalles.com\/ca\/wp-json\/wp\/v2\/posts\/2327\/revisions"}],"predecessor-version":[{"id":2414,"href":"https:\/\/ainavalles.com\/ca\/wp-json\/wp\/v2\/posts\/2327\/revisions\/2414"}],"wp:featuredmedia":[{"embeddable":true,"href":"https:\/\/ainavalles.com\/ca\/wp-json\/wp\/v2\/media\/2315"}],"wp:attachment":[{"href":"https:\/\/ainavalles.com\/ca\/wp-json\/wp\/v2\/media?parent=2327"}],"wp:term":[{"taxonomy":"category","embeddable":true,"href":"https:\/\/ainavalles.com\/ca\/wp-json\/wp\/v2\/categories?post=2327"},{"taxonomy":"post_tag","embeddable":true,"href":"https:\/\/ainavalles.com\/ca\/wp-json\/wp\/v2\/tags?post=2327"}],"curies":[{"name":"wp","href":"https:\/\/api.w.org\/{rel}","templated":true}]}}