{"id":2531,"date":"2025-01-21T12:00:35","date_gmt":"2025-01-21T10:00:35","guid":{"rendered":"https:\/\/ainavalles.com\/transforma-tu-hogar-y-tu-vida-con-la-ayuda-de-una-organizadora-profesional-conoce-a-magda-pujadas\/"},"modified":"2025-01-24T12:00:27","modified_gmt":"2025-01-24T10:00:27","slug":"transforma-tu-hogar-y-tu-vida-con-la-ayuda-de-una-organizadora-profesional-conoce-a-magda-pujadas","status":"publish","type":"post","link":"https:\/\/ainavalles.com\/ca\/transforma-tu-hogar-y-tu-vida-con-la-ayuda-de-una-organizadora-profesional-conoce-a-magda-pujadas\/","title":{"rendered":"Transforma la teva llar i la teva vida amb l&#8217;ajuda d&#8217;una organitzadora d&#8217;espais: coneix a Magda Pujadas"},"content":{"rendered":"\n<p>Complementa el disseny d&#8217;interiors amb l&#8217;organitzaci\u00f3 professional<br>En el disseny d&#8217;interiors, cada espai ha de ser no sols est\u00e8ticament atractiu, sin\u00f3 tamb\u00e9 pr\u00e0ctic i funcional. En dissenyar mobiliari de cuines, armaris o vestidors amb mi, prestem especial atenci\u00f3 a l&#8217;optimitzaci\u00f3 de l&#8217;espai i a la personalitzaci\u00f3 segons les teves necessitats. No obstant aix\u00f2, una vegada instal\u00b7lats els mobles, mantenir l&#8217;ordre i aprofitar al m\u00e0xim cada rac\u00f3 pot marcar la difer\u00e8ncia. Aqu\u00ed \u00e9s on el servei d&#8217;organitzaci\u00f3 professional de Magda Pujadas, d&#8217;Ordre By Magda, complementa perfectament el nostre treball.<\/p>\n\n\n\n<p>Gr\u00e0cies a la seva experi\u00e8ncia en organitzaci\u00f3, Magda pot ajudar-te a estructurar i mantenir els teus espais perqu\u00e8 siguin funcionals, ordenats i alineats amb el teu estil de vida. Junts podem crear una llar que sigui un reflex de tu, on el disseny i l&#8217;ordre es fusionin per a oferir-te comoditat i harmonia en el teu dia a dia.<\/p>\n\n\n\n<p>En l&#8217;enrenou diari, mantenir una llar ordenada pot convertir-se en un desafiament. Aqu\u00ed \u00e9s on els serveis d&#8217;una organitzadora professional com Magda Pujadas, fundadora d&#8217;Ordre by Magda, poden marcar una difer\u00e8ncia significativa.<\/p>\n\n\n<div class=\"wp-block-image\">\n<figure class=\"aligncenter size-full is-resized\"><img fetchpriority=\"high\" decoding=\"async\" width=\"1004\" height=\"1126\" src=\"https:\/\/ainavalles.com\/wp-content\/uploads\/2025\/01\/foto-mgd-pujades.jpg\" alt=\"\" class=\"wp-image-2476\" style=\"width:509px;height:auto\" srcset=\"https:\/\/ainavalles.com\/wp-content\/uploads\/2025\/01\/foto-mgd-pujades.jpg 1004w, https:\/\/ainavalles.com\/wp-content\/uploads\/2025\/01\/foto-mgd-pujades-768x861.jpg 768w\" sizes=\"(max-width: 1004px) 100vw, 1004px\" \/><\/figure>\n<\/div>\n\n\n<p><strong>Qui \u00e9s Magda Pujadas?<\/strong><\/p>\n\n\n\n<p>Magda \u00e9s una organitzadora professional d&#8217;espais amb seu a Inca, Mallorca. La seva passi\u00f3 per l&#8217;ordre i l&#8217;organitzaci\u00f3 la va portar a fundar &#8220;Ordre by Magda&#8221;, on es dedica a transformar llars en llocs harmoniosos i funcionals. Ofereix serveis tant presencials a Mallorca com assessories en l\u00ednia, adaptant-se a les necessitats de cada client.<\/p>\n\n\n\n<p><strong>Serveis que ofereix:<\/strong><\/p>\n\n\n\n<ul class=\"wp-block-list\">\n<li><strong>Organitzaci\u00f3 de llars<\/strong>: Des de la cuina fins al garatge, Magda ajuda a recuperar el control de la llar, creant sistemes d&#8217;organitzaci\u00f3 personalitzats que milloren la qualitat de vida.<\/li>\n<\/ul>\n\n\n<div class=\"wp-block-image\">\n<figure class=\"aligncenter size-full is-resized\"><img decoding=\"async\" width=\"1206\" height=\"1188\" src=\"https:\/\/ainavalles.com\/wp-content\/uploads\/2025\/01\/Imagen-025-01-21-a-las-10.22.44_ce3522cd.jpg\" alt=\"\" class=\"wp-image-2470\" style=\"width:561px;height:auto\" srcset=\"https:\/\/ainavalles.com\/wp-content\/uploads\/2025\/01\/Imagen-025-01-21-a-las-10.22.44_ce3522cd.jpg 1206w, https:\/\/ainavalles.com\/wp-content\/uploads\/2025\/01\/Imagen-025-01-21-a-las-10.22.44_ce3522cd-768x757.jpg 768w\" sizes=\"(max-width: 1206px) 100vw, 1206px\" \/><\/figure>\n<\/div>\n\n\n<ul class=\"wp-block-list\">\n<li><strong>Canvis d&#8217;armaris i de temporada<\/strong>: Facilita la transici\u00f3 entre estacions, optimitzant l&#8217;espai i assegurant que cada pe\u00e7a tingui el seu lloc adequat.<\/li>\n<\/ul>\n\n\n<div class=\"wp-block-image\">\n<figure class=\"aligncenter size-full is-resized\"><img decoding=\"async\" width=\"965\" height=\"829\" src=\"https:\/\/ainavalles.com\/wp-content\/uploads\/2025\/01\/cambio-armario.jpg\" alt=\"\" class=\"wp-image-2467\" style=\"width:547px;height:auto\" srcset=\"https:\/\/ainavalles.com\/wp-content\/uploads\/2025\/01\/cambio-armario.jpg 965w, https:\/\/ainavalles.com\/wp-content\/uploads\/2025\/01\/cambio-armario-768x660.jpg 768w\" sizes=\"(max-width: 965px) 100vw, 965px\" \/><\/figure>\n<\/div>\n\n\n<ul class=\"wp-block-list\">\n<li><strong>Organitzaci\u00f3 pre i post mudances<\/strong>: Assisteix en tot el proc\u00e9s de mudan\u00e7a, des de la selecci\u00f3 i empaquetat de pertinences fins a l&#8217;organitzaci\u00f3 en la nova llar, minimitzant l&#8217;estr\u00e8s associat.<\/li>\n<\/ul>\n\n\n<div class=\"wp-block-image\">\n<figure class=\"aligncenter size-full is-resized\"><img loading=\"lazy\" decoding=\"async\" width=\"933\" height=\"1400\" src=\"https:\/\/ainavalles.com\/wp-content\/uploads\/2025\/01\/pexels-cottonbro-4569891-scaled.jpg\" alt=\"\" class=\"wp-image-2473\" style=\"width:496px;height:auto\" srcset=\"https:\/\/ainavalles.com\/wp-content\/uploads\/2025\/01\/pexels-cottonbro-4569891-scaled.jpg 933w, https:\/\/ainavalles.com\/wp-content\/uploads\/2025\/01\/pexels-cottonbro-4569891-768x1152.jpg 768w, https:\/\/ainavalles.com\/wp-content\/uploads\/2025\/01\/pexels-cottonbro-4569891-1024x1536.jpg 1024w, https:\/\/ainavalles.com\/wp-content\/uploads\/2025\/01\/pexels-cottonbro-4569891-1365x2048.jpg 1365w\" sizes=\"(max-width: 933px) 100vw, 933px\" \/><\/figure>\n<\/div>\n\n\n<p><strong>Beneficis de contractar una organitzadora professional com Magda:<\/strong><\/p>\n\n\n\n<ol start=\"1\" class=\"wp-block-list\">\n<li><strong>Estalvi de temps i reducci\u00f3 d&#8217;estr\u00e8s<\/strong>: Un espai organitzat facilita les tasques di\u00e0ries i redueix el temps dedicat a buscar objectes, disminuint l&#8217;estr\u00e8s quotidi\u00e0.<\/li>\n\n\n\n<li><strong>Solucions personalitzades<\/strong>: Magda treballa estretament amb els seus clients per a entendre les seves necessitats espec\u00edfiques, oferint solucions adaptades que s&#8217;alineen amb el seu estil de vida.<\/li>\n\n\n\n<li><strong>Consci\u00e8ncia sobre el consum responsable<\/strong>: Promou la valoraci\u00f3 de les experi\u00e8ncies sobre les possessions materials, ajudant els seus clients a desfer-se de l&#8217;innecessari i conservar nom\u00e9s el que aporta alegria i utilitat.<\/li>\n\n\n\n<li><strong>Manteniment de l&#8217;ordre a llarg termini<\/strong>: Proporciona eines i estrat\u00e8gies per a mantenir l&#8217;ordre de manera sostenible, evitant que el desordre torni a acumular-se.<\/li>\n<\/ol>\n\n\n\n<p>Magda \u00e9s col\u00b7laboradora en el programa de &#8220;Llaura Anam&#8221; d&#8217;IB3 des de maig de 2024, compartint la seva experi\u00e8ncia en organitzaci\u00f3 d&#8217;espais.<\/p>\n\n\n\n<p>A m\u00e9s, en el seu compte d&#8217;Instagram @ordenbymagda_ , comparteix consells pr\u00e0ctics i exemples dels seus projectes, mostrant transformacions impactants que inspiren a molts a portar una vida m\u00e9s ordenada.<\/p>\n\n\n\n<p>Contractar una professional com Magda Pujadas no sols transforma f\u00edsicament els espais, sin\u00f3 que tamb\u00e9 impacta positivament en el benestar emocional i mental dels seus clients. Si busques crear una llar m\u00e9s harmoniosa i funcional, els serveis d&#8217;Ordre by Magda poden ser la soluci\u00f3 ideal.<\/p>\n\n\n\n<p>Contacte:<\/p>\n\n\n\n<ul class=\"wp-block-list\">\n<li><strong>Instagram<\/strong>: @ordenbymagda_<\/li>\n\n\n\n<li><strong>Correu electr\u00f2nic<\/strong>: ordenbymagda@gmail.com<\/li>\n\n\n\n<li><strong>Telf<\/strong>: 605990584<\/li>\n\n\n\n<li><strong>Web<\/strong>: www.ordenbymagda.es<\/li>\n<\/ul>\n","protected":false},"excerpt":{"rendered":"<p>Complementa el disseny d&#8217;interiors amb l&#8217;organitzaci\u00f3 professionalEn el disseny d&#8217;interiors, cada espai ha de ser no sols est\u00e8ticament atractiu, sin\u00f3 tamb\u00e9 pr\u00e0ctic i funcional. En dissenyar mobiliari de cuines, armaris o vestidors amb mi, prestem especial atenci\u00f3 a l&#8217;optimitzaci\u00f3 de l&#8217;espai i a la personalitzaci\u00f3 segons les teves necessitats. No obstant aix\u00f2, una vegada instal\u00b7lats [&hellip;]<\/p>\n","protected":false},"author":2,"featured_media":2483,"comment_status":"closed","ping_status":"closed","sticky":false,"template":"","format":"standard","meta":{"_acf_changed":false,"footnotes":""},"categories":[17],"tags":[],"class_list":["post-2531","post","type-post","status-publish","format-standard","has-post-thumbnail","hentry","category-sin-categorizar-2"],"acf":[],"yoast_head":"<!-- This site is optimized with the Yoast SEO plugin v26.8 - https:\/\/yoast.com\/product\/yoast-seo-wordpress\/ -->\n<title>Transforma la teva llar i la teva vida amb l&#039;ajuda d&#039;una organitzadora d&#039;espais: coneix a Magda Pujadas - Aina Vall\u00e8s<\/title>\n<meta name=\"robots\" content=\"index, follow, max-snippet:-1, max-image-preview:large, max-video-preview:-1\" \/>\n<link rel=\"canonical\" href=\"https:\/\/ainavalles.com\/ca\/transforma-tu-hogar-y-tu-vida-con-la-ayuda-de-una-organizadora-profesional-conoce-a-magda-pujadas\/\" \/>\n<meta property=\"og:locale\" content=\"ca_ES\" \/>\n<meta property=\"og:type\" content=\"article\" \/>\n<meta property=\"og:title\" content=\"Transforma la teva llar i la teva vida amb l&#039;ajuda d&#039;una organitzadora d&#039;espais: coneix a Magda Pujadas - Aina Vall\u00e8s\" \/>\n<meta property=\"og:description\" content=\"Complementa el disseny d&#8217;interiors amb l&#8217;organitzaci\u00f3 professionalEn el disseny d&#8217;interiors, cada espai ha de ser no sols est\u00e8ticament atractiu, sin\u00f3 tamb\u00e9 pr\u00e0ctic i funcional. En dissenyar mobiliari de cuines, armaris o vestidors amb mi, prestem especial atenci\u00f3 a l&#8217;optimitzaci\u00f3 de l&#8217;espai i a la personalitzaci\u00f3 segons les teves necessitats. No obstant aix\u00f2, una vegada instal\u00b7lats [&hellip;]\" \/>\n<meta property=\"og:url\" content=\"https:\/\/ainavalles.com\/ca\/transforma-tu-hogar-y-tu-vida-con-la-ayuda-de-una-organizadora-profesional-conoce-a-magda-pujadas\/\" \/>\n<meta property=\"og:site_name\" content=\"Aina Vall\u00e8s\" \/>\n<meta property=\"article:publisher\" content=\"https:\/\/www.facebook.com\/people\/Aina-Valls\/100090582199736\/\" \/>\n<meta property=\"article:published_time\" content=\"2025-01-21T10:00:35+00:00\" \/>\n<meta property=\"article:modified_time\" content=\"2025-01-24T10:00:27+00:00\" \/>\n<meta property=\"og:image\" content=\"https:\/\/ainavalles.com\/wp-content\/uploads\/2025\/01\/ft.jpg\" \/>\n\t<meta property=\"og:image:width\" content=\"1206\" \/>\n\t<meta property=\"og:image:height\" content=\"1365\" \/>\n\t<meta property=\"og:image:type\" content=\"image\/jpeg\" \/>\n<meta name=\"author\" content=\"Aina Vall\u00e9s\" \/>\n<meta name=\"twitter:card\" content=\"summary_large_image\" \/>\n<meta name=\"twitter:label1\" content=\"Escrit per\" \/>\n\t<meta name=\"twitter:data1\" content=\"Aina Vall\u00e9s\" \/>\n\t<meta name=\"twitter:label2\" content=\"Temps estimat de lectura\" \/>\n\t<meta name=\"twitter:data2\" content=\"4 minuts\" \/>\n<script type=\"application\/ld+json\" class=\"yoast-schema-graph\">{\"@context\":\"https:\/\/schema.org\",\"@graph\":[{\"@type\":\"Article\",\"@id\":\"https:\/\/ainavalles.com\/ca\/transforma-tu-hogar-y-tu-vida-con-la-ayuda-de-una-organizadora-profesional-conoce-a-magda-pujadas\/#article\",\"isPartOf\":{\"@id\":\"https:\/\/ainavalles.com\/ca\/transforma-tu-hogar-y-tu-vida-con-la-ayuda-de-una-organizadora-profesional-conoce-a-magda-pujadas\/\"},\"author\":{\"name\":\"Aina Vall\u00e9s\",\"@id\":\"https:\/\/ainavalles.com\/#\/schema\/person\/66806b4f2c1fbd143b75d1a0b0cfee0b\"},\"headline\":\"Transforma la teva llar i la teva vida amb l&#8217;ajuda d&#8217;una organitzadora d&#8217;espais: coneix a Magda Pujadas\",\"datePublished\":\"2025-01-21T10:00:35+00:00\",\"dateModified\":\"2025-01-24T10:00:27+00:00\",\"mainEntityOfPage\":{\"@id\":\"https:\/\/ainavalles.com\/ca\/transforma-tu-hogar-y-tu-vida-con-la-ayuda-de-una-organizadora-profesional-conoce-a-magda-pujadas\/\"},\"wordCount\":622,\"publisher\":{\"@id\":\"https:\/\/ainavalles.com\/#organization\"},\"image\":{\"@id\":\"https:\/\/ainavalles.com\/ca\/transforma-tu-hogar-y-tu-vida-con-la-ayuda-de-una-organizadora-profesional-conoce-a-magda-pujadas\/#primaryimage\"},\"thumbnailUrl\":\"https:\/\/ainavalles.com\/wp-content\/uploads\/2025\/01\/ft.jpg\",\"articleSection\":[\"Sin categorizar\"],\"inLanguage\":\"ca\"},{\"@type\":\"WebPage\",\"@id\":\"https:\/\/ainavalles.com\/ca\/transforma-tu-hogar-y-tu-vida-con-la-ayuda-de-una-organizadora-profesional-conoce-a-magda-pujadas\/\",\"url\":\"https:\/\/ainavalles.com\/ca\/transforma-tu-hogar-y-tu-vida-con-la-ayuda-de-una-organizadora-profesional-conoce-a-magda-pujadas\/\",\"name\":\"Transforma la teva llar i la teva vida amb l'ajuda d'una organitzadora d'espais: coneix a Magda Pujadas - Aina Vall\u00e8s\",\"isPartOf\":{\"@id\":\"https:\/\/ainavalles.com\/#website\"},\"primaryImageOfPage\":{\"@id\":\"https:\/\/ainavalles.com\/ca\/transforma-tu-hogar-y-tu-vida-con-la-ayuda-de-una-organizadora-profesional-conoce-a-magda-pujadas\/#primaryimage\"},\"image\":{\"@id\":\"https:\/\/ainavalles.com\/ca\/transforma-tu-hogar-y-tu-vida-con-la-ayuda-de-una-organizadora-profesional-conoce-a-magda-pujadas\/#primaryimage\"},\"thumbnailUrl\":\"https:\/\/ainavalles.com\/wp-content\/uploads\/2025\/01\/ft.jpg\",\"datePublished\":\"2025-01-21T10:00:35+00:00\",\"dateModified\":\"2025-01-24T10:00:27+00:00\",\"breadcrumb\":{\"@id\":\"https:\/\/ainavalles.com\/ca\/transforma-tu-hogar-y-tu-vida-con-la-ayuda-de-una-organizadora-profesional-conoce-a-magda-pujadas\/#breadcrumb\"},\"inLanguage\":\"ca\",\"potentialAction\":[{\"@type\":\"ReadAction\",\"target\":[\"https:\/\/ainavalles.com\/ca\/transforma-tu-hogar-y-tu-vida-con-la-ayuda-de-una-organizadora-profesional-conoce-a-magda-pujadas\/\"]}]},{\"@type\":\"ImageObject\",\"inLanguage\":\"ca\",\"@id\":\"https:\/\/ainavalles.com\/ca\/transforma-tu-hogar-y-tu-vida-con-la-ayuda-de-una-organizadora-profesional-conoce-a-magda-pujadas\/#primaryimage\",\"url\":\"https:\/\/ainavalles.com\/wp-content\/uploads\/2025\/01\/ft.jpg\",\"contentUrl\":\"https:\/\/ainavalles.com\/wp-content\/uploads\/2025\/01\/ft.jpg\",\"width\":1206,\"height\":1365},{\"@type\":\"BreadcrumbList\",\"@id\":\"https:\/\/ainavalles.com\/ca\/transforma-tu-hogar-y-tu-vida-con-la-ayuda-de-una-organizadora-profesional-conoce-a-magda-pujadas\/#breadcrumb\",\"itemListElement\":[{\"@type\":\"ListItem\",\"position\":1,\"name\":\"Portada\",\"item\":\"https:\/\/ainavalles.com\/\"},{\"@type\":\"ListItem\",\"position\":2,\"name\":\"Transforma la teva llar i la teva vida amb l&#8217;ajuda d&#8217;una organitzadora d&#8217;espais: coneix a Magda Pujadas\"}]},{\"@type\":\"WebSite\",\"@id\":\"https:\/\/ainavalles.com\/#website\",\"url\":\"https:\/\/ainavalles.com\/\",\"name\":\"Aina Vall\u00e8s\",\"description\":\"Interiorismo en Mallorca\",\"publisher\":{\"@id\":\"https:\/\/ainavalles.com\/#organization\"},\"potentialAction\":[{\"@type\":\"SearchAction\",\"target\":{\"@type\":\"EntryPoint\",\"urlTemplate\":\"https:\/\/ainavalles.com\/?s={search_term_string}\"},\"query-input\":{\"@type\":\"PropertyValueSpecification\",\"valueRequired\":true,\"valueName\":\"search_term_string\"}}],\"inLanguage\":\"ca\"},{\"@type\":\"Organization\",\"@id\":\"https:\/\/ainavalles.com\/#organization\",\"name\":\"Aina Vall\u00e8s\",\"url\":\"https:\/\/ainavalles.com\/\",\"logo\":{\"@type\":\"ImageObject\",\"inLanguage\":\"ca\",\"@id\":\"https:\/\/ainavalles.com\/#\/schema\/logo\/image\/\",\"url\":\"https:\/\/ainavalles.com\/wp-content\/uploads\/2023\/09\/logo.svg\",\"contentUrl\":\"https:\/\/ainavalles.com\/wp-content\/uploads\/2023\/09\/logo.svg\",\"width\":300,\"height\":244,\"caption\":\"Aina Vall\u00e8s\"},\"image\":{\"@id\":\"https:\/\/ainavalles.com\/#\/schema\/logo\/image\/\"},\"sameAs\":[\"https:\/\/www.facebook.com\/people\/Aina-Valls\/100090582199736\/\",\"https:\/\/www.instagram.com\/aina_valles\/\"]},{\"@type\":\"Person\",\"@id\":\"https:\/\/ainavalles.com\/#\/schema\/person\/66806b4f2c1fbd143b75d1a0b0cfee0b\",\"name\":\"Aina Vall\u00e9s\",\"sameAs\":[\"https:\/\/ainavalles.com\"]}]}<\/script>\n<!-- \/ Yoast SEO plugin. -->","yoast_head_json":{"title":"Transforma la teva llar i la teva vida amb l'ajuda d'una organitzadora d'espais: coneix a Magda Pujadas - Aina Vall\u00e8s","robots":{"index":"index","follow":"follow","max-snippet":"max-snippet:-1","max-image-preview":"max-image-preview:large","max-video-preview":"max-video-preview:-1"},"canonical":"https:\/\/ainavalles.com\/ca\/transforma-tu-hogar-y-tu-vida-con-la-ayuda-de-una-organizadora-profesional-conoce-a-magda-pujadas\/","og_locale":"ca_ES","og_type":"article","og_title":"Transforma la teva llar i la teva vida amb l'ajuda d'una organitzadora d'espais: coneix a Magda Pujadas - Aina Vall\u00e8s","og_description":"Complementa el disseny d&#8217;interiors amb l&#8217;organitzaci\u00f3 professionalEn el disseny d&#8217;interiors, cada espai ha de ser no sols est\u00e8ticament atractiu, sin\u00f3 tamb\u00e9 pr\u00e0ctic i funcional. En dissenyar mobiliari de cuines, armaris o vestidors amb mi, prestem especial atenci\u00f3 a l&#8217;optimitzaci\u00f3 de l&#8217;espai i a la personalitzaci\u00f3 segons les teves necessitats. No obstant aix\u00f2, una vegada instal\u00b7lats [&hellip;]","og_url":"https:\/\/ainavalles.com\/ca\/transforma-tu-hogar-y-tu-vida-con-la-ayuda-de-una-organizadora-profesional-conoce-a-magda-pujadas\/","og_site_name":"Aina Vall\u00e8s","article_publisher":"https:\/\/www.facebook.com\/people\/Aina-Valls\/100090582199736\/","article_published_time":"2025-01-21T10:00:35+00:00","article_modified_time":"2025-01-24T10:00:27+00:00","og_image":[{"width":1206,"height":1365,"url":"https:\/\/ainavalles.com\/wp-content\/uploads\/2025\/01\/ft.jpg","type":"image\/jpeg"}],"author":"Aina Vall\u00e9s","twitter_card":"summary_large_image","twitter_misc":{"Escrit per":"Aina Vall\u00e9s","Temps estimat de lectura":"4 minuts"},"schema":{"@context":"https:\/\/schema.org","@graph":[{"@type":"Article","@id":"https:\/\/ainavalles.com\/ca\/transforma-tu-hogar-y-tu-vida-con-la-ayuda-de-una-organizadora-profesional-conoce-a-magda-pujadas\/#article","isPartOf":{"@id":"https:\/\/ainavalles.com\/ca\/transforma-tu-hogar-y-tu-vida-con-la-ayuda-de-una-organizadora-profesional-conoce-a-magda-pujadas\/"},"author":{"name":"Aina Vall\u00e9s","@id":"https:\/\/ainavalles.com\/#\/schema\/person\/66806b4f2c1fbd143b75d1a0b0cfee0b"},"headline":"Transforma la teva llar i la teva vida amb l&#8217;ajuda d&#8217;una organitzadora d&#8217;espais: coneix a Magda Pujadas","datePublished":"2025-01-21T10:00:35+00:00","dateModified":"2025-01-24T10:00:27+00:00","mainEntityOfPage":{"@id":"https:\/\/ainavalles.com\/ca\/transforma-tu-hogar-y-tu-vida-con-la-ayuda-de-una-organizadora-profesional-conoce-a-magda-pujadas\/"},"wordCount":622,"publisher":{"@id":"https:\/\/ainavalles.com\/#organization"},"image":{"@id":"https:\/\/ainavalles.com\/ca\/transforma-tu-hogar-y-tu-vida-con-la-ayuda-de-una-organizadora-profesional-conoce-a-magda-pujadas\/#primaryimage"},"thumbnailUrl":"https:\/\/ainavalles.com\/wp-content\/uploads\/2025\/01\/ft.jpg","articleSection":["Sin categorizar"],"inLanguage":"ca"},{"@type":"WebPage","@id":"https:\/\/ainavalles.com\/ca\/transforma-tu-hogar-y-tu-vida-con-la-ayuda-de-una-organizadora-profesional-conoce-a-magda-pujadas\/","url":"https:\/\/ainavalles.com\/ca\/transforma-tu-hogar-y-tu-vida-con-la-ayuda-de-una-organizadora-profesional-conoce-a-magda-pujadas\/","name":"Transforma la teva llar i la teva vida amb l'ajuda d'una organitzadora d'espais: coneix a Magda Pujadas - Aina Vall\u00e8s","isPartOf":{"@id":"https:\/\/ainavalles.com\/#website"},"primaryImageOfPage":{"@id":"https:\/\/ainavalles.com\/ca\/transforma-tu-hogar-y-tu-vida-con-la-ayuda-de-una-organizadora-profesional-conoce-a-magda-pujadas\/#primaryimage"},"image":{"@id":"https:\/\/ainavalles.com\/ca\/transforma-tu-hogar-y-tu-vida-con-la-ayuda-de-una-organizadora-profesional-conoce-a-magda-pujadas\/#primaryimage"},"thumbnailUrl":"https:\/\/ainavalles.com\/wp-content\/uploads\/2025\/01\/ft.jpg","datePublished":"2025-01-21T10:00:35+00:00","dateModified":"2025-01-24T10:00:27+00:00","breadcrumb":{"@id":"https:\/\/ainavalles.com\/ca\/transforma-tu-hogar-y-tu-vida-con-la-ayuda-de-una-organizadora-profesional-conoce-a-magda-pujadas\/#breadcrumb"},"inLanguage":"ca","potentialAction":[{"@type":"ReadAction","target":["https:\/\/ainavalles.com\/ca\/transforma-tu-hogar-y-tu-vida-con-la-ayuda-de-una-organizadora-profesional-conoce-a-magda-pujadas\/"]}]},{"@type":"ImageObject","inLanguage":"ca","@id":"https:\/\/ainavalles.com\/ca\/transforma-tu-hogar-y-tu-vida-con-la-ayuda-de-una-organizadora-profesional-conoce-a-magda-pujadas\/#primaryimage","url":"https:\/\/ainavalles.com\/wp-content\/uploads\/2025\/01\/ft.jpg","contentUrl":"https:\/\/ainavalles.com\/wp-content\/uploads\/2025\/01\/ft.jpg","width":1206,"height":1365},{"@type":"BreadcrumbList","@id":"https:\/\/ainavalles.com\/ca\/transforma-tu-hogar-y-tu-vida-con-la-ayuda-de-una-organizadora-profesional-conoce-a-magda-pujadas\/#breadcrumb","itemListElement":[{"@type":"ListItem","position":1,"name":"Portada","item":"https:\/\/ainavalles.com\/"},{"@type":"ListItem","position":2,"name":"Transforma la teva llar i la teva vida amb l&#8217;ajuda d&#8217;una organitzadora d&#8217;espais: coneix a Magda Pujadas"}]},{"@type":"WebSite","@id":"https:\/\/ainavalles.com\/#website","url":"https:\/\/ainavalles.com\/","name":"Aina Vall\u00e8s","description":"Interiorismo en Mallorca","publisher":{"@id":"https:\/\/ainavalles.com\/#organization"},"potentialAction":[{"@type":"SearchAction","target":{"@type":"EntryPoint","urlTemplate":"https:\/\/ainavalles.com\/?s={search_term_string}"},"query-input":{"@type":"PropertyValueSpecification","valueRequired":true,"valueName":"search_term_string"}}],"inLanguage":"ca"},{"@type":"Organization","@id":"https:\/\/ainavalles.com\/#organization","name":"Aina Vall\u00e8s","url":"https:\/\/ainavalles.com\/","logo":{"@type":"ImageObject","inLanguage":"ca","@id":"https:\/\/ainavalles.com\/#\/schema\/logo\/image\/","url":"https:\/\/ainavalles.com\/wp-content\/uploads\/2023\/09\/logo.svg","contentUrl":"https:\/\/ainavalles.com\/wp-content\/uploads\/2023\/09\/logo.svg","width":300,"height":244,"caption":"Aina Vall\u00e8s"},"image":{"@id":"https:\/\/ainavalles.com\/#\/schema\/logo\/image\/"},"sameAs":["https:\/\/www.facebook.com\/people\/Aina-Valls\/100090582199736\/","https:\/\/www.instagram.com\/aina_valles\/"]},{"@type":"Person","@id":"https:\/\/ainavalles.com\/#\/schema\/person\/66806b4f2c1fbd143b75d1a0b0cfee0b","name":"Aina Vall\u00e9s","sameAs":["https:\/\/ainavalles.com"]}]}},"_links":{"self":[{"href":"https:\/\/ainavalles.com\/ca\/wp-json\/wp\/v2\/posts\/2531","targetHints":{"allow":["GET"]}}],"collection":[{"href":"https:\/\/ainavalles.com\/ca\/wp-json\/wp\/v2\/posts"}],"about":[{"href":"https:\/\/ainavalles.com\/ca\/wp-json\/wp\/v2\/types\/post"}],"author":[{"embeddable":true,"href":"https:\/\/ainavalles.com\/ca\/wp-json\/wp\/v2\/users\/2"}],"replies":[{"embeddable":true,"href":"https:\/\/ainavalles.com\/ca\/wp-json\/wp\/v2\/comments?post=2531"}],"version-history":[{"count":1,"href":"https:\/\/ainavalles.com\/ca\/wp-json\/wp\/v2\/posts\/2531\/revisions"}],"predecessor-version":[{"id":2533,"href":"https:\/\/ainavalles.com\/ca\/wp-json\/wp\/v2\/posts\/2531\/revisions\/2533"}],"wp:featuredmedia":[{"embeddable":true,"href":"https:\/\/ainavalles.com\/ca\/wp-json\/wp\/v2\/media\/2483"}],"wp:attachment":[{"href":"https:\/\/ainavalles.com\/ca\/wp-json\/wp\/v2\/media?parent=2531"}],"wp:term":[{"taxonomy":"category","embeddable":true,"href":"https:\/\/ainavalles.com\/ca\/wp-json\/wp\/v2\/categories?post=2531"},{"taxonomy":"post_tag","embeddable":true,"href":"https:\/\/ainavalles.com\/ca\/wp-json\/wp\/v2\/tags?post=2531"}],"curies":[{"name":"wp","href":"https:\/\/api.w.org\/{rel}","templated":true}]}}