{"id":2540,"date":"2025-01-24T10:44:45","date_gmt":"2025-01-24T08:44:45","guid":{"rendered":"https:\/\/ainavalles.com\/un-hogar-perfecto-desde-el-diseno-hasta-la-limpieza-profesional-con-neteja-xl\/"},"modified":"2025-01-28T11:10:56","modified_gmt":"2025-01-28T09:10:56","slug":"un-hogar-perfecto-desde-el-diseno-hasta-la-limpieza-profesional-con-neteja-xl","status":"publish","type":"post","link":"https:\/\/ainavalles.com\/ca\/un-hogar-perfecto-desde-el-diseno-hasta-la-limpieza-profesional-con-neteja-xl\/","title":{"rendered":"Una llar perfecta des del disseny fins a la neteja professional amb Neteja XL"},"content":{"rendered":"\n<p>En Aina Vall\u00e9s Disseny d&#8217;Interiors, cada projecte de disseny i mobiliari a mesura \u00e9s \u00fanic, pensat per a oferir-te la m\u00e0xima funcionalitat i est\u00e8tica en la teva llar. Des de la instal\u00b7laci\u00f3 de cuines, armaris i vestidors, fins a banys o bugaderies, cada detall compta. Per\u00f2 perqu\u00e8 el resultat sigui veritablement impecable, la preparaci\u00f3 pr\u00e8via de l&#8217;espai \u00e9s clau.<\/p>\n\n\n<div class=\"wp-block-image\">\n<figure class=\"aligncenter size-full is-resized\"><img decoding=\"async\" width=\"150\" height=\"150\" src=\"https:\/\/ainavalles.com\/wp-content\/uploads\/2025\/01\/Imagen-de-WhatsApp-2025-01-24-a-las-10.25.13_4bf09cad-1.jpg\" alt=\"\" class=\"wp-image-2525\" style=\"width:130px;height:auto\"\/><\/figure>\n<\/div>\n\n\n<p>Per aix\u00f2 col\u00b7laborem amb professionals com Neteja XL, liderada per Xisca Llopis, una experta en neteja professional que aporta un toc d&#8217;excel\u00b7l\u00e8ncia en cada projecte. El seu equip no sols s&#8217;encarrega de realitzar neteges profundes abans d&#8217;instal\u00b7lar el mobiliari, sin\u00f3 que tamb\u00e9 \u00e9s especialista en la cura de superf\u00edcies delicades i tractaments espec\u00edfics.<\/p>\n\n\n\n<p>Entre els serveis destacats de Neteja XL, s&#8217;inclou el tractament de rajoles hidr\u00e0uliques, el manteniment i protecci\u00f3 de s\u00f2ls naturals i la cura de plaques de cocci\u00f3 de pedra natural. Aquestes t\u00e8cniques no sols realcen la bellesa dels materials, sin\u00f3 que garanteixen la seva durabilitat i resist\u00e8ncia, una cosa essencial en espais com a cuines o banys.<\/p>\n\n\n<div class=\"wp-block-image\">\n<figure class=\"aligncenter size-full is-resized\"><img fetchpriority=\"high\" decoding=\"async\" width=\"2000\" height=\"1536\" src=\"https:\/\/ainavalles.com\/wp-content\/uploads\/2025\/01\/baldosa-hidraulica.jpg\" alt=\"\" class=\"wp-image-2512\" style=\"width:449px;height:auto\" srcset=\"https:\/\/ainavalles.com\/wp-content\/uploads\/2025\/01\/baldosa-hidraulica.jpg 2000w, https:\/\/ainavalles.com\/wp-content\/uploads\/2025\/01\/baldosa-hidraulica-768x590.jpg 768w, https:\/\/ainavalles.com\/wp-content\/uploads\/2025\/01\/baldosa-hidraulica-1536x1180.jpg 1536w\" sizes=\"(max-width: 2000px) 100vw, 2000px\" \/><\/figure>\n<\/div>\n\n\n<p>Quan combinem els nostres dissenys personalitzats i la instal\u00b7laci\u00f3 de mobiliari amb la neteja i els tractaments especialitzats de Neteja XL, aconseguim resultats que no sols s\u00f3n funcionals i est\u00e8tics, sin\u00f3 que tamb\u00e9 es mantenen com a nous per molt m\u00e9s temps.<\/p>\n\n\n<div class=\"wp-block-image\">\n<figure class=\"aligncenter size-full is-resized\"><img decoding=\"async\" width=\"612\" height=\"408\" src=\"https:\/\/ainavalles.com\/wp-content\/uploads\/2025\/01\/parquet-1.jpg\" alt=\"\" class=\"wp-image-2519\" style=\"width:440px;height:auto\"\/><\/figure>\n<\/div>\n\n\n<p>Si est\u00e0s pensant a renovar la teva llar amb un disseny \u00fanic i personalitzat, no oblidis la import\u00e0ncia de treballar amb experts en cada \u00e0rea. Amb Aina Vall\u00e9s i Neteja XL, la teva llar estar\u00e0 llesta per a lluir impecable des del primer moment.<\/p>\n\n\n\n<p>Contacte:<\/p>\n\n\n\n<ul class=\"wp-block-list\">\n<li><strong>Tel\u00e8fon<\/strong>: +34 649 87 51 54 (<em>Xisca) \/ +34\u00a0616\u00a038\u00a054\u00a068 (<\/em>Ti\u00e0)<\/li>\n\n\n\n<li><strong>Correu electr\u00f2nic<\/strong>: xllopis@hotmail.com<\/li>\n\n\n\n<li><strong>Instagram<\/strong>: @netejaxl<\/li>\n<\/ul>\n\n\n\n<p><\/p>\n","protected":false},"excerpt":{"rendered":"<p>En Aina Vall\u00e9s Disseny d&#8217;Interiors, cada projecte de disseny i mobiliari a mesura \u00e9s \u00fanic, pensat per a oferir-te la m\u00e0xima funcionalitat i est\u00e8tica en la teva llar. Des de la instal\u00b7laci\u00f3 de cuines, armaris i vestidors, fins a banys o bugaderies, cada detall compta. Per\u00f2 perqu\u00e8 el resultat sigui veritablement impecable, la preparaci\u00f3 pr\u00e8via [&hellip;]<\/p>\n","protected":false},"author":2,"featured_media":2517,"comment_status":"closed","ping_status":"closed","sticky":false,"template":"","format":"standard","meta":{"_acf_changed":false,"footnotes":""},"categories":[17],"tags":[],"class_list":["post-2540","post","type-post","status-publish","format-standard","has-post-thumbnail","hentry","category-sin-categorizar-2"],"acf":[],"yoast_head":"<!-- This site is optimized with the Yoast SEO plugin v26.8 - https:\/\/yoast.com\/product\/yoast-seo-wordpress\/ -->\n<title>Una llar perfecta des del disseny fins a la neteja professional amb Neteja XL - Aina Vall\u00e8s<\/title>\n<meta name=\"robots\" content=\"index, follow, max-snippet:-1, max-image-preview:large, max-video-preview:-1\" \/>\n<link rel=\"canonical\" href=\"https:\/\/ainavalles.com\/ca\/un-hogar-perfecto-desde-el-diseno-hasta-la-limpieza-profesional-con-neteja-xl\/\" \/>\n<meta property=\"og:locale\" content=\"ca_ES\" \/>\n<meta property=\"og:type\" content=\"article\" \/>\n<meta property=\"og:title\" content=\"Una llar perfecta des del disseny fins a la neteja professional amb Neteja XL - Aina Vall\u00e8s\" \/>\n<meta property=\"og:description\" content=\"En Aina Vall\u00e9s Disseny d&#8217;Interiors, cada projecte de disseny i mobiliari a mesura \u00e9s \u00fanic, pensat per a oferir-te la m\u00e0xima funcionalitat i est\u00e8tica en la teva llar. Des de la instal\u00b7laci\u00f3 de cuines, armaris i vestidors, fins a banys o bugaderies, cada detall compta. Per\u00f2 perqu\u00e8 el resultat sigui veritablement impecable, la preparaci\u00f3 pr\u00e8via [&hellip;]\" \/>\n<meta property=\"og:url\" content=\"https:\/\/ainavalles.com\/ca\/un-hogar-perfecto-desde-el-diseno-hasta-la-limpieza-profesional-con-neteja-xl\/\" \/>\n<meta property=\"og:site_name\" content=\"Aina Vall\u00e8s\" \/>\n<meta property=\"article:publisher\" content=\"https:\/\/www.facebook.com\/people\/Aina-Valls\/100090582199736\/\" \/>\n<meta property=\"article:published_time\" content=\"2025-01-24T08:44:45+00:00\" \/>\n<meta property=\"article:modified_time\" content=\"2025-01-28T09:10:56+00:00\" \/>\n<meta property=\"og:image\" content=\"https:\/\/ainavalles.com\/wp-content\/uploads\/2025\/01\/parquet.jpg\" \/>\n\t<meta property=\"og:image:width\" content=\"612\" \/>\n\t<meta property=\"og:image:height\" content=\"408\" \/>\n\t<meta property=\"og:image:type\" content=\"image\/jpeg\" \/>\n<meta name=\"author\" content=\"Aina Vall\u00e9s\" \/>\n<meta name=\"twitter:card\" content=\"summary_large_image\" \/>\n<meta name=\"twitter:label1\" content=\"Escrit per\" \/>\n\t<meta name=\"twitter:data1\" content=\"Aina Vall\u00e9s\" \/>\n\t<meta name=\"twitter:label2\" content=\"Temps estimat de lectura\" \/>\n\t<meta name=\"twitter:data2\" content=\"3 minuts\" \/>\n<script type=\"application\/ld+json\" class=\"yoast-schema-graph\">{\"@context\":\"https:\/\/schema.org\",\"@graph\":[{\"@type\":\"Article\",\"@id\":\"https:\/\/ainavalles.com\/ca\/un-hogar-perfecto-desde-el-diseno-hasta-la-limpieza-profesional-con-neteja-xl\/#article\",\"isPartOf\":{\"@id\":\"https:\/\/ainavalles.com\/ca\/un-hogar-perfecto-desde-el-diseno-hasta-la-limpieza-profesional-con-neteja-xl\/\"},\"author\":{\"name\":\"Aina Vall\u00e9s\",\"@id\":\"https:\/\/ainavalles.com\/#\/schema\/person\/66806b4f2c1fbd143b75d1a0b0cfee0b\"},\"headline\":\"Una llar perfecta des del disseny fins a la neteja professional amb Neteja XL\",\"datePublished\":\"2025-01-24T08:44:45+00:00\",\"dateModified\":\"2025-01-28T09:10:56+00:00\",\"mainEntityOfPage\":{\"@id\":\"https:\/\/ainavalles.com\/ca\/un-hogar-perfecto-desde-el-diseno-hasta-la-limpieza-profesional-con-neteja-xl\/\"},\"wordCount\":310,\"publisher\":{\"@id\":\"https:\/\/ainavalles.com\/#organization\"},\"image\":{\"@id\":\"https:\/\/ainavalles.com\/ca\/un-hogar-perfecto-desde-el-diseno-hasta-la-limpieza-profesional-con-neteja-xl\/#primaryimage\"},\"thumbnailUrl\":\"https:\/\/ainavalles.com\/wp-content\/uploads\/2025\/01\/parquet.jpg\",\"articleSection\":[\"Sin categorizar\"],\"inLanguage\":\"ca\"},{\"@type\":\"WebPage\",\"@id\":\"https:\/\/ainavalles.com\/ca\/un-hogar-perfecto-desde-el-diseno-hasta-la-limpieza-profesional-con-neteja-xl\/\",\"url\":\"https:\/\/ainavalles.com\/ca\/un-hogar-perfecto-desde-el-diseno-hasta-la-limpieza-profesional-con-neteja-xl\/\",\"name\":\"Una llar perfecta des del disseny fins a la neteja professional amb Neteja XL - Aina Vall\u00e8s\",\"isPartOf\":{\"@id\":\"https:\/\/ainavalles.com\/#website\"},\"primaryImageOfPage\":{\"@id\":\"https:\/\/ainavalles.com\/ca\/un-hogar-perfecto-desde-el-diseno-hasta-la-limpieza-profesional-con-neteja-xl\/#primaryimage\"},\"image\":{\"@id\":\"https:\/\/ainavalles.com\/ca\/un-hogar-perfecto-desde-el-diseno-hasta-la-limpieza-profesional-con-neteja-xl\/#primaryimage\"},\"thumbnailUrl\":\"https:\/\/ainavalles.com\/wp-content\/uploads\/2025\/01\/parquet.jpg\",\"datePublished\":\"2025-01-24T08:44:45+00:00\",\"dateModified\":\"2025-01-28T09:10:56+00:00\",\"breadcrumb\":{\"@id\":\"https:\/\/ainavalles.com\/ca\/un-hogar-perfecto-desde-el-diseno-hasta-la-limpieza-profesional-con-neteja-xl\/#breadcrumb\"},\"inLanguage\":\"ca\",\"potentialAction\":[{\"@type\":\"ReadAction\",\"target\":[\"https:\/\/ainavalles.com\/ca\/un-hogar-perfecto-desde-el-diseno-hasta-la-limpieza-profesional-con-neteja-xl\/\"]}]},{\"@type\":\"ImageObject\",\"inLanguage\":\"ca\",\"@id\":\"https:\/\/ainavalles.com\/ca\/un-hogar-perfecto-desde-el-diseno-hasta-la-limpieza-profesional-con-neteja-xl\/#primaryimage\",\"url\":\"https:\/\/ainavalles.com\/wp-content\/uploads\/2025\/01\/parquet.jpg\",\"contentUrl\":\"https:\/\/ainavalles.com\/wp-content\/uploads\/2025\/01\/parquet.jpg\",\"width\":612,\"height\":408,\"caption\":\"a professional master cleans the floor (parquet) with a polishing machine\"},{\"@type\":\"BreadcrumbList\",\"@id\":\"https:\/\/ainavalles.com\/ca\/un-hogar-perfecto-desde-el-diseno-hasta-la-limpieza-profesional-con-neteja-xl\/#breadcrumb\",\"itemListElement\":[{\"@type\":\"ListItem\",\"position\":1,\"name\":\"Portada\",\"item\":\"https:\/\/ainavalles.com\/\"},{\"@type\":\"ListItem\",\"position\":2,\"name\":\"Una llar perfecta des del disseny fins a la neteja professional amb Neteja XL\"}]},{\"@type\":\"WebSite\",\"@id\":\"https:\/\/ainavalles.com\/#website\",\"url\":\"https:\/\/ainavalles.com\/\",\"name\":\"Aina Vall\u00e8s\",\"description\":\"Interiorismo en Mallorca\",\"publisher\":{\"@id\":\"https:\/\/ainavalles.com\/#organization\"},\"potentialAction\":[{\"@type\":\"SearchAction\",\"target\":{\"@type\":\"EntryPoint\",\"urlTemplate\":\"https:\/\/ainavalles.com\/?s={search_term_string}\"},\"query-input\":{\"@type\":\"PropertyValueSpecification\",\"valueRequired\":true,\"valueName\":\"search_term_string\"}}],\"inLanguage\":\"ca\"},{\"@type\":\"Organization\",\"@id\":\"https:\/\/ainavalles.com\/#organization\",\"name\":\"Aina Vall\u00e8s\",\"url\":\"https:\/\/ainavalles.com\/\",\"logo\":{\"@type\":\"ImageObject\",\"inLanguage\":\"ca\",\"@id\":\"https:\/\/ainavalles.com\/#\/schema\/logo\/image\/\",\"url\":\"https:\/\/ainavalles.com\/wp-content\/uploads\/2023\/09\/logo.svg\",\"contentUrl\":\"https:\/\/ainavalles.com\/wp-content\/uploads\/2023\/09\/logo.svg\",\"width\":300,\"height\":244,\"caption\":\"Aina Vall\u00e8s\"},\"image\":{\"@id\":\"https:\/\/ainavalles.com\/#\/schema\/logo\/image\/\"},\"sameAs\":[\"https:\/\/www.facebook.com\/people\/Aina-Valls\/100090582199736\/\",\"https:\/\/www.instagram.com\/aina_valles\/\"]},{\"@type\":\"Person\",\"@id\":\"https:\/\/ainavalles.com\/#\/schema\/person\/66806b4f2c1fbd143b75d1a0b0cfee0b\",\"name\":\"Aina Vall\u00e9s\",\"sameAs\":[\"https:\/\/ainavalles.com\"]}]}<\/script>\n<!-- \/ Yoast SEO plugin. -->","yoast_head_json":{"title":"Una llar perfecta des del disseny fins a la neteja professional amb Neteja XL - Aina Vall\u00e8s","robots":{"index":"index","follow":"follow","max-snippet":"max-snippet:-1","max-image-preview":"max-image-preview:large","max-video-preview":"max-video-preview:-1"},"canonical":"https:\/\/ainavalles.com\/ca\/un-hogar-perfecto-desde-el-diseno-hasta-la-limpieza-profesional-con-neteja-xl\/","og_locale":"ca_ES","og_type":"article","og_title":"Una llar perfecta des del disseny fins a la neteja professional amb Neteja XL - Aina Vall\u00e8s","og_description":"En Aina Vall\u00e9s Disseny d&#8217;Interiors, cada projecte de disseny i mobiliari a mesura \u00e9s \u00fanic, pensat per a oferir-te la m\u00e0xima funcionalitat i est\u00e8tica en la teva llar. Des de la instal\u00b7laci\u00f3 de cuines, armaris i vestidors, fins a banys o bugaderies, cada detall compta. Per\u00f2 perqu\u00e8 el resultat sigui veritablement impecable, la preparaci\u00f3 pr\u00e8via [&hellip;]","og_url":"https:\/\/ainavalles.com\/ca\/un-hogar-perfecto-desde-el-diseno-hasta-la-limpieza-profesional-con-neteja-xl\/","og_site_name":"Aina Vall\u00e8s","article_publisher":"https:\/\/www.facebook.com\/people\/Aina-Valls\/100090582199736\/","article_published_time":"2025-01-24T08:44:45+00:00","article_modified_time":"2025-01-28T09:10:56+00:00","og_image":[{"width":612,"height":408,"url":"https:\/\/ainavalles.com\/wp-content\/uploads\/2025\/01\/parquet.jpg","type":"image\/jpeg"}],"author":"Aina Vall\u00e9s","twitter_card":"summary_large_image","twitter_misc":{"Escrit per":"Aina Vall\u00e9s","Temps estimat de lectura":"3 minuts"},"schema":{"@context":"https:\/\/schema.org","@graph":[{"@type":"Article","@id":"https:\/\/ainavalles.com\/ca\/un-hogar-perfecto-desde-el-diseno-hasta-la-limpieza-profesional-con-neteja-xl\/#article","isPartOf":{"@id":"https:\/\/ainavalles.com\/ca\/un-hogar-perfecto-desde-el-diseno-hasta-la-limpieza-profesional-con-neteja-xl\/"},"author":{"name":"Aina Vall\u00e9s","@id":"https:\/\/ainavalles.com\/#\/schema\/person\/66806b4f2c1fbd143b75d1a0b0cfee0b"},"headline":"Una llar perfecta des del disseny fins a la neteja professional amb Neteja XL","datePublished":"2025-01-24T08:44:45+00:00","dateModified":"2025-01-28T09:10:56+00:00","mainEntityOfPage":{"@id":"https:\/\/ainavalles.com\/ca\/un-hogar-perfecto-desde-el-diseno-hasta-la-limpieza-profesional-con-neteja-xl\/"},"wordCount":310,"publisher":{"@id":"https:\/\/ainavalles.com\/#organization"},"image":{"@id":"https:\/\/ainavalles.com\/ca\/un-hogar-perfecto-desde-el-diseno-hasta-la-limpieza-profesional-con-neteja-xl\/#primaryimage"},"thumbnailUrl":"https:\/\/ainavalles.com\/wp-content\/uploads\/2025\/01\/parquet.jpg","articleSection":["Sin categorizar"],"inLanguage":"ca"},{"@type":"WebPage","@id":"https:\/\/ainavalles.com\/ca\/un-hogar-perfecto-desde-el-diseno-hasta-la-limpieza-profesional-con-neteja-xl\/","url":"https:\/\/ainavalles.com\/ca\/un-hogar-perfecto-desde-el-diseno-hasta-la-limpieza-profesional-con-neteja-xl\/","name":"Una llar perfecta des del disseny fins a la neteja professional amb Neteja XL - Aina Vall\u00e8s","isPartOf":{"@id":"https:\/\/ainavalles.com\/#website"},"primaryImageOfPage":{"@id":"https:\/\/ainavalles.com\/ca\/un-hogar-perfecto-desde-el-diseno-hasta-la-limpieza-profesional-con-neteja-xl\/#primaryimage"},"image":{"@id":"https:\/\/ainavalles.com\/ca\/un-hogar-perfecto-desde-el-diseno-hasta-la-limpieza-profesional-con-neteja-xl\/#primaryimage"},"thumbnailUrl":"https:\/\/ainavalles.com\/wp-content\/uploads\/2025\/01\/parquet.jpg","datePublished":"2025-01-24T08:44:45+00:00","dateModified":"2025-01-28T09:10:56+00:00","breadcrumb":{"@id":"https:\/\/ainavalles.com\/ca\/un-hogar-perfecto-desde-el-diseno-hasta-la-limpieza-profesional-con-neteja-xl\/#breadcrumb"},"inLanguage":"ca","potentialAction":[{"@type":"ReadAction","target":["https:\/\/ainavalles.com\/ca\/un-hogar-perfecto-desde-el-diseno-hasta-la-limpieza-profesional-con-neteja-xl\/"]}]},{"@type":"ImageObject","inLanguage":"ca","@id":"https:\/\/ainavalles.com\/ca\/un-hogar-perfecto-desde-el-diseno-hasta-la-limpieza-profesional-con-neteja-xl\/#primaryimage","url":"https:\/\/ainavalles.com\/wp-content\/uploads\/2025\/01\/parquet.jpg","contentUrl":"https:\/\/ainavalles.com\/wp-content\/uploads\/2025\/01\/parquet.jpg","width":612,"height":408,"caption":"a professional master cleans the floor (parquet) with a polishing machine"},{"@type":"BreadcrumbList","@id":"https:\/\/ainavalles.com\/ca\/un-hogar-perfecto-desde-el-diseno-hasta-la-limpieza-profesional-con-neteja-xl\/#breadcrumb","itemListElement":[{"@type":"ListItem","position":1,"name":"Portada","item":"https:\/\/ainavalles.com\/"},{"@type":"ListItem","position":2,"name":"Una llar perfecta des del disseny fins a la neteja professional amb Neteja XL"}]},{"@type":"WebSite","@id":"https:\/\/ainavalles.com\/#website","url":"https:\/\/ainavalles.com\/","name":"Aina Vall\u00e8s","description":"Interiorismo en Mallorca","publisher":{"@id":"https:\/\/ainavalles.com\/#organization"},"potentialAction":[{"@type":"SearchAction","target":{"@type":"EntryPoint","urlTemplate":"https:\/\/ainavalles.com\/?s={search_term_string}"},"query-input":{"@type":"PropertyValueSpecification","valueRequired":true,"valueName":"search_term_string"}}],"inLanguage":"ca"},{"@type":"Organization","@id":"https:\/\/ainavalles.com\/#organization","name":"Aina Vall\u00e8s","url":"https:\/\/ainavalles.com\/","logo":{"@type":"ImageObject","inLanguage":"ca","@id":"https:\/\/ainavalles.com\/#\/schema\/logo\/image\/","url":"https:\/\/ainavalles.com\/wp-content\/uploads\/2023\/09\/logo.svg","contentUrl":"https:\/\/ainavalles.com\/wp-content\/uploads\/2023\/09\/logo.svg","width":300,"height":244,"caption":"Aina Vall\u00e8s"},"image":{"@id":"https:\/\/ainavalles.com\/#\/schema\/logo\/image\/"},"sameAs":["https:\/\/www.facebook.com\/people\/Aina-Valls\/100090582199736\/","https:\/\/www.instagram.com\/aina_valles\/"]},{"@type":"Person","@id":"https:\/\/ainavalles.com\/#\/schema\/person\/66806b4f2c1fbd143b75d1a0b0cfee0b","name":"Aina Vall\u00e9s","sameAs":["https:\/\/ainavalles.com"]}]}},"_links":{"self":[{"href":"https:\/\/ainavalles.com\/ca\/wp-json\/wp\/v2\/posts\/2540","targetHints":{"allow":["GET"]}}],"collection":[{"href":"https:\/\/ainavalles.com\/ca\/wp-json\/wp\/v2\/posts"}],"about":[{"href":"https:\/\/ainavalles.com\/ca\/wp-json\/wp\/v2\/types\/post"}],"author":[{"embeddable":true,"href":"https:\/\/ainavalles.com\/ca\/wp-json\/wp\/v2\/users\/2"}],"replies":[{"embeddable":true,"href":"https:\/\/ainavalles.com\/ca\/wp-json\/wp\/v2\/comments?post=2540"}],"version-history":[{"count":1,"href":"https:\/\/ainavalles.com\/ca\/wp-json\/wp\/v2\/posts\/2540\/revisions"}],"predecessor-version":[{"id":2542,"href":"https:\/\/ainavalles.com\/ca\/wp-json\/wp\/v2\/posts\/2540\/revisions\/2542"}],"wp:featuredmedia":[{"embeddable":true,"href":"https:\/\/ainavalles.com\/ca\/wp-json\/wp\/v2\/media\/2517"}],"wp:attachment":[{"href":"https:\/\/ainavalles.com\/ca\/wp-json\/wp\/v2\/media?parent=2540"}],"wp:term":[{"taxonomy":"category","embeddable":true,"href":"https:\/\/ainavalles.com\/ca\/wp-json\/wp\/v2\/categories?post=2540"},{"taxonomy":"post_tag","embeddable":true,"href":"https:\/\/ainavalles.com\/ca\/wp-json\/wp\/v2\/tags?post=2540"}],"curies":[{"name":"wp","href":"https:\/\/api.w.org\/{rel}","templated":true}]}}