{"id":2601,"date":"2025-02-11T12:57:57","date_gmt":"2025-02-11T10:57:57","guid":{"rendered":"https:\/\/ainavalles.com\/disena-puertas-a-medida-para-un-hogar-en-armonia\/"},"modified":"2025-02-11T13:11:59","modified_gmt":"2025-02-11T11:11:59","slug":"disena-puertas-a-medida-para-un-hogar-en-armonia","status":"publish","type":"post","link":"https:\/\/ainavalles.com\/ca\/disena-puertas-a-medida-para-un-hogar-en-armonia\/","title":{"rendered":"Dissenya portes a mesura per a una llar en harmonia"},"content":{"rendered":"\n<p>En Aina Vall\u00e9s Disseny d&#8217;Interiors, no sols dissenyem, fabriquem i instal\u00b7lem mobiliari a mesura; tamb\u00e9 oferim la possibilitat de personalitzar portes per a qualsevol estada de la teva llar. Aquest servei exclusiu permet crear un disseny \u00fanic i coherent que connecta totes les \u00e0rees de la teva casa, des de la cuina fins als dormitoris, passant per banys, armaris o fins i tot rebostos.<\/p>\n\n\n<div class=\"wp-block-image\">\n<figure class=\"aligncenter size-full is-resized\"><img fetchpriority=\"high\" decoding=\"async\" width=\"1920\" height=\"1280\" src=\"https:\/\/ainavalles.com\/wp-content\/uploads\/2025\/02\/Aina-Valles-interiorista-1-scaled.jpg\" alt=\"\" class=\"wp-image-2597\" style=\"width:451px;height:auto\" srcset=\"https:\/\/ainavalles.com\/wp-content\/uploads\/2025\/02\/Aina-Valles-interiorista-1-scaled.jpg 1920w, https:\/\/ainavalles.com\/wp-content\/uploads\/2025\/02\/Aina-Valles-interiorista-1-768x512.jpg 768w, https:\/\/ainavalles.com\/wp-content\/uploads\/2025\/02\/Aina-Valles-interiorista-1-1536x1024.jpg 1536w, https:\/\/ainavalles.com\/wp-content\/uploads\/2025\/02\/Aina-Valles-interiorista-1-2048x1365.jpg 2048w\" sizes=\"(max-width: 1920px) 100vw, 1920px\" \/><\/figure>\n<\/div>\n\n\n<p><strong>La import\u00e0ncia de les portes personalitzades<\/strong><\/p>\n\n\n\n<p>Les portes s\u00f3n un element clau en qualsevol espai, no sols per la seva funcionalitat, sin\u00f3 tamb\u00e9 pel seu impacte est\u00e8tic. Personalitzar les portes de la teva llar et permet:<\/p>\n\n\n\n<ul class=\"wp-block-list\">\n<li><strong>Mantenir una harmonia visual:<\/strong> Crear un disseny unificat que reflecteixi el teu estil en totes les estades.<\/li>\n\n\n\n<li><strong>Aprofitar materials espec\u00edfics:<\/strong> Depenent del material triat (fusta natural, laminats, lacats, etc.), pots explorar diferents acabats, textures i colors.<\/li>\n\n\n\n<li><strong>Afegir valor al disseny:<\/strong> Les portes personalitzades s\u00f3n un detall que marca la difer\u00e8ncia i transforma la teva llar en un espai \u00fanic.<\/li>\n<\/ul>\n\n\n\n<p><strong>Materials i possibilitats<\/strong><\/p>\n\n\n\n<p>Cada material ofereix opcions distintes que podem aprofitar al m\u00e0xim:<\/p>\n\n\n\n<ul class=\"wp-block-list\">\n<li><strong>Fusta natural<\/strong>: Ideal per a un ambient c\u00e0lid i atemporal. Es pot utilitzar per a portes d&#8217;interior o d&#8217;armaris, mantenint la mateixa veta i tonalitat.<\/li>\n<\/ul>\n\n\n<div class=\"wp-block-image\">\n<figure class=\"aligncenter size-full is-resized\"><img decoding=\"async\" width=\"1920\" height=\"1280\" src=\"https:\/\/ainavalles.com\/wp-content\/uploads\/2025\/02\/mallorca-interiorismo-Aina-Valles-scaled.jpg\" alt=\"\" class=\"wp-image-2591\" style=\"width:456px;height:auto\" srcset=\"https:\/\/ainavalles.com\/wp-content\/uploads\/2025\/02\/mallorca-interiorismo-Aina-Valles-scaled.jpg 1920w, https:\/\/ainavalles.com\/wp-content\/uploads\/2025\/02\/mallorca-interiorismo-Aina-Valles-768x512.jpg 768w, https:\/\/ainavalles.com\/wp-content\/uploads\/2025\/02\/mallorca-interiorismo-Aina-Valles-1536x1024.jpg 1536w, https:\/\/ainavalles.com\/wp-content\/uploads\/2025\/02\/mallorca-interiorismo-Aina-Valles-2048x1365.jpg 2048w\" sizes=\"(max-width: 1920px) 100vw, 1920px\" \/><\/figure>\n<\/div>\n\n\n<ul class=\"wp-block-list\">\n<li><strong>Laminatges resistents<\/strong>: Perfectes per a espais com a cuines o banys, on es busca durabilitat sense sacrificar disseny.<\/li>\n<\/ul>\n\n\n<div class=\"wp-block-image\">\n<figure class=\"aligncenter size-full is-resized\"><img decoding=\"async\" width=\"1920\" height=\"1280\" src=\"https:\/\/ainavalles.com\/wp-content\/uploads\/2025\/02\/AINA-LuciaMartiPhoto-2-1-scaled.jpg\" alt=\"\" class=\"wp-image-2588\" style=\"width:460px;height:auto\" srcset=\"https:\/\/ainavalles.com\/wp-content\/uploads\/2025\/02\/AINA-LuciaMartiPhoto-2-1-scaled.jpg 1920w, https:\/\/ainavalles.com\/wp-content\/uploads\/2025\/02\/AINA-LuciaMartiPhoto-2-1-768x512.jpg 768w, https:\/\/ainavalles.com\/wp-content\/uploads\/2025\/02\/AINA-LuciaMartiPhoto-2-1-1536x1024.jpg 1536w, https:\/\/ainavalles.com\/wp-content\/uploads\/2025\/02\/AINA-LuciaMartiPhoto-2-1-2048x1365.jpg 2048w\" sizes=\"(max-width: 1920px) 100vw, 1920px\" \/><\/figure>\n<\/div>\n\n\n<ul class=\"wp-block-list\">\n<li><strong>Lacatges o acabats moderns:<\/strong> Per a aquells que busquen un estil m\u00e9s minimalista i sofisticat.<\/li>\n<\/ul>\n\n\n<div class=\"wp-block-image\">\n<figure class=\"aligncenter size-full is-resized\"><img loading=\"lazy\" decoding=\"async\" width=\"1920\" height=\"1280\" src=\"https:\/\/ainavalles.com\/wp-content\/uploads\/2025\/02\/AINA-LuciaMartiPhoto-68-1-scaled.jpg\" alt=\"\" class=\"wp-image-2582\" style=\"width:466px;height:auto\" srcset=\"https:\/\/ainavalles.com\/wp-content\/uploads\/2025\/02\/AINA-LuciaMartiPhoto-68-1-scaled.jpg 1920w, https:\/\/ainavalles.com\/wp-content\/uploads\/2025\/02\/AINA-LuciaMartiPhoto-68-1-768x512.jpg 768w, https:\/\/ainavalles.com\/wp-content\/uploads\/2025\/02\/AINA-LuciaMartiPhoto-68-1-1536x1024.jpg 1536w, https:\/\/ainavalles.com\/wp-content\/uploads\/2025\/02\/AINA-LuciaMartiPhoto-68-1-2048x1365.jpg 2048w\" sizes=\"(max-width: 1920px) 100vw, 1920px\" \/><\/figure>\n<\/div>\n\n\n<p>Els nostres dissenys poden incorporar detalls com a marcs integrats, acabats mat o lluentor, i complements com a poms o tiradors personalitzats.<\/p>\n\n\n\n<p><strong>Crea un conjunt \u00fanic en tota la teva casa<\/strong><\/p>\n\n\n\n<p>El disseny de les portes personalitzades no ha de limitar-se a una \u00fanica estada. Amb la nostra experi\u00e8ncia, podem extrapolar el mateix model de porta a:<\/p>\n\n\n\n<ul class=\"wp-block-list\">\n<li>Armaris de paret.<\/li>\n\n\n\n<li>Mobiliari de cuina i banys.<\/li>\n\n\n\n<li>Portes de pas en zones comunes.<\/li>\n\n\n\n<li>Fronts de rebostos o bugaderies.<\/li>\n<\/ul>\n\n\n<div class=\"wp-block-image\">\n<figure class=\"aligncenter size-full is-resized\"><img loading=\"lazy\" decoding=\"async\" width=\"1920\" height=\"1280\" src=\"https:\/\/ainavalles.com\/wp-content\/uploads\/2025\/02\/Diseno-de-interiores-Mallorca-1-scaled.jpg\" alt=\"\" class=\"wp-image-2576\" style=\"width:477px;height:auto\" srcset=\"https:\/\/ainavalles.com\/wp-content\/uploads\/2025\/02\/Diseno-de-interiores-Mallorca-1-scaled.jpg 1920w, https:\/\/ainavalles.com\/wp-content\/uploads\/2025\/02\/Diseno-de-interiores-Mallorca-1-768x512.jpg 768w, https:\/\/ainavalles.com\/wp-content\/uploads\/2025\/02\/Diseno-de-interiores-Mallorca-1-1536x1024.jpg 1536w, https:\/\/ainavalles.com\/wp-content\/uploads\/2025\/02\/Diseno-de-interiores-Mallorca-1-2048x1365.jpg 2048w\" sizes=\"(max-width: 1920px) 100vw, 1920px\" \/><\/figure>\n<\/div>\n\n\n<p>D&#8217;aquesta manera, aconseguim que cada rac\u00f3 de la teva llar estigui en sintonia, amb un disseny coherent que reflecteixi la teva personalitat i estil.<\/p>\n\n\n\n<p><strong>Un proc\u00e9s personalitzat i professional<\/strong><\/p>\n\n\n<div class=\"wp-block-image\">\n<figure class=\"aligncenter size-full is-resized\"><img loading=\"lazy\" decoding=\"async\" width=\"1920\" height=\"1280\" src=\"https:\/\/ainavalles.com\/wp-content\/uploads\/2025\/02\/AINA-LuciaMartiPhoto-53-1-scaled.jpg\" alt=\"\" class=\"wp-image-2570\" style=\"width:472px;height:auto\" srcset=\"https:\/\/ainavalles.com\/wp-content\/uploads\/2025\/02\/AINA-LuciaMartiPhoto-53-1-scaled.jpg 1920w, https:\/\/ainavalles.com\/wp-content\/uploads\/2025\/02\/AINA-LuciaMartiPhoto-53-1-768x512.jpg 768w, https:\/\/ainavalles.com\/wp-content\/uploads\/2025\/02\/AINA-LuciaMartiPhoto-53-1-1536x1024.jpg 1536w, https:\/\/ainavalles.com\/wp-content\/uploads\/2025\/02\/AINA-LuciaMartiPhoto-53-1-2048x1365.jpg 2048w\" sizes=\"(max-width: 1920px) 100vw, 1920px\" \/><\/figure>\n<\/div>\n\n\n<p>En Aina Vall\u00e9s, el nostre comprom\u00eds \u00e9s acompanyar-te en tot el proc\u00e9s: des del disseny inicial, passant per la selecci\u00f3 de materials i acabats, fins a la fabricaci\u00f3 i la instal\u00b7laci\u00f3. Ens assegurem que cada porta s&#8217;adapti perfectament a les necessitats del teu espai i a les teves prefer\u00e8ncies est\u00e8tiques.<\/p>\n\n\n<div class=\"wp-block-image\">\n<figure class=\"aligncenter size-full is-resized\"><img loading=\"lazy\" decoding=\"async\" width=\"1920\" height=\"1280\" src=\"https:\/\/ainavalles.com\/wp-content\/uploads\/2025\/02\/interiorista-Aina-Valles-1-scaled.jpg\" alt=\"\" class=\"wp-image-2564\" style=\"width:487px;height:auto\" srcset=\"https:\/\/ainavalles.com\/wp-content\/uploads\/2025\/02\/interiorista-Aina-Valles-1-scaled.jpg 1920w, https:\/\/ainavalles.com\/wp-content\/uploads\/2025\/02\/interiorista-Aina-Valles-1-768x512.jpg 768w, https:\/\/ainavalles.com\/wp-content\/uploads\/2025\/02\/interiorista-Aina-Valles-1-1536x1024.jpg 1536w, https:\/\/ainavalles.com\/wp-content\/uploads\/2025\/02\/interiorista-Aina-Valles-1-2048x1365.jpg 2048w\" sizes=\"(max-width: 1920px) 100vw, 1920px\" \/><\/figure>\n<\/div>\n\n\n<p>Si est\u00e0s buscant un disseny integral per a la teva llar, on cada detall, incloses les portes, conti una hist\u00f2ria i estigui en perfecta harmonia, contacta&#8217;ns. Estem a S\u00f3ller, Mallorca, i fem realitat les teves idees amb un enfocament artesanal i professional.<\/p>\n\n\n\n<p><strong>Converteix les teves portes en peces \u00faniques que realcen la personalitat de la teva llar.<\/strong><\/p>\n\n\n\n<p><\/p>\n","protected":false},"excerpt":{"rendered":"<p>En Aina Vall\u00e9s Disseny d&#8217;Interiors, no sols dissenyem, fabriquem i instal\u00b7lem mobiliari a mesura; tamb\u00e9 oferim la possibilitat de personalitzar portes per a qualsevol estada de la teva llar. Aquest servei exclusiu permet crear un disseny \u00fanic i coherent que connecta totes les \u00e0rees de la teva casa, des de la cuina fins als dormitoris, [&hellip;]<\/p>\n","protected":false},"author":2,"featured_media":2595,"comment_status":"closed","ping_status":"closed","sticky":false,"template":"","format":"standard","meta":{"_acf_changed":false,"footnotes":""},"categories":[17],"tags":[],"class_list":["post-2601","post","type-post","status-publish","format-standard","has-post-thumbnail","hentry","category-sin-categorizar-2"],"acf":[],"yoast_head":"<!-- This site is optimized with the Yoast SEO plugin v26.8 - https:\/\/yoast.com\/product\/yoast-seo-wordpress\/ -->\n<title>Dissenya portes a mesura per a una llar en harmonia - Aina Vall\u00e8s<\/title>\n<meta name=\"robots\" content=\"index, follow, max-snippet:-1, max-image-preview:large, max-video-preview:-1\" \/>\n<link rel=\"canonical\" href=\"https:\/\/ainavalles.com\/ca\/disena-puertas-a-medida-para-un-hogar-en-armonia\/\" \/>\n<meta property=\"og:locale\" content=\"ca_ES\" \/>\n<meta property=\"og:type\" content=\"article\" \/>\n<meta property=\"og:title\" content=\"Dissenya portes a mesura per a una llar en harmonia - Aina Vall\u00e8s\" \/>\n<meta property=\"og:description\" content=\"En Aina Vall\u00e9s Disseny d&#8217;Interiors, no sols dissenyem, fabriquem i instal\u00b7lem mobiliari a mesura; tamb\u00e9 oferim la possibilitat de personalitzar portes per a qualsevol estada de la teva llar. Aquest servei exclusiu permet crear un disseny \u00fanic i coherent que connecta totes les \u00e0rees de la teva casa, des de la cuina fins als dormitoris, [&hellip;]\" \/>\n<meta property=\"og:url\" content=\"https:\/\/ainavalles.com\/ca\/disena-puertas-a-medida-para-un-hogar-en-armonia\/\" \/>\n<meta property=\"og:site_name\" content=\"Aina Vall\u00e8s\" \/>\n<meta property=\"article:publisher\" content=\"https:\/\/www.facebook.com\/people\/Aina-Valls\/100090582199736\/\" \/>\n<meta property=\"article:published_time\" content=\"2025-02-11T10:57:57+00:00\" \/>\n<meta property=\"article:modified_time\" content=\"2025-02-11T11:11:59+00:00\" \/>\n<meta property=\"og:image\" content=\"https:\/\/ainavalles.com\/wp-content\/uploads\/2025\/02\/Aina-Valles-interiorista-scaled.jpg\" \/>\n\t<meta property=\"og:image:width\" content=\"2560\" \/>\n\t<meta property=\"og:image:height\" content=\"1707\" \/>\n\t<meta property=\"og:image:type\" content=\"image\/jpeg\" \/>\n<meta name=\"author\" content=\"Aina Vall\u00e9s\" \/>\n<meta name=\"twitter:card\" content=\"summary_large_image\" \/>\n<meta name=\"twitter:label1\" content=\"Escrit per\" \/>\n\t<meta name=\"twitter:data1\" content=\"Aina Vall\u00e9s\" \/>\n\t<meta name=\"twitter:label2\" content=\"Temps estimat de lectura\" \/>\n\t<meta name=\"twitter:data2\" content=\"4 minuts\" \/>\n<script type=\"application\/ld+json\" class=\"yoast-schema-graph\">{\"@context\":\"https:\/\/schema.org\",\"@graph\":[{\"@type\":\"Article\",\"@id\":\"https:\/\/ainavalles.com\/ca\/disena-puertas-a-medida-para-un-hogar-en-armonia\/#article\",\"isPartOf\":{\"@id\":\"https:\/\/ainavalles.com\/ca\/disena-puertas-a-medida-para-un-hogar-en-armonia\/\"},\"author\":{\"name\":\"Aina Vall\u00e9s\",\"@id\":\"https:\/\/ainavalles.com\/#\/schema\/person\/66806b4f2c1fbd143b75d1a0b0cfee0b\"},\"headline\":\"Dissenya portes a mesura per a una llar en harmonia\",\"datePublished\":\"2025-02-11T10:57:57+00:00\",\"dateModified\":\"2025-02-11T11:11:59+00:00\",\"mainEntityOfPage\":{\"@id\":\"https:\/\/ainavalles.com\/ca\/disena-puertas-a-medida-para-un-hogar-en-armonia\/\"},\"wordCount\":480,\"publisher\":{\"@id\":\"https:\/\/ainavalles.com\/#organization\"},\"image\":{\"@id\":\"https:\/\/ainavalles.com\/ca\/disena-puertas-a-medida-para-un-hogar-en-armonia\/#primaryimage\"},\"thumbnailUrl\":\"https:\/\/ainavalles.com\/wp-content\/uploads\/2025\/02\/Aina-Valles-interiorista-scaled.jpg\",\"articleSection\":[\"Sin categorizar\"],\"inLanguage\":\"ca\"},{\"@type\":\"WebPage\",\"@id\":\"https:\/\/ainavalles.com\/ca\/disena-puertas-a-medida-para-un-hogar-en-armonia\/\",\"url\":\"https:\/\/ainavalles.com\/ca\/disena-puertas-a-medida-para-un-hogar-en-armonia\/\",\"name\":\"Dissenya portes a mesura per a una llar en harmonia - Aina Vall\u00e8s\",\"isPartOf\":{\"@id\":\"https:\/\/ainavalles.com\/#website\"},\"primaryImageOfPage\":{\"@id\":\"https:\/\/ainavalles.com\/ca\/disena-puertas-a-medida-para-un-hogar-en-armonia\/#primaryimage\"},\"image\":{\"@id\":\"https:\/\/ainavalles.com\/ca\/disena-puertas-a-medida-para-un-hogar-en-armonia\/#primaryimage\"},\"thumbnailUrl\":\"https:\/\/ainavalles.com\/wp-content\/uploads\/2025\/02\/Aina-Valles-interiorista-scaled.jpg\",\"datePublished\":\"2025-02-11T10:57:57+00:00\",\"dateModified\":\"2025-02-11T11:11:59+00:00\",\"breadcrumb\":{\"@id\":\"https:\/\/ainavalles.com\/ca\/disena-puertas-a-medida-para-un-hogar-en-armonia\/#breadcrumb\"},\"inLanguage\":\"ca\",\"potentialAction\":[{\"@type\":\"ReadAction\",\"target\":[\"https:\/\/ainavalles.com\/ca\/disena-puertas-a-medida-para-un-hogar-en-armonia\/\"]}]},{\"@type\":\"ImageObject\",\"inLanguage\":\"ca\",\"@id\":\"https:\/\/ainavalles.com\/ca\/disena-puertas-a-medida-para-un-hogar-en-armonia\/#primaryimage\",\"url\":\"https:\/\/ainavalles.com\/wp-content\/uploads\/2025\/02\/Aina-Valles-interiorista-scaled.jpg\",\"contentUrl\":\"https:\/\/ainavalles.com\/wp-content\/uploads\/2025\/02\/Aina-Valles-interiorista-scaled.jpg\",\"width\":2560,\"height\":1707},{\"@type\":\"BreadcrumbList\",\"@id\":\"https:\/\/ainavalles.com\/ca\/disena-puertas-a-medida-para-un-hogar-en-armonia\/#breadcrumb\",\"itemListElement\":[{\"@type\":\"ListItem\",\"position\":1,\"name\":\"Portada\",\"item\":\"https:\/\/ainavalles.com\/\"},{\"@type\":\"ListItem\",\"position\":2,\"name\":\"Dissenya portes a mesura per a una llar en harmonia\"}]},{\"@type\":\"WebSite\",\"@id\":\"https:\/\/ainavalles.com\/#website\",\"url\":\"https:\/\/ainavalles.com\/\",\"name\":\"Aina Vall\u00e8s\",\"description\":\"Interiorismo en Mallorca\",\"publisher\":{\"@id\":\"https:\/\/ainavalles.com\/#organization\"},\"potentialAction\":[{\"@type\":\"SearchAction\",\"target\":{\"@type\":\"EntryPoint\",\"urlTemplate\":\"https:\/\/ainavalles.com\/?s={search_term_string}\"},\"query-input\":{\"@type\":\"PropertyValueSpecification\",\"valueRequired\":true,\"valueName\":\"search_term_string\"}}],\"inLanguage\":\"ca\"},{\"@type\":\"Organization\",\"@id\":\"https:\/\/ainavalles.com\/#organization\",\"name\":\"Aina Vall\u00e8s\",\"url\":\"https:\/\/ainavalles.com\/\",\"logo\":{\"@type\":\"ImageObject\",\"inLanguage\":\"ca\",\"@id\":\"https:\/\/ainavalles.com\/#\/schema\/logo\/image\/\",\"url\":\"https:\/\/ainavalles.com\/wp-content\/uploads\/2023\/09\/logo.svg\",\"contentUrl\":\"https:\/\/ainavalles.com\/wp-content\/uploads\/2023\/09\/logo.svg\",\"width\":300,\"height\":244,\"caption\":\"Aina Vall\u00e8s\"},\"image\":{\"@id\":\"https:\/\/ainavalles.com\/#\/schema\/logo\/image\/\"},\"sameAs\":[\"https:\/\/www.facebook.com\/people\/Aina-Valls\/100090582199736\/\",\"https:\/\/www.instagram.com\/aina_valles\/\"]},{\"@type\":\"Person\",\"@id\":\"https:\/\/ainavalles.com\/#\/schema\/person\/66806b4f2c1fbd143b75d1a0b0cfee0b\",\"name\":\"Aina Vall\u00e9s\",\"sameAs\":[\"https:\/\/ainavalles.com\"]}]}<\/script>\n<!-- \/ Yoast SEO plugin. -->","yoast_head_json":{"title":"Dissenya portes a mesura per a una llar en harmonia - Aina Vall\u00e8s","robots":{"index":"index","follow":"follow","max-snippet":"max-snippet:-1","max-image-preview":"max-image-preview:large","max-video-preview":"max-video-preview:-1"},"canonical":"https:\/\/ainavalles.com\/ca\/disena-puertas-a-medida-para-un-hogar-en-armonia\/","og_locale":"ca_ES","og_type":"article","og_title":"Dissenya portes a mesura per a una llar en harmonia - Aina Vall\u00e8s","og_description":"En Aina Vall\u00e9s Disseny d&#8217;Interiors, no sols dissenyem, fabriquem i instal\u00b7lem mobiliari a mesura; tamb\u00e9 oferim la possibilitat de personalitzar portes per a qualsevol estada de la teva llar. Aquest servei exclusiu permet crear un disseny \u00fanic i coherent que connecta totes les \u00e0rees de la teva casa, des de la cuina fins als dormitoris, [&hellip;]","og_url":"https:\/\/ainavalles.com\/ca\/disena-puertas-a-medida-para-un-hogar-en-armonia\/","og_site_name":"Aina Vall\u00e8s","article_publisher":"https:\/\/www.facebook.com\/people\/Aina-Valls\/100090582199736\/","article_published_time":"2025-02-11T10:57:57+00:00","article_modified_time":"2025-02-11T11:11:59+00:00","og_image":[{"width":2560,"height":1707,"url":"https:\/\/ainavalles.com\/wp-content\/uploads\/2025\/02\/Aina-Valles-interiorista-scaled.jpg","type":"image\/jpeg"}],"author":"Aina Vall\u00e9s","twitter_card":"summary_large_image","twitter_misc":{"Escrit per":"Aina Vall\u00e9s","Temps estimat de lectura":"4 minuts"},"schema":{"@context":"https:\/\/schema.org","@graph":[{"@type":"Article","@id":"https:\/\/ainavalles.com\/ca\/disena-puertas-a-medida-para-un-hogar-en-armonia\/#article","isPartOf":{"@id":"https:\/\/ainavalles.com\/ca\/disena-puertas-a-medida-para-un-hogar-en-armonia\/"},"author":{"name":"Aina Vall\u00e9s","@id":"https:\/\/ainavalles.com\/#\/schema\/person\/66806b4f2c1fbd143b75d1a0b0cfee0b"},"headline":"Dissenya portes a mesura per a una llar en harmonia","datePublished":"2025-02-11T10:57:57+00:00","dateModified":"2025-02-11T11:11:59+00:00","mainEntityOfPage":{"@id":"https:\/\/ainavalles.com\/ca\/disena-puertas-a-medida-para-un-hogar-en-armonia\/"},"wordCount":480,"publisher":{"@id":"https:\/\/ainavalles.com\/#organization"},"image":{"@id":"https:\/\/ainavalles.com\/ca\/disena-puertas-a-medida-para-un-hogar-en-armonia\/#primaryimage"},"thumbnailUrl":"https:\/\/ainavalles.com\/wp-content\/uploads\/2025\/02\/Aina-Valles-interiorista-scaled.jpg","articleSection":["Sin categorizar"],"inLanguage":"ca"},{"@type":"WebPage","@id":"https:\/\/ainavalles.com\/ca\/disena-puertas-a-medida-para-un-hogar-en-armonia\/","url":"https:\/\/ainavalles.com\/ca\/disena-puertas-a-medida-para-un-hogar-en-armonia\/","name":"Dissenya portes a mesura per a una llar en harmonia - Aina Vall\u00e8s","isPartOf":{"@id":"https:\/\/ainavalles.com\/#website"},"primaryImageOfPage":{"@id":"https:\/\/ainavalles.com\/ca\/disena-puertas-a-medida-para-un-hogar-en-armonia\/#primaryimage"},"image":{"@id":"https:\/\/ainavalles.com\/ca\/disena-puertas-a-medida-para-un-hogar-en-armonia\/#primaryimage"},"thumbnailUrl":"https:\/\/ainavalles.com\/wp-content\/uploads\/2025\/02\/Aina-Valles-interiorista-scaled.jpg","datePublished":"2025-02-11T10:57:57+00:00","dateModified":"2025-02-11T11:11:59+00:00","breadcrumb":{"@id":"https:\/\/ainavalles.com\/ca\/disena-puertas-a-medida-para-un-hogar-en-armonia\/#breadcrumb"},"inLanguage":"ca","potentialAction":[{"@type":"ReadAction","target":["https:\/\/ainavalles.com\/ca\/disena-puertas-a-medida-para-un-hogar-en-armonia\/"]}]},{"@type":"ImageObject","inLanguage":"ca","@id":"https:\/\/ainavalles.com\/ca\/disena-puertas-a-medida-para-un-hogar-en-armonia\/#primaryimage","url":"https:\/\/ainavalles.com\/wp-content\/uploads\/2025\/02\/Aina-Valles-interiorista-scaled.jpg","contentUrl":"https:\/\/ainavalles.com\/wp-content\/uploads\/2025\/02\/Aina-Valles-interiorista-scaled.jpg","width":2560,"height":1707},{"@type":"BreadcrumbList","@id":"https:\/\/ainavalles.com\/ca\/disena-puertas-a-medida-para-un-hogar-en-armonia\/#breadcrumb","itemListElement":[{"@type":"ListItem","position":1,"name":"Portada","item":"https:\/\/ainavalles.com\/"},{"@type":"ListItem","position":2,"name":"Dissenya portes a mesura per a una llar en harmonia"}]},{"@type":"WebSite","@id":"https:\/\/ainavalles.com\/#website","url":"https:\/\/ainavalles.com\/","name":"Aina Vall\u00e8s","description":"Interiorismo en Mallorca","publisher":{"@id":"https:\/\/ainavalles.com\/#organization"},"potentialAction":[{"@type":"SearchAction","target":{"@type":"EntryPoint","urlTemplate":"https:\/\/ainavalles.com\/?s={search_term_string}"},"query-input":{"@type":"PropertyValueSpecification","valueRequired":true,"valueName":"search_term_string"}}],"inLanguage":"ca"},{"@type":"Organization","@id":"https:\/\/ainavalles.com\/#organization","name":"Aina Vall\u00e8s","url":"https:\/\/ainavalles.com\/","logo":{"@type":"ImageObject","inLanguage":"ca","@id":"https:\/\/ainavalles.com\/#\/schema\/logo\/image\/","url":"https:\/\/ainavalles.com\/wp-content\/uploads\/2023\/09\/logo.svg","contentUrl":"https:\/\/ainavalles.com\/wp-content\/uploads\/2023\/09\/logo.svg","width":300,"height":244,"caption":"Aina Vall\u00e8s"},"image":{"@id":"https:\/\/ainavalles.com\/#\/schema\/logo\/image\/"},"sameAs":["https:\/\/www.facebook.com\/people\/Aina-Valls\/100090582199736\/","https:\/\/www.instagram.com\/aina_valles\/"]},{"@type":"Person","@id":"https:\/\/ainavalles.com\/#\/schema\/person\/66806b4f2c1fbd143b75d1a0b0cfee0b","name":"Aina Vall\u00e9s","sameAs":["https:\/\/ainavalles.com"]}]}},"_links":{"self":[{"href":"https:\/\/ainavalles.com\/ca\/wp-json\/wp\/v2\/posts\/2601","targetHints":{"allow":["GET"]}}],"collection":[{"href":"https:\/\/ainavalles.com\/ca\/wp-json\/wp\/v2\/posts"}],"about":[{"href":"https:\/\/ainavalles.com\/ca\/wp-json\/wp\/v2\/types\/post"}],"author":[{"embeddable":true,"href":"https:\/\/ainavalles.com\/ca\/wp-json\/wp\/v2\/users\/2"}],"replies":[{"embeddable":true,"href":"https:\/\/ainavalles.com\/ca\/wp-json\/wp\/v2\/comments?post=2601"}],"version-history":[{"count":1,"href":"https:\/\/ainavalles.com\/ca\/wp-json\/wp\/v2\/posts\/2601\/revisions"}],"predecessor-version":[{"id":2603,"href":"https:\/\/ainavalles.com\/ca\/wp-json\/wp\/v2\/posts\/2601\/revisions\/2603"}],"wp:featuredmedia":[{"embeddable":true,"href":"https:\/\/ainavalles.com\/ca\/wp-json\/wp\/v2\/media\/2595"}],"wp:attachment":[{"href":"https:\/\/ainavalles.com\/ca\/wp-json\/wp\/v2\/media?parent=2601"}],"wp:term":[{"taxonomy":"category","embeddable":true,"href":"https:\/\/ainavalles.com\/ca\/wp-json\/wp\/v2\/categories?post=2601"},{"taxonomy":"post_tag","embeddable":true,"href":"https:\/\/ainavalles.com\/ca\/wp-json\/wp\/v2\/tags?post=2601"}],"curies":[{"name":"wp","href":"https:\/\/api.w.org\/{rel}","templated":true}]}}