{"id":2933,"date":"2025-04-24T10:42:19","date_gmt":"2025-04-24T08:42:19","guid":{"rendered":"https:\/\/ainavalles.com\/como-decorar-un-salon-pequeno-para-sacarle-el-maximo-partido\/"},"modified":"2025-04-24T11:11:58","modified_gmt":"2025-04-24T09:11:58","slug":"como-decorar-un-salon-pequeno-para-sacarle-el-maximo-partido","status":"publish","type":"post","link":"https:\/\/ainavalles.com\/ca\/como-decorar-un-salon-pequeno-para-sacarle-el-maximo-partido\/","title":{"rendered":"Com decorar un sal\u00f3 petit per a treure-li el m\u00e0xim partit"},"content":{"rendered":"\n<p>El sal\u00f3 \u00e9s el cor de qualsevol llar, per\u00f2 quan l&#8217;espai \u00e9s redu\u00eft, \u00e9s important aprofitar cada rac\u00f3 amb solucions funcionals i est\u00e8tiques. Des d&#8217;Aina Vall\u00e9s Interiorisme, experts en disseny de mobiliari a Mallorca, S\u00f3ller i la Serra de Tramuntana, et donem les claus perqu\u00e8 el teu sal\u00f3 petit sigui acollidor, pr\u00e0ctic i visualment ampli.<\/p>\n\n\n\n<hr class=\"wp-block-separator has-alpha-channel-opacity\"\/>\n\n\n\n<ol class=\"wp-block-list\">\n<li><strong>Colors clars i tons neutres per a ampliar l&#8217;espai<\/strong><\/li>\n<\/ol>\n\n\n\n<p>Els colors juguen un paper clau en la percepci\u00f3 de la grand\u00e0ria d&#8217;una estada. Si vols que el teu sal\u00f3 petit es vegi m\u00e9s gran:<\/p>\n\n\n\n<p><strong>\u2714Parets en blanc, beix o tons suaus<\/strong>: Reflecteixen la llum i aporten sensaci\u00f3 d&#8217;amplitud.<br><strong>\u2714Mobiliari en tons neutres<\/strong>: Armaris, prestatgeries o aparadors en fusta clara o lacatges en blanc ajuden a mantenir l&#8217;espai lleuger.<br><strong>\u2714Tocs de color en detalls<\/strong>: Afegir coixins, catifes o quadres en tons m\u00e9s intensos dona personalitat sense recarregar.<\/p>\n\n\n<div class=\"wp-block-image\">\n<figure class=\"aligncenter size-full is-resized\"><img fetchpriority=\"high\" decoding=\"async\" width=\"933\" height=\"1400\" src=\"https:\/\/ainavalles.com\/wp-content\/uploads\/2025\/04\/ft.1.png\" alt=\"\" class=\"wp-image-2917\" style=\"width:337px;height:auto\" srcset=\"https:\/\/ainavalles.com\/wp-content\/uploads\/2025\/04\/ft.1.png 933w, https:\/\/ainavalles.com\/wp-content\/uploads\/2025\/04\/ft.1-768x1152.png 768w\" sizes=\"(max-width: 933px) 100vw, 933px\" \/><\/figure>\n<\/div>\n\n\n<hr class=\"wp-block-separator has-alpha-channel-opacity\"\/>\n\n\n\n<p><strong>2. Mobles a mesura: La soluci\u00f3 perfecta per a salons petits<\/strong><\/p>\n\n\n\n<p>Els mobles a mesura permeten aprofitar cada cent\u00edmetre sense malgastar espai. Algunes idees que funcionen molt b\u00e9 s\u00f3n:<\/p>\n\n\n\n<p><strong>\u2714Aparadors baixos o prestatgeries integrades <\/strong>que aprofitin la paret sense sobrecarregar visualment.<br><strong>\u2714Mobles multifuncionals<\/strong>, com a sof\u00e0s amb emmagatzematge o taules extensibles.<br><strong>\u2714Unificar la cuina i el sal\u00f3<\/strong> amb un aparador a joc amb els mobles de la cuina per a donar sensaci\u00f3 de continu\u00eftat.<\/p>\n\n\n<div class=\"wp-block-image\">\n<figure class=\"aligncenter size-full is-resized\"><img decoding=\"async\" width=\"933\" height=\"1400\" src=\"https:\/\/ainavalles.com\/wp-content\/uploads\/2025\/04\/ft.2.png\" alt=\"\" class=\"wp-image-2920\" style=\"width:381px;height:auto\" srcset=\"https:\/\/ainavalles.com\/wp-content\/uploads\/2025\/04\/ft.2.png 933w, https:\/\/ainavalles.com\/wp-content\/uploads\/2025\/04\/ft.2-768x1152.png 768w\" sizes=\"(max-width: 933px) 100vw, 933px\" \/><\/figure>\n<\/div>\n\n\n<p>En Aina Vall\u00e9s Interiorisme, dissenyem i instal\u00b7lem mobles a mesura per a salons a Mallorca, adaptant-nos a cada necessitat.<\/p>\n\n\n\n<hr class=\"wp-block-separator has-alpha-channel-opacity\"\/>\n\n\n\n<p><strong>3. El poder dels miralls i la il\u00b7luminaci\u00f3<\/strong><\/p>\n\n\n\n<p><strong>\u2714Col\u00b7locar miralls estrat\u00e8gicamen<\/strong>t duplica la llum natural i amplia visualment l&#8217;espai.<br><strong>\u2714Il\u00b7luminaci\u00f3 en diferents altures<\/strong>, combinant llums de sostre, dempeus i aplicacions per a crear profunditat.<br><strong>\u2714Llueixes LED integrades en mobles<\/strong>: Perfectes per a il\u00b7luminar sense ocupar espai.<\/p>\n\n\n<div class=\"wp-block-image\">\n<figure class=\"aligncenter size-full is-resized\"><img decoding=\"async\" width=\"933\" height=\"1400\" src=\"https:\/\/ainavalles.com\/wp-content\/uploads\/2025\/04\/ft.3.png\" alt=\"\" class=\"wp-image-2923\" style=\"width:415px;height:auto\" srcset=\"https:\/\/ainavalles.com\/wp-content\/uploads\/2025\/04\/ft.3.png 933w, https:\/\/ainavalles.com\/wp-content\/uploads\/2025\/04\/ft.3-768x1152.png 768w\" sizes=\"(max-width: 933px) 100vw, 933px\" \/><\/figure>\n<\/div>\n\n\n<hr class=\"wp-block-separator has-alpha-channel-opacity\"\/>\n\n\n\n<p><strong>4. Distribuci\u00f3 intel\u00b7ligent: menys \u00e9s m\u00e9s<\/strong><\/p>\n\n\n\n<p><strong>\u2714No sobrecarregar l&#8217;espai<\/strong>: Menys mobles, per\u00f2 ben triats, perqu\u00e8 el sal\u00f3 no se senti saturat.<br><strong>\u2714Zones ben definides<\/strong>: Encara que el sal\u00f3 sigui petit, separar \u00e0rees amb catifes o mobles baixos ajuda a mantenir l&#8217;ordre visual.<br><strong>\u2714Sof\u00e0s compactes o en L<\/strong>, que optimitzen l&#8217;espai sense recarregar.<\/p>\n\n\n\n<hr class=\"wp-block-separator has-alpha-channel-opacity\"\/>\n\n\n\n<p><strong>5. Textures i materials naturals per a un ambient acollidor<\/strong><\/p>\n\n\n\n<p>\u2714Fusta, lli i fibres naturals aporten calidesa sense recarregar l&#8217;ambient.<br>\u2714Catifes lleugeres per a delimitar la zona del sal\u00f3 sense perdre amplitud visual.<br>\u2714Cortines de teixits lleugers, com a cortinetes de lli, que deixen passar la llum i eviten la sensaci\u00f3 d&#8217;espai tancat.<\/p>\n\n\n<div class=\"wp-block-image\">\n<figure class=\"aligncenter size-full is-resized\"><img loading=\"lazy\" decoding=\"async\" width=\"1024\" height=\"1024\" src=\"https:\/\/ainavalles.com\/wp-content\/uploads\/2025\/04\/ft.-5-1.png\" alt=\"\" class=\"wp-image-2929\" style=\"width:442px;height:auto\" srcset=\"https:\/\/ainavalles.com\/wp-content\/uploads\/2025\/04\/ft.-5-1.png 1024w, https:\/\/ainavalles.com\/wp-content\/uploads\/2025\/04\/ft.-5-1-768x768.png 768w\" sizes=\"(max-width: 1024px) 100vw, 1024px\" \/><\/figure>\n<\/div>\n\n\n<hr class=\"wp-block-separator has-alpha-channel-opacity\"\/>\n\n\n\n<p><strong>Transforma el teu sal\u00f3 amb un disseny a mesura<\/strong><\/p>\n\n\n\n<p>Si vols un sal\u00f3 petit ben aprofitat i amb un disseny \u00fanic, en Aina Vall\u00e9s Interiorisme dissenyem, fabriquem i instal\u00b7lem mobles adaptats al teu espai.<\/p>\n\n\n\n<p><strong>\ud83d\udce9Contacta&#8217;ns i transforma el teu sal\u00f3 en un espai funcional i acollidor a Mallorca.<\/strong><\/p>\n","protected":false},"excerpt":{"rendered":"<p>El sal\u00f3 \u00e9s el cor de qualsevol llar, per\u00f2 quan l&#8217;espai \u00e9s redu\u00eft, \u00e9s important aprofitar cada rac\u00f3 amb solucions funcionals i est\u00e8tiques. Des d&#8217;Aina Vall\u00e9s Interiorisme, experts en disseny de mobiliari a Mallorca, S\u00f3ller i la Serra de Tramuntana, et donem les claus perqu\u00e8 el teu sal\u00f3 petit sigui acollidor, pr\u00e0ctic i visualment ampli. [&hellip;]<\/p>\n","protected":false},"author":2,"featured_media":2927,"comment_status":"closed","ping_status":"closed","sticky":false,"template":"","format":"standard","meta":{"_acf_changed":false,"footnotes":""},"categories":[17],"tags":[],"class_list":["post-2933","post","type-post","status-publish","format-standard","has-post-thumbnail","hentry","category-sin-categorizar-2"],"acf":[],"yoast_head":"<!-- This site is optimized with the Yoast SEO plugin v26.8 - https:\/\/yoast.com\/product\/yoast-seo-wordpress\/ -->\n<title>Com decorar un sal\u00f3 petit per a treure-li el m\u00e0xim partit - Aina Vall\u00e8s<\/title>\n<meta name=\"robots\" content=\"index, follow, max-snippet:-1, max-image-preview:large, max-video-preview:-1\" \/>\n<link rel=\"canonical\" href=\"https:\/\/ainavalles.com\/ca\/como-decorar-un-salon-pequeno-para-sacarle-el-maximo-partido\/\" \/>\n<meta property=\"og:locale\" content=\"ca_ES\" \/>\n<meta property=\"og:type\" content=\"article\" \/>\n<meta property=\"og:title\" content=\"Com decorar un sal\u00f3 petit per a treure-li el m\u00e0xim partit - Aina Vall\u00e8s\" \/>\n<meta property=\"og:description\" content=\"El sal\u00f3 \u00e9s el cor de qualsevol llar, per\u00f2 quan l&#8217;espai \u00e9s redu\u00eft, \u00e9s important aprofitar cada rac\u00f3 amb solucions funcionals i est\u00e8tiques. Des d&#8217;Aina Vall\u00e9s Interiorisme, experts en disseny de mobiliari a Mallorca, S\u00f3ller i la Serra de Tramuntana, et donem les claus perqu\u00e8 el teu sal\u00f3 petit sigui acollidor, pr\u00e0ctic i visualment ampli. [&hellip;]\" \/>\n<meta property=\"og:url\" content=\"https:\/\/ainavalles.com\/ca\/como-decorar-un-salon-pequeno-para-sacarle-el-maximo-partido\/\" \/>\n<meta property=\"og:site_name\" content=\"Aina Vall\u00e8s\" \/>\n<meta property=\"article:publisher\" content=\"https:\/\/www.facebook.com\/people\/Aina-Valls\/100090582199736\/\" \/>\n<meta property=\"article:published_time\" content=\"2025-04-24T08:42:19+00:00\" \/>\n<meta property=\"article:modified_time\" content=\"2025-04-24T09:11:58+00:00\" \/>\n<meta property=\"og:image\" content=\"https:\/\/ainavalles.com\/wp-content\/uploads\/2025\/04\/ft.-5.png\" \/>\n\t<meta property=\"og:image:width\" content=\"1024\" \/>\n\t<meta property=\"og:image:height\" content=\"1024\" \/>\n\t<meta property=\"og:image:type\" content=\"image\/png\" \/>\n<meta name=\"author\" content=\"Aina Vall\u00e9s\" \/>\n<meta name=\"twitter:card\" content=\"summary_large_image\" \/>\n<meta name=\"twitter:label1\" content=\"Escrit per\" \/>\n\t<meta name=\"twitter:data1\" content=\"Aina Vall\u00e9s\" \/>\n\t<meta name=\"twitter:label2\" content=\"Temps estimat de lectura\" \/>\n\t<meta name=\"twitter:data2\" content=\"3 minuts\" \/>\n<script type=\"application\/ld+json\" class=\"yoast-schema-graph\">{\"@context\":\"https:\/\/schema.org\",\"@graph\":[{\"@type\":\"Article\",\"@id\":\"https:\/\/ainavalles.com\/ca\/como-decorar-un-salon-pequeno-para-sacarle-el-maximo-partido\/#article\",\"isPartOf\":{\"@id\":\"https:\/\/ainavalles.com\/ca\/como-decorar-un-salon-pequeno-para-sacarle-el-maximo-partido\/\"},\"author\":{\"name\":\"Aina Vall\u00e9s\",\"@id\":\"https:\/\/ainavalles.com\/#\/schema\/person\/66806b4f2c1fbd143b75d1a0b0cfee0b\"},\"headline\":\"Com decorar un sal\u00f3 petit per a treure-li el m\u00e0xim partit\",\"datePublished\":\"2025-04-24T08:42:19+00:00\",\"dateModified\":\"2025-04-24T09:11:58+00:00\",\"mainEntityOfPage\":{\"@id\":\"https:\/\/ainavalles.com\/ca\/como-decorar-un-salon-pequeno-para-sacarle-el-maximo-partido\/\"},\"wordCount\":478,\"publisher\":{\"@id\":\"https:\/\/ainavalles.com\/#organization\"},\"image\":{\"@id\":\"https:\/\/ainavalles.com\/ca\/como-decorar-un-salon-pequeno-para-sacarle-el-maximo-partido\/#primaryimage\"},\"thumbnailUrl\":\"https:\/\/ainavalles.com\/wp-content\/uploads\/2025\/04\/ft.-5.png\",\"articleSection\":[\"Sin categorizar\"],\"inLanguage\":\"ca\"},{\"@type\":\"WebPage\",\"@id\":\"https:\/\/ainavalles.com\/ca\/como-decorar-un-salon-pequeno-para-sacarle-el-maximo-partido\/\",\"url\":\"https:\/\/ainavalles.com\/ca\/como-decorar-un-salon-pequeno-para-sacarle-el-maximo-partido\/\",\"name\":\"Com decorar un sal\u00f3 petit per a treure-li el m\u00e0xim partit - Aina Vall\u00e8s\",\"isPartOf\":{\"@id\":\"https:\/\/ainavalles.com\/#website\"},\"primaryImageOfPage\":{\"@id\":\"https:\/\/ainavalles.com\/ca\/como-decorar-un-salon-pequeno-para-sacarle-el-maximo-partido\/#primaryimage\"},\"image\":{\"@id\":\"https:\/\/ainavalles.com\/ca\/como-decorar-un-salon-pequeno-para-sacarle-el-maximo-partido\/#primaryimage\"},\"thumbnailUrl\":\"https:\/\/ainavalles.com\/wp-content\/uploads\/2025\/04\/ft.-5.png\",\"datePublished\":\"2025-04-24T08:42:19+00:00\",\"dateModified\":\"2025-04-24T09:11:58+00:00\",\"breadcrumb\":{\"@id\":\"https:\/\/ainavalles.com\/ca\/como-decorar-un-salon-pequeno-para-sacarle-el-maximo-partido\/#breadcrumb\"},\"inLanguage\":\"ca\",\"potentialAction\":[{\"@type\":\"ReadAction\",\"target\":[\"https:\/\/ainavalles.com\/ca\/como-decorar-un-salon-pequeno-para-sacarle-el-maximo-partido\/\"]}]},{\"@type\":\"ImageObject\",\"inLanguage\":\"ca\",\"@id\":\"https:\/\/ainavalles.com\/ca\/como-decorar-un-salon-pequeno-para-sacarle-el-maximo-partido\/#primaryimage\",\"url\":\"https:\/\/ainavalles.com\/wp-content\/uploads\/2025\/04\/ft.-5.png\",\"contentUrl\":\"https:\/\/ainavalles.com\/wp-content\/uploads\/2025\/04\/ft.-5.png\",\"width\":1024,\"height\":1024},{\"@type\":\"BreadcrumbList\",\"@id\":\"https:\/\/ainavalles.com\/ca\/como-decorar-un-salon-pequeno-para-sacarle-el-maximo-partido\/#breadcrumb\",\"itemListElement\":[{\"@type\":\"ListItem\",\"position\":1,\"name\":\"Portada\",\"item\":\"https:\/\/ainavalles.com\/\"},{\"@type\":\"ListItem\",\"position\":2,\"name\":\"Com decorar un sal\u00f3 petit per a treure-li el m\u00e0xim partit\"}]},{\"@type\":\"WebSite\",\"@id\":\"https:\/\/ainavalles.com\/#website\",\"url\":\"https:\/\/ainavalles.com\/\",\"name\":\"Aina Vall\u00e8s\",\"description\":\"Interiorismo en Mallorca\",\"publisher\":{\"@id\":\"https:\/\/ainavalles.com\/#organization\"},\"potentialAction\":[{\"@type\":\"SearchAction\",\"target\":{\"@type\":\"EntryPoint\",\"urlTemplate\":\"https:\/\/ainavalles.com\/?s={search_term_string}\"},\"query-input\":{\"@type\":\"PropertyValueSpecification\",\"valueRequired\":true,\"valueName\":\"search_term_string\"}}],\"inLanguage\":\"ca\"},{\"@type\":\"Organization\",\"@id\":\"https:\/\/ainavalles.com\/#organization\",\"name\":\"Aina Vall\u00e8s\",\"url\":\"https:\/\/ainavalles.com\/\",\"logo\":{\"@type\":\"ImageObject\",\"inLanguage\":\"ca\",\"@id\":\"https:\/\/ainavalles.com\/#\/schema\/logo\/image\/\",\"url\":\"https:\/\/ainavalles.com\/wp-content\/uploads\/2023\/09\/logo.svg\",\"contentUrl\":\"https:\/\/ainavalles.com\/wp-content\/uploads\/2023\/09\/logo.svg\",\"width\":300,\"height\":244,\"caption\":\"Aina Vall\u00e8s\"},\"image\":{\"@id\":\"https:\/\/ainavalles.com\/#\/schema\/logo\/image\/\"},\"sameAs\":[\"https:\/\/www.facebook.com\/people\/Aina-Valls\/100090582199736\/\",\"https:\/\/www.instagram.com\/aina_valles\/\"]},{\"@type\":\"Person\",\"@id\":\"https:\/\/ainavalles.com\/#\/schema\/person\/66806b4f2c1fbd143b75d1a0b0cfee0b\",\"name\":\"Aina Vall\u00e9s\",\"sameAs\":[\"https:\/\/ainavalles.com\"]}]}<\/script>\n<!-- \/ Yoast SEO plugin. -->","yoast_head_json":{"title":"Com decorar un sal\u00f3 petit per a treure-li el m\u00e0xim partit - Aina Vall\u00e8s","robots":{"index":"index","follow":"follow","max-snippet":"max-snippet:-1","max-image-preview":"max-image-preview:large","max-video-preview":"max-video-preview:-1"},"canonical":"https:\/\/ainavalles.com\/ca\/como-decorar-un-salon-pequeno-para-sacarle-el-maximo-partido\/","og_locale":"ca_ES","og_type":"article","og_title":"Com decorar un sal\u00f3 petit per a treure-li el m\u00e0xim partit - Aina Vall\u00e8s","og_description":"El sal\u00f3 \u00e9s el cor de qualsevol llar, per\u00f2 quan l&#8217;espai \u00e9s redu\u00eft, \u00e9s important aprofitar cada rac\u00f3 amb solucions funcionals i est\u00e8tiques. Des d&#8217;Aina Vall\u00e9s Interiorisme, experts en disseny de mobiliari a Mallorca, S\u00f3ller i la Serra de Tramuntana, et donem les claus perqu\u00e8 el teu sal\u00f3 petit sigui acollidor, pr\u00e0ctic i visualment ampli. [&hellip;]","og_url":"https:\/\/ainavalles.com\/ca\/como-decorar-un-salon-pequeno-para-sacarle-el-maximo-partido\/","og_site_name":"Aina Vall\u00e8s","article_publisher":"https:\/\/www.facebook.com\/people\/Aina-Valls\/100090582199736\/","article_published_time":"2025-04-24T08:42:19+00:00","article_modified_time":"2025-04-24T09:11:58+00:00","og_image":[{"width":1024,"height":1024,"url":"https:\/\/ainavalles.com\/wp-content\/uploads\/2025\/04\/ft.-5.png","type":"image\/png"}],"author":"Aina Vall\u00e9s","twitter_card":"summary_large_image","twitter_misc":{"Escrit per":"Aina Vall\u00e9s","Temps estimat de lectura":"3 minuts"},"schema":{"@context":"https:\/\/schema.org","@graph":[{"@type":"Article","@id":"https:\/\/ainavalles.com\/ca\/como-decorar-un-salon-pequeno-para-sacarle-el-maximo-partido\/#article","isPartOf":{"@id":"https:\/\/ainavalles.com\/ca\/como-decorar-un-salon-pequeno-para-sacarle-el-maximo-partido\/"},"author":{"name":"Aina Vall\u00e9s","@id":"https:\/\/ainavalles.com\/#\/schema\/person\/66806b4f2c1fbd143b75d1a0b0cfee0b"},"headline":"Com decorar un sal\u00f3 petit per a treure-li el m\u00e0xim partit","datePublished":"2025-04-24T08:42:19+00:00","dateModified":"2025-04-24T09:11:58+00:00","mainEntityOfPage":{"@id":"https:\/\/ainavalles.com\/ca\/como-decorar-un-salon-pequeno-para-sacarle-el-maximo-partido\/"},"wordCount":478,"publisher":{"@id":"https:\/\/ainavalles.com\/#organization"},"image":{"@id":"https:\/\/ainavalles.com\/ca\/como-decorar-un-salon-pequeno-para-sacarle-el-maximo-partido\/#primaryimage"},"thumbnailUrl":"https:\/\/ainavalles.com\/wp-content\/uploads\/2025\/04\/ft.-5.png","articleSection":["Sin categorizar"],"inLanguage":"ca"},{"@type":"WebPage","@id":"https:\/\/ainavalles.com\/ca\/como-decorar-un-salon-pequeno-para-sacarle-el-maximo-partido\/","url":"https:\/\/ainavalles.com\/ca\/como-decorar-un-salon-pequeno-para-sacarle-el-maximo-partido\/","name":"Com decorar un sal\u00f3 petit per a treure-li el m\u00e0xim partit - Aina Vall\u00e8s","isPartOf":{"@id":"https:\/\/ainavalles.com\/#website"},"primaryImageOfPage":{"@id":"https:\/\/ainavalles.com\/ca\/como-decorar-un-salon-pequeno-para-sacarle-el-maximo-partido\/#primaryimage"},"image":{"@id":"https:\/\/ainavalles.com\/ca\/como-decorar-un-salon-pequeno-para-sacarle-el-maximo-partido\/#primaryimage"},"thumbnailUrl":"https:\/\/ainavalles.com\/wp-content\/uploads\/2025\/04\/ft.-5.png","datePublished":"2025-04-24T08:42:19+00:00","dateModified":"2025-04-24T09:11:58+00:00","breadcrumb":{"@id":"https:\/\/ainavalles.com\/ca\/como-decorar-un-salon-pequeno-para-sacarle-el-maximo-partido\/#breadcrumb"},"inLanguage":"ca","potentialAction":[{"@type":"ReadAction","target":["https:\/\/ainavalles.com\/ca\/como-decorar-un-salon-pequeno-para-sacarle-el-maximo-partido\/"]}]},{"@type":"ImageObject","inLanguage":"ca","@id":"https:\/\/ainavalles.com\/ca\/como-decorar-un-salon-pequeno-para-sacarle-el-maximo-partido\/#primaryimage","url":"https:\/\/ainavalles.com\/wp-content\/uploads\/2025\/04\/ft.-5.png","contentUrl":"https:\/\/ainavalles.com\/wp-content\/uploads\/2025\/04\/ft.-5.png","width":1024,"height":1024},{"@type":"BreadcrumbList","@id":"https:\/\/ainavalles.com\/ca\/como-decorar-un-salon-pequeno-para-sacarle-el-maximo-partido\/#breadcrumb","itemListElement":[{"@type":"ListItem","position":1,"name":"Portada","item":"https:\/\/ainavalles.com\/"},{"@type":"ListItem","position":2,"name":"Com decorar un sal\u00f3 petit per a treure-li el m\u00e0xim partit"}]},{"@type":"WebSite","@id":"https:\/\/ainavalles.com\/#website","url":"https:\/\/ainavalles.com\/","name":"Aina Vall\u00e8s","description":"Interiorismo en Mallorca","publisher":{"@id":"https:\/\/ainavalles.com\/#organization"},"potentialAction":[{"@type":"SearchAction","target":{"@type":"EntryPoint","urlTemplate":"https:\/\/ainavalles.com\/?s={search_term_string}"},"query-input":{"@type":"PropertyValueSpecification","valueRequired":true,"valueName":"search_term_string"}}],"inLanguage":"ca"},{"@type":"Organization","@id":"https:\/\/ainavalles.com\/#organization","name":"Aina Vall\u00e8s","url":"https:\/\/ainavalles.com\/","logo":{"@type":"ImageObject","inLanguage":"ca","@id":"https:\/\/ainavalles.com\/#\/schema\/logo\/image\/","url":"https:\/\/ainavalles.com\/wp-content\/uploads\/2023\/09\/logo.svg","contentUrl":"https:\/\/ainavalles.com\/wp-content\/uploads\/2023\/09\/logo.svg","width":300,"height":244,"caption":"Aina Vall\u00e8s"},"image":{"@id":"https:\/\/ainavalles.com\/#\/schema\/logo\/image\/"},"sameAs":["https:\/\/www.facebook.com\/people\/Aina-Valls\/100090582199736\/","https:\/\/www.instagram.com\/aina_valles\/"]},{"@type":"Person","@id":"https:\/\/ainavalles.com\/#\/schema\/person\/66806b4f2c1fbd143b75d1a0b0cfee0b","name":"Aina Vall\u00e9s","sameAs":["https:\/\/ainavalles.com"]}]}},"_links":{"self":[{"href":"https:\/\/ainavalles.com\/ca\/wp-json\/wp\/v2\/posts\/2933","targetHints":{"allow":["GET"]}}],"collection":[{"href":"https:\/\/ainavalles.com\/ca\/wp-json\/wp\/v2\/posts"}],"about":[{"href":"https:\/\/ainavalles.com\/ca\/wp-json\/wp\/v2\/types\/post"}],"author":[{"embeddable":true,"href":"https:\/\/ainavalles.com\/ca\/wp-json\/wp\/v2\/users\/2"}],"replies":[{"embeddable":true,"href":"https:\/\/ainavalles.com\/ca\/wp-json\/wp\/v2\/comments?post=2933"}],"version-history":[{"count":1,"href":"https:\/\/ainavalles.com\/ca\/wp-json\/wp\/v2\/posts\/2933\/revisions"}],"predecessor-version":[{"id":2935,"href":"https:\/\/ainavalles.com\/ca\/wp-json\/wp\/v2\/posts\/2933\/revisions\/2935"}],"wp:featuredmedia":[{"embeddable":true,"href":"https:\/\/ainavalles.com\/ca\/wp-json\/wp\/v2\/media\/2927"}],"wp:attachment":[{"href":"https:\/\/ainavalles.com\/ca\/wp-json\/wp\/v2\/media?parent=2933"}],"wp:term":[{"taxonomy":"category","embeddable":true,"href":"https:\/\/ainavalles.com\/ca\/wp-json\/wp\/v2\/categories?post=2933"},{"taxonomy":"post_tag","embeddable":true,"href":"https:\/\/ainavalles.com\/ca\/wp-json\/wp\/v2\/tags?post=2933"}],"curies":[{"name":"wp","href":"https:\/\/api.w.org\/{rel}","templated":true}]}}