{"id":3457,"date":"2025-06-09T10:44:03","date_gmt":"2025-06-09T08:44:03","guid":{"rendered":"https:\/\/ainavalles.com\/aprovechar-zonas-muertas-bajo-escaleras-altillos-y-huecos\/"},"modified":"2025-06-09T11:15:59","modified_gmt":"2025-06-09T09:15:59","slug":"aprovechar-zonas-muertas-bajo-escaleras-altillos-y-huecos","status":"publish","type":"post","link":"https:\/\/ainavalles.com\/ca\/aprovechar-zonas-muertas-bajo-escaleras-altillos-y-huecos\/","title":{"rendered":"Aprofitar zones mortes: sota escales, altells i buits"},"content":{"rendered":"\n<p>A Aina Vall\u00e9s, quan dissenyam un espai, no deixam cap rac\u00f3 sense sentit. Molts habitatges tenen zones mortes que passen desapercebudes: sota l\u2019escala, altells buits, buits entre parets\u2026 I just aqu\u00ed, si es pensa b\u00e9, es poden crear solucions d\u2019emmagatzematge, ordre i est\u00e8tica que marquen la difer\u00e8ncia.<br><br>Des del nostre estudi a S\u00f3ller, Mallorca, dissenyam, fabricam i instal\u00b7lam mobles a mida que transformen aquests espais oblidats en racons \u00fatils i bonics.<\/p>\n\n\n\n<h2 class=\"wp-block-heading\"><strong>Sota escales: molt m\u00e9s que un pas<\/strong><\/h2>\n\n\n\n<p>Aquest buit que queda sota l\u2019escala pot convertir-se en:<\/p>\n\n\n\n<ul class=\"wp-block-list\">\n<li>Armaris tancats a mida, amb portes llises que s\u2019integren a l\u2019entorn<\/li>\n\n\n\n<li>Prestatgeries obertes, perfectes per a llibres, cistelles o decoraci\u00f3<\/li>\n\n\n\n<li>Zona de bugaderia compacta<\/li>\n\n\n\n<li>Espai per a un escriptori o rac\u00f3 de lectura<\/li>\n\n\n\n<li>Banc amb emmagatzematge ocult<\/li>\n<\/ul>\n\n\n\n<p>Dissenyam el modulatge de cuines i mobles adaptats a l\u2019angle de cada escala, per aprofitar al m\u00e0xim la profunditat i al\u00e7ada sense perdre harmonia.<\/p>\n\n\n<div class=\"wp-block-image\">\n<figure class=\"aligncenter size-full is-resized\"><img fetchpriority=\"high\" decoding=\"async\" width=\"933\" height=\"1400\" src=\"https:\/\/ainavalles.com\/wp-content\/uploads\/2025\/06\/eb5944c8-d70c-4805-8e22-9623081851dd.png\" alt=\"\" class=\"wp-image-3440\" style=\"width:405px;height:auto\" srcset=\"https:\/\/ainavalles.com\/wp-content\/uploads\/2025\/06\/eb5944c8-d70c-4805-8e22-9623081851dd.png 933w, https:\/\/ainavalles.com\/wp-content\/uploads\/2025\/06\/eb5944c8-d70c-4805-8e22-9623081851dd-768x1152.png 768w\" sizes=\"(max-width: 933px) 100vw, 933px\" \/><\/figure>\n<\/div>\n\n\n<h2 class=\"wp-block-heading\"><strong>Altells: emmagatzematge en vertical<\/strong><\/h2>\n\n\n\n<p>A cases amb sostres alts, especialment en habitatges tradicionals mallorquins, els altells s\u00f3n una soluci\u00f3 perfecta per guardar all\u00f2 que no s\u2019usa cada dia, sense ocupar espai \u00fatil.<\/p>\n\n\n\n<p>Cream:<\/p>\n\n\n\n<ul class=\"wp-block-list\">\n<li>Armaris superiors a vestidors o passadissos<\/li>\n\n\n\n<li>Prestatgeries altes amb acc\u00e9s integrat<\/li>\n\n\n\n<li>Mobles de cuina que arriben fins al sostre<\/li>\n\n\n\n<li>Sistemes ocults que respecten l\u2019est\u00e8tica general<\/li>\n<\/ul>\n\n\n<div class=\"wp-block-image\">\n<figure class=\"aligncenter size-full is-resized\"><img decoding=\"async\" width=\"933\" height=\"1400\" src=\"https:\/\/ainavalles.com\/wp-content\/uploads\/2025\/06\/f4609744-0101-46db-8741-9cffc9fbd954.png\" alt=\"\" class=\"wp-image-3444\" style=\"width:411px;height:auto\" srcset=\"https:\/\/ainavalles.com\/wp-content\/uploads\/2025\/06\/f4609744-0101-46db-8741-9cffc9fbd954.png 933w, https:\/\/ainavalles.com\/wp-content\/uploads\/2025\/06\/f4609744-0101-46db-8741-9cffc9fbd954-768x1152.png 768w\" sizes=\"(max-width: 933px) 100vw, 933px\" \/><\/figure>\n<\/div>\n\n\n<p><br>El m\u00e9s important \u00e9s no perdre l\u2019equilibri visual. Per aix\u00f2, usam colors neutres, portes sense tiradors o estructures integrades que acompanyen el disseny general de l\u2019habitatge.<\/p>\n\n\n\n<h2 class=\"wp-block-heading\"><strong>Buits entre parets, pilars o cantonades<\/strong><\/h2>\n\n\n\n<p>Aquests espais dif\u00edcils poden convertir-se en:<\/p>\n\n\n\n<ul class=\"wp-block-list\">\n<li>Sabaters verticals<\/li>\n\n\n\n<li>M\u00f2duls per a neteja o rebost<\/li>\n\n\n\n<li>Petits armaris amb portes corredisses<\/li>\n\n\n\n<li>Prestatges de bany o entrada<\/li>\n\n\n\n<li>Espais per penjar, guardar o fins i tot seure<\/li>\n<\/ul>\n\n\n\n<p>Cada buit t\u00e9 potencial. Nom\u00e9s necessita un disseny ben pensat, amb mobles a mida que aportin ordre i bellesa.<\/p>\n\n\n<div class=\"wp-block-image\">\n<figure class=\"aligncenter size-full is-resized\"><img decoding=\"async\" width=\"933\" height=\"1400\" src=\"https:\/\/ainavalles.com\/wp-content\/uploads\/2025\/06\/fb4d832e-8e6f-4d4e-a294-ae86ea824af2.png\" alt=\"\" class=\"wp-image-3448\" style=\"width:416px;height:auto\" srcset=\"https:\/\/ainavalles.com\/wp-content\/uploads\/2025\/06\/fb4d832e-8e6f-4d4e-a294-ae86ea824af2.png 933w, https:\/\/ainavalles.com\/wp-content\/uploads\/2025\/06\/fb4d832e-8e6f-4d4e-a294-ae86ea824af2-768x1152.png 768w\" sizes=\"(max-width: 933px) 100vw, 933px\" \/><\/figure>\n<\/div>\n\n\n<h2 class=\"wp-block-heading\"><strong>Tens un rac\u00f3 sense \u00fas?<\/strong><\/h2>\n\n\n\n<p>A Aina Vall\u00e9s transformam cada rac\u00f3 en una oportunitat. Ens encanta dissenyar solucions que t\u2019ajudin a guanyar espai, ordre i qualitat de vida, sense renunciar a l\u2019est\u00e8tica.<br><br>Conta\u2019ns quin espai tens i el convertirem en quelcom \u00fatil, bonic i pensat per a tu. <strong>S\u00f3ller, Mallorca. Disseny amb sentit.<\/strong><\/p>\n","protected":false},"excerpt":{"rendered":"<p>A Aina Vall\u00e9s, quan dissenyam un espai, no deixam cap rac\u00f3 sense sentit. Molts habitatges tenen zones mortes que passen desapercebudes: sota l\u2019escala, altells buits, buits entre parets\u2026 I just aqu\u00ed, si es pensa b\u00e9, es poden crear solucions d\u2019emmagatzematge, ordre i est\u00e8tica que marquen la difer\u00e8ncia. Des del nostre estudi a S\u00f3ller, Mallorca, dissenyam, [&hellip;]<\/p>\n","protected":false},"author":2,"featured_media":3445,"comment_status":"closed","ping_status":"closed","sticky":false,"template":"","format":"standard","meta":{"_acf_changed":false,"footnotes":""},"categories":[17],"tags":[],"class_list":["post-3457","post","type-post","status-publish","format-standard","has-post-thumbnail","hentry","category-sin-categorizar-2"],"acf":[],"yoast_head":"<!-- This site is optimized with the Yoast SEO plugin v26.8 - https:\/\/yoast.com\/product\/yoast-seo-wordpress\/ -->\n<title>Aprofitar zones mortes: sota escales, altells i buits - Aina Vall\u00e8s<\/title>\n<meta name=\"robots\" content=\"index, follow, max-snippet:-1, max-image-preview:large, max-video-preview:-1\" \/>\n<link rel=\"canonical\" href=\"https:\/\/ainavalles.com\/ca\/aprovechar-zonas-muertas-bajo-escaleras-altillos-y-huecos\/\" \/>\n<meta property=\"og:locale\" content=\"ca_ES\" \/>\n<meta property=\"og:type\" content=\"article\" \/>\n<meta property=\"og:title\" content=\"Aprofitar zones mortes: sota escales, altells i buits - Aina Vall\u00e8s\" \/>\n<meta property=\"og:description\" content=\"A Aina Vall\u00e9s, quan dissenyam un espai, no deixam cap rac\u00f3 sense sentit. Molts habitatges tenen zones mortes que passen desapercebudes: sota l\u2019escala, altells buits, buits entre parets\u2026 I just aqu\u00ed, si es pensa b\u00e9, es poden crear solucions d\u2019emmagatzematge, ordre i est\u00e8tica que marquen la difer\u00e8ncia. Des del nostre estudi a S\u00f3ller, Mallorca, dissenyam, [&hellip;]\" \/>\n<meta property=\"og:url\" content=\"https:\/\/ainavalles.com\/ca\/aprovechar-zonas-muertas-bajo-escaleras-altillos-y-huecos\/\" \/>\n<meta property=\"og:site_name\" content=\"Aina Vall\u00e8s\" \/>\n<meta property=\"article:publisher\" content=\"https:\/\/www.facebook.com\/people\/Aina-Valls\/100090582199736\/\" \/>\n<meta property=\"article:published_time\" content=\"2025-06-09T08:44:03+00:00\" \/>\n<meta property=\"article:modified_time\" content=\"2025-06-09T09:15:59+00:00\" \/>\n<meta property=\"og:image\" content=\"https:\/\/ainavalles.com\/wp-content\/uploads\/2025\/06\/f4609744-0101-46db-8741-9cffc9fbd954.png\" \/>\n\t<meta property=\"og:image:width\" content=\"1024\" \/>\n\t<meta property=\"og:image:height\" content=\"1536\" \/>\n\t<meta property=\"og:image:type\" content=\"image\/png\" \/>\n<meta name=\"author\" content=\"Aina Vall\u00e9s\" \/>\n<meta name=\"twitter:card\" content=\"summary_large_image\" \/>\n<meta name=\"twitter:label1\" content=\"Escrit per\" \/>\n\t<meta name=\"twitter:data1\" content=\"Aina Vall\u00e9s\" \/>\n\t<meta name=\"twitter:label2\" content=\"Temps estimat de lectura\" \/>\n\t<meta name=\"twitter:data2\" content=\"3 minuts\" \/>\n<script type=\"application\/ld+json\" class=\"yoast-schema-graph\">{\"@context\":\"https:\/\/schema.org\",\"@graph\":[{\"@type\":\"Article\",\"@id\":\"https:\/\/ainavalles.com\/ca\/aprovechar-zonas-muertas-bajo-escaleras-altillos-y-huecos\/#article\",\"isPartOf\":{\"@id\":\"https:\/\/ainavalles.com\/ca\/aprovechar-zonas-muertas-bajo-escaleras-altillos-y-huecos\/\"},\"author\":{\"name\":\"Aina Vall\u00e9s\",\"@id\":\"https:\/\/ainavalles.com\/#\/schema\/person\/66806b4f2c1fbd143b75d1a0b0cfee0b\"},\"headline\":\"Aprofitar zones mortes: sota escales, altells i buits\",\"datePublished\":\"2025-06-09T08:44:03+00:00\",\"dateModified\":\"2025-06-09T09:15:59+00:00\",\"mainEntityOfPage\":{\"@id\":\"https:\/\/ainavalles.com\/ca\/aprovechar-zonas-muertas-bajo-escaleras-altillos-y-huecos\/\"},\"wordCount\":382,\"publisher\":{\"@id\":\"https:\/\/ainavalles.com\/#organization\"},\"image\":{\"@id\":\"https:\/\/ainavalles.com\/ca\/aprovechar-zonas-muertas-bajo-escaleras-altillos-y-huecos\/#primaryimage\"},\"thumbnailUrl\":\"https:\/\/ainavalles.com\/wp-content\/uploads\/2025\/06\/f4609744-0101-46db-8741-9cffc9fbd954.png\",\"articleSection\":[\"Sin categorizar\"],\"inLanguage\":\"ca\"},{\"@type\":\"WebPage\",\"@id\":\"https:\/\/ainavalles.com\/ca\/aprovechar-zonas-muertas-bajo-escaleras-altillos-y-huecos\/\",\"url\":\"https:\/\/ainavalles.com\/ca\/aprovechar-zonas-muertas-bajo-escaleras-altillos-y-huecos\/\",\"name\":\"Aprofitar zones mortes: sota escales, altells i buits - Aina Vall\u00e8s\",\"isPartOf\":{\"@id\":\"https:\/\/ainavalles.com\/#website\"},\"primaryImageOfPage\":{\"@id\":\"https:\/\/ainavalles.com\/ca\/aprovechar-zonas-muertas-bajo-escaleras-altillos-y-huecos\/#primaryimage\"},\"image\":{\"@id\":\"https:\/\/ainavalles.com\/ca\/aprovechar-zonas-muertas-bajo-escaleras-altillos-y-huecos\/#primaryimage\"},\"thumbnailUrl\":\"https:\/\/ainavalles.com\/wp-content\/uploads\/2025\/06\/f4609744-0101-46db-8741-9cffc9fbd954.png\",\"datePublished\":\"2025-06-09T08:44:03+00:00\",\"dateModified\":\"2025-06-09T09:15:59+00:00\",\"breadcrumb\":{\"@id\":\"https:\/\/ainavalles.com\/ca\/aprovechar-zonas-muertas-bajo-escaleras-altillos-y-huecos\/#breadcrumb\"},\"inLanguage\":\"ca\",\"potentialAction\":[{\"@type\":\"ReadAction\",\"target\":[\"https:\/\/ainavalles.com\/ca\/aprovechar-zonas-muertas-bajo-escaleras-altillos-y-huecos\/\"]}]},{\"@type\":\"ImageObject\",\"inLanguage\":\"ca\",\"@id\":\"https:\/\/ainavalles.com\/ca\/aprovechar-zonas-muertas-bajo-escaleras-altillos-y-huecos\/#primaryimage\",\"url\":\"https:\/\/ainavalles.com\/wp-content\/uploads\/2025\/06\/f4609744-0101-46db-8741-9cffc9fbd954.png\",\"contentUrl\":\"https:\/\/ainavalles.com\/wp-content\/uploads\/2025\/06\/f4609744-0101-46db-8741-9cffc9fbd954.png\",\"width\":1024,\"height\":1536},{\"@type\":\"BreadcrumbList\",\"@id\":\"https:\/\/ainavalles.com\/ca\/aprovechar-zonas-muertas-bajo-escaleras-altillos-y-huecos\/#breadcrumb\",\"itemListElement\":[{\"@type\":\"ListItem\",\"position\":1,\"name\":\"Portada\",\"item\":\"https:\/\/ainavalles.com\/\"},{\"@type\":\"ListItem\",\"position\":2,\"name\":\"Aprofitar zones mortes: sota escales, altells i buits\"}]},{\"@type\":\"WebSite\",\"@id\":\"https:\/\/ainavalles.com\/#website\",\"url\":\"https:\/\/ainavalles.com\/\",\"name\":\"Aina Vall\u00e8s\",\"description\":\"Interiorismo en Mallorca\",\"publisher\":{\"@id\":\"https:\/\/ainavalles.com\/#organization\"},\"potentialAction\":[{\"@type\":\"SearchAction\",\"target\":{\"@type\":\"EntryPoint\",\"urlTemplate\":\"https:\/\/ainavalles.com\/?s={search_term_string}\"},\"query-input\":{\"@type\":\"PropertyValueSpecification\",\"valueRequired\":true,\"valueName\":\"search_term_string\"}}],\"inLanguage\":\"ca\"},{\"@type\":\"Organization\",\"@id\":\"https:\/\/ainavalles.com\/#organization\",\"name\":\"Aina Vall\u00e8s\",\"url\":\"https:\/\/ainavalles.com\/\",\"logo\":{\"@type\":\"ImageObject\",\"inLanguage\":\"ca\",\"@id\":\"https:\/\/ainavalles.com\/#\/schema\/logo\/image\/\",\"url\":\"https:\/\/ainavalles.com\/wp-content\/uploads\/2023\/09\/logo.svg\",\"contentUrl\":\"https:\/\/ainavalles.com\/wp-content\/uploads\/2023\/09\/logo.svg\",\"width\":300,\"height\":244,\"caption\":\"Aina Vall\u00e8s\"},\"image\":{\"@id\":\"https:\/\/ainavalles.com\/#\/schema\/logo\/image\/\"},\"sameAs\":[\"https:\/\/www.facebook.com\/people\/Aina-Valls\/100090582199736\/\",\"https:\/\/www.instagram.com\/aina_valles\/\"]},{\"@type\":\"Person\",\"@id\":\"https:\/\/ainavalles.com\/#\/schema\/person\/66806b4f2c1fbd143b75d1a0b0cfee0b\",\"name\":\"Aina Vall\u00e9s\",\"sameAs\":[\"https:\/\/ainavalles.com\"]}]}<\/script>\n<!-- \/ Yoast SEO plugin. -->","yoast_head_json":{"title":"Aprofitar zones mortes: sota escales, altells i buits - Aina Vall\u00e8s","robots":{"index":"index","follow":"follow","max-snippet":"max-snippet:-1","max-image-preview":"max-image-preview:large","max-video-preview":"max-video-preview:-1"},"canonical":"https:\/\/ainavalles.com\/ca\/aprovechar-zonas-muertas-bajo-escaleras-altillos-y-huecos\/","og_locale":"ca_ES","og_type":"article","og_title":"Aprofitar zones mortes: sota escales, altells i buits - Aina Vall\u00e8s","og_description":"A Aina Vall\u00e9s, quan dissenyam un espai, no deixam cap rac\u00f3 sense sentit. Molts habitatges tenen zones mortes que passen desapercebudes: sota l\u2019escala, altells buits, buits entre parets\u2026 I just aqu\u00ed, si es pensa b\u00e9, es poden crear solucions d\u2019emmagatzematge, ordre i est\u00e8tica que marquen la difer\u00e8ncia. Des del nostre estudi a S\u00f3ller, Mallorca, dissenyam, [&hellip;]","og_url":"https:\/\/ainavalles.com\/ca\/aprovechar-zonas-muertas-bajo-escaleras-altillos-y-huecos\/","og_site_name":"Aina Vall\u00e8s","article_publisher":"https:\/\/www.facebook.com\/people\/Aina-Valls\/100090582199736\/","article_published_time":"2025-06-09T08:44:03+00:00","article_modified_time":"2025-06-09T09:15:59+00:00","og_image":[{"url":"https:\/\/ainavalles.com\/wp-content\/uploads\/2025\/06\/f4609744-0101-46db-8741-9cffc9fbd954.png","width":1024,"height":1536,"type":"image\/png"}],"author":"Aina Vall\u00e9s","twitter_card":"summary_large_image","twitter_misc":{"Escrit per":"Aina Vall\u00e9s","Temps estimat de lectura":"3 minuts"},"schema":{"@context":"https:\/\/schema.org","@graph":[{"@type":"Article","@id":"https:\/\/ainavalles.com\/ca\/aprovechar-zonas-muertas-bajo-escaleras-altillos-y-huecos\/#article","isPartOf":{"@id":"https:\/\/ainavalles.com\/ca\/aprovechar-zonas-muertas-bajo-escaleras-altillos-y-huecos\/"},"author":{"name":"Aina Vall\u00e9s","@id":"https:\/\/ainavalles.com\/#\/schema\/person\/66806b4f2c1fbd143b75d1a0b0cfee0b"},"headline":"Aprofitar zones mortes: sota escales, altells i buits","datePublished":"2025-06-09T08:44:03+00:00","dateModified":"2025-06-09T09:15:59+00:00","mainEntityOfPage":{"@id":"https:\/\/ainavalles.com\/ca\/aprovechar-zonas-muertas-bajo-escaleras-altillos-y-huecos\/"},"wordCount":382,"publisher":{"@id":"https:\/\/ainavalles.com\/#organization"},"image":{"@id":"https:\/\/ainavalles.com\/ca\/aprovechar-zonas-muertas-bajo-escaleras-altillos-y-huecos\/#primaryimage"},"thumbnailUrl":"https:\/\/ainavalles.com\/wp-content\/uploads\/2025\/06\/f4609744-0101-46db-8741-9cffc9fbd954.png","articleSection":["Sin categorizar"],"inLanguage":"ca"},{"@type":"WebPage","@id":"https:\/\/ainavalles.com\/ca\/aprovechar-zonas-muertas-bajo-escaleras-altillos-y-huecos\/","url":"https:\/\/ainavalles.com\/ca\/aprovechar-zonas-muertas-bajo-escaleras-altillos-y-huecos\/","name":"Aprofitar zones mortes: sota escales, altells i buits - Aina Vall\u00e8s","isPartOf":{"@id":"https:\/\/ainavalles.com\/#website"},"primaryImageOfPage":{"@id":"https:\/\/ainavalles.com\/ca\/aprovechar-zonas-muertas-bajo-escaleras-altillos-y-huecos\/#primaryimage"},"image":{"@id":"https:\/\/ainavalles.com\/ca\/aprovechar-zonas-muertas-bajo-escaleras-altillos-y-huecos\/#primaryimage"},"thumbnailUrl":"https:\/\/ainavalles.com\/wp-content\/uploads\/2025\/06\/f4609744-0101-46db-8741-9cffc9fbd954.png","datePublished":"2025-06-09T08:44:03+00:00","dateModified":"2025-06-09T09:15:59+00:00","breadcrumb":{"@id":"https:\/\/ainavalles.com\/ca\/aprovechar-zonas-muertas-bajo-escaleras-altillos-y-huecos\/#breadcrumb"},"inLanguage":"ca","potentialAction":[{"@type":"ReadAction","target":["https:\/\/ainavalles.com\/ca\/aprovechar-zonas-muertas-bajo-escaleras-altillos-y-huecos\/"]}]},{"@type":"ImageObject","inLanguage":"ca","@id":"https:\/\/ainavalles.com\/ca\/aprovechar-zonas-muertas-bajo-escaleras-altillos-y-huecos\/#primaryimage","url":"https:\/\/ainavalles.com\/wp-content\/uploads\/2025\/06\/f4609744-0101-46db-8741-9cffc9fbd954.png","contentUrl":"https:\/\/ainavalles.com\/wp-content\/uploads\/2025\/06\/f4609744-0101-46db-8741-9cffc9fbd954.png","width":1024,"height":1536},{"@type":"BreadcrumbList","@id":"https:\/\/ainavalles.com\/ca\/aprovechar-zonas-muertas-bajo-escaleras-altillos-y-huecos\/#breadcrumb","itemListElement":[{"@type":"ListItem","position":1,"name":"Portada","item":"https:\/\/ainavalles.com\/"},{"@type":"ListItem","position":2,"name":"Aprofitar zones mortes: sota escales, altells i buits"}]},{"@type":"WebSite","@id":"https:\/\/ainavalles.com\/#website","url":"https:\/\/ainavalles.com\/","name":"Aina Vall\u00e8s","description":"Interiorismo en Mallorca","publisher":{"@id":"https:\/\/ainavalles.com\/#organization"},"potentialAction":[{"@type":"SearchAction","target":{"@type":"EntryPoint","urlTemplate":"https:\/\/ainavalles.com\/?s={search_term_string}"},"query-input":{"@type":"PropertyValueSpecification","valueRequired":true,"valueName":"search_term_string"}}],"inLanguage":"ca"},{"@type":"Organization","@id":"https:\/\/ainavalles.com\/#organization","name":"Aina Vall\u00e8s","url":"https:\/\/ainavalles.com\/","logo":{"@type":"ImageObject","inLanguage":"ca","@id":"https:\/\/ainavalles.com\/#\/schema\/logo\/image\/","url":"https:\/\/ainavalles.com\/wp-content\/uploads\/2023\/09\/logo.svg","contentUrl":"https:\/\/ainavalles.com\/wp-content\/uploads\/2023\/09\/logo.svg","width":300,"height":244,"caption":"Aina Vall\u00e8s"},"image":{"@id":"https:\/\/ainavalles.com\/#\/schema\/logo\/image\/"},"sameAs":["https:\/\/www.facebook.com\/people\/Aina-Valls\/100090582199736\/","https:\/\/www.instagram.com\/aina_valles\/"]},{"@type":"Person","@id":"https:\/\/ainavalles.com\/#\/schema\/person\/66806b4f2c1fbd143b75d1a0b0cfee0b","name":"Aina Vall\u00e9s","sameAs":["https:\/\/ainavalles.com"]}]}},"_links":{"self":[{"href":"https:\/\/ainavalles.com\/ca\/wp-json\/wp\/v2\/posts\/3457","targetHints":{"allow":["GET"]}}],"collection":[{"href":"https:\/\/ainavalles.com\/ca\/wp-json\/wp\/v2\/posts"}],"about":[{"href":"https:\/\/ainavalles.com\/ca\/wp-json\/wp\/v2\/types\/post"}],"author":[{"embeddable":true,"href":"https:\/\/ainavalles.com\/ca\/wp-json\/wp\/v2\/users\/2"}],"replies":[{"embeddable":true,"href":"https:\/\/ainavalles.com\/ca\/wp-json\/wp\/v2\/comments?post=3457"}],"version-history":[{"count":2,"href":"https:\/\/ainavalles.com\/ca\/wp-json\/wp\/v2\/posts\/3457\/revisions"}],"predecessor-version":[{"id":3461,"href":"https:\/\/ainavalles.com\/ca\/wp-json\/wp\/v2\/posts\/3457\/revisions\/3461"}],"wp:featuredmedia":[{"embeddable":true,"href":"https:\/\/ainavalles.com\/ca\/wp-json\/wp\/v2\/media\/3445"}],"wp:attachment":[{"href":"https:\/\/ainavalles.com\/ca\/wp-json\/wp\/v2\/media?parent=3457"}],"wp:term":[{"taxonomy":"category","embeddable":true,"href":"https:\/\/ainavalles.com\/ca\/wp-json\/wp\/v2\/categories?post=3457"},{"taxonomy":"post_tag","embeddable":true,"href":"https:\/\/ainavalles.com\/ca\/wp-json\/wp\/v2\/tags?post=3457"}],"curies":[{"name":"wp","href":"https:\/\/api.w.org\/{rel}","templated":true}]}}