{"id":3829,"date":"2025-06-30T11:34:23","date_gmt":"2025-06-30T09:34:23","guid":{"rendered":"https:\/\/ainavalles.com\/ideas-para-muebles-de-bano-a-medida\/"},"modified":"2025-06-30T12:20:46","modified_gmt":"2025-06-30T10:20:46","slug":"ideas-para-muebles-de-bano-a-medida","status":"publish","type":"post","link":"https:\/\/ainavalles.com\/ca\/ideas-para-muebles-de-bano-a-medida\/","title":{"rendered":"Idees per a mobles de bany a mida"},"content":{"rendered":"\n<p>A Aina Vall\u00e9s creiem que el bany no \u00e9s nom\u00e9s un espai de pas, sin\u00f3 un rac\u00f3 on tamb\u00e9 pots guanyar en ordre, est\u00e8tica i benestar. Per aix\u00f2, dissenyam, fabricam i instal\u00b7lam mobles de bany a mida que s\u2019adapten a tu, al teu espai i al teu estil de vida.<\/p>\n\n\n\n<p>Des del nostre estudi a S\u00f3ller, Mallorca, cuidam cada detall perqu\u00e8 el teu bany tengui sentit tant per fora com per dins.<\/p>\n\n\n\n<p><strong>Mobles suspesos: m\u00e9s lleugeresa visual<\/strong><br>Els mobles de bany suspesos s\u00f3n perfectes per a banys petits o amb poc espai de pas. En quedar elevats del terra, aporten lleugeresa, faciliten la neteja i donen sensaci\u00f3 d\u2019amplitud. Els pots combinar amb:<\/p>\n\n\n\n<ul class=\"wp-block-list\">\n<li>Calaixos amb separadors interiors<\/li>\n\n\n\n<li>Rentamans integrats o sobre taulell<\/li>\n\n\n\n<li>Taulells de pedra natural o microciment<\/li>\n<\/ul>\n\n\n<div class=\"wp-block-image\">\n<figure class=\"aligncenter size-full is-resized\"><img fetchpriority=\"high\" decoding=\"async\" width=\"933\" height=\"1400\" src=\"https:\/\/ainavalles.com\/wp-content\/uploads\/2025\/06\/5b43114c-e0c4-4522-9338-4981d2ab4a38.png\" alt=\"\" class=\"wp-image-3805\" style=\"width:404px;height:auto\" srcset=\"https:\/\/ainavalles.com\/wp-content\/uploads\/2025\/06\/5b43114c-e0c4-4522-9338-4981d2ab4a38.png 933w, https:\/\/ainavalles.com\/wp-content\/uploads\/2025\/06\/5b43114c-e0c4-4522-9338-4981d2ab4a38-768x1152.png 768w\" sizes=\"(max-width: 933px) 100vw, 933px\" \/><\/figure>\n<\/div>\n\n\n<h2 class=\"wp-block-heading\"><strong>Solucions per a banys petits<\/strong><\/h2>\n\n\n\n<p>Quan l\u2019espai \u00e9s limitat, el disseny marca la difer\u00e8ncia. Algunes idees:<\/p>\n\n\n\n<ul class=\"wp-block-list\">\n<li>Mobles a mida entre parets o racons dif\u00edcils<\/li>\n\n\n\n<li>Fons redu\u00eft (menys de 40 cm) sense perdre capacitat<\/li>\n\n\n\n<li>Armaris amb mirall que dupliquen la llum i l\u2019espai<\/li>\n\n\n\n<li>Prestatgeries verticals o n\u00ednxols integrats a la paret<\/li>\n<\/ul>\n\n\n\n<p>Als banys petits, cada cent\u00edmetre compta, i un bon disseny ho canvia tot.<\/p>\n\n\n\n<h2 class=\"wp-block-heading\"><strong>Rentamans dobles amb emmagatzematge<\/strong><\/h2>\n\n\n<div class=\"wp-block-image\">\n<figure class=\"aligncenter size-full is-resized\"><img decoding=\"async\" width=\"933\" height=\"1400\" src=\"https:\/\/ainavalles.com\/wp-content\/uploads\/2025\/06\/4605815f-facb-479f-9bb7-dfafd9149ff4.png\" alt=\"\" class=\"wp-image-3813\" style=\"width:411px;height:auto\" srcset=\"https:\/\/ainavalles.com\/wp-content\/uploads\/2025\/06\/4605815f-facb-479f-9bb7-dfafd9149ff4.png 933w, https:\/\/ainavalles.com\/wp-content\/uploads\/2025\/06\/4605815f-facb-479f-9bb7-dfafd9149ff4-768x1152.png 768w\" sizes=\"(max-width: 933px) 100vw, 933px\" \/><\/figure>\n<\/div>\n\n\n<p>Als banys compartits, els rentamans dobles ajuden a guanyar comoditat. Nosaltres els dissenyam amb:<\/p>\n\n\n\n<ul class=\"wp-block-list\">\n<li>Dos pous integrats o taulells amb dos rentamans sobreposats<\/li>\n\n\n\n<li>M\u00f2duls inferiors independents, un per a cada persona<\/li>\n\n\n\n<li>Calaixos amb separadors i obertura total<\/li>\n<\/ul>\n\n\n\n<p>Aix\u00ed, cadasc\u00fa t\u00e9 el seu espai, tot est\u00e0 ordenat i el bany funciona sense estr\u00e9s.<\/p>\n\n\n\n<p><strong>Mobles oberts i prestatgeries integrades<\/strong><br>Els mobles oberts i les prestatgeries integrades en el disseny del bany aporten calidesa i naturalitat. S\u00f3n perfectes per a:<\/p>\n\n\n\n<ul class=\"wp-block-list\">\n<li>Detalls decoratius que facin l\u2019espai m\u00e9s teu<\/li>\n\n\n\n<li>Tovalloles enrotllades<\/li>\n\n\n\n<li>Cistelles de fibres naturals<\/li>\n\n\n\n<li>Productes d\u2019\u00fas diari a m\u00e0<\/li>\n<\/ul>\n\n\n<div class=\"wp-block-image\">\n<figure class=\"aligncenter size-full is-resized\"><img decoding=\"async\" width=\"933\" height=\"1400\" src=\"https:\/\/ainavalles.com\/wp-content\/uploads\/2025\/06\/f5590c74-a118-4e5a-a42f-96706d0ca3df.png\" alt=\"\" class=\"wp-image-3809\" style=\"width:404px;height:auto\" srcset=\"https:\/\/ainavalles.com\/wp-content\/uploads\/2025\/06\/f5590c74-a118-4e5a-a42f-96706d0ca3df.png 933w, https:\/\/ainavalles.com\/wp-content\/uploads\/2025\/06\/f5590c74-a118-4e5a-a42f-96706d0ca3df-768x1152.png 768w\" sizes=\"(max-width: 933px) 100vw, 933px\" \/><\/figure>\n<\/div>\n\n\n<p><br><br>Els combinam amb fronts llisos o fustes naturals per mantenir l\u2019harmonia visual.<\/p>\n\n\n\n<p><strong>Materials i acabats duradors<\/strong><br>Un bon moble de bany a mida no nom\u00e9s ha de ser polit: ha de resistir la humitat, l\u2019\u00fas diari i el pas del temps. Al nostre taller de mobles a mida treballam amb:<\/p>\n\n\n\n<ul class=\"wp-block-list\">\n<li>Taulers hidr\u00f2fugs<\/li>\n\n\n\n<li>Revestiments d\u2019alta resist\u00e8ncia<\/li>\n\n\n\n<li>Vernissos naturals a l\u2019aigua<\/li>\n\n\n\n<li>Ferratges duradors i suaus<\/li>\n<\/ul>\n\n\n\n<p>Tot aix\u00f2 sense renunciar a un disseny net, acurat i molt teu.<\/p>\n\n\n<div class=\"wp-block-image\">\n<figure class=\"aligncenter size-full is-resized\"><img loading=\"lazy\" decoding=\"async\" width=\"933\" height=\"1400\" src=\"https:\/\/ainavalles.com\/wp-content\/uploads\/2025\/06\/1fef29cf-3dbb-4162-8b3c-212ee6b46b28-1.png\" alt=\"\" class=\"wp-image-3821\" style=\"width:375px;height:auto\" srcset=\"https:\/\/ainavalles.com\/wp-content\/uploads\/2025\/06\/1fef29cf-3dbb-4162-8b3c-212ee6b46b28-1.png 933w, https:\/\/ainavalles.com\/wp-content\/uploads\/2025\/06\/1fef29cf-3dbb-4162-8b3c-212ee6b46b28-1-768x1152.png 768w\" sizes=\"(max-width: 933px) 100vw, 933px\" \/><\/figure>\n<\/div>\n\n\n<h2 class=\"wp-block-heading\"><strong>T\u2019ajudam a dissenyar el teu bany?<\/strong><\/h2>\n\n\n\n<p>Conta\u2019ns com \u00e9s el teu espai, qu\u00e8 t\u2019agrada i qu\u00e8 necessites.<br>A Aina Vall\u00e9s, cream mobles de bany a mida que et faciliten la vida i et fan sentir b\u00e9 cada dia.<\/p>\n\n\n\n<p>Dissenyam, fabricam i instal\u00b7lam el teu bany ideal a S\u00f3ller, Mallorca.<\/p>\n\n\n\n<p><\/p>\n","protected":false},"excerpt":{"rendered":"<p>A Aina Vall\u00e9s creiem que el bany no \u00e9s nom\u00e9s un espai de pas, sin\u00f3 un rac\u00f3 on tamb\u00e9 pots guanyar en ordre, est\u00e8tica i benestar. Per aix\u00f2, dissenyam, fabricam i instal\u00b7lam mobles de bany a mida que s\u2019adapten a tu, al teu espai i al teu estil de vida. Des del nostre estudi a [&hellip;]<\/p>\n","protected":false},"author":2,"featured_media":3822,"comment_status":"closed","ping_status":"closed","sticky":false,"template":"","format":"standard","meta":{"_acf_changed":false,"footnotes":""},"categories":[17],"tags":[],"class_list":["post-3829","post","type-post","status-publish","format-standard","has-post-thumbnail","hentry","category-sin-categorizar-2"],"acf":[],"yoast_head":"<!-- This site is optimized with the Yoast SEO plugin v26.8 - https:\/\/yoast.com\/product\/yoast-seo-wordpress\/ -->\n<title>Idees per a mobles de bany a mida - Aina Vall\u00e8s<\/title>\n<meta name=\"robots\" content=\"index, follow, max-snippet:-1, max-image-preview:large, max-video-preview:-1\" \/>\n<link rel=\"canonical\" href=\"https:\/\/ainavalles.com\/ca\/ideas-para-muebles-de-bano-a-medida\/\" \/>\n<meta property=\"og:locale\" content=\"ca_ES\" \/>\n<meta property=\"og:type\" content=\"article\" \/>\n<meta property=\"og:title\" content=\"Idees per a mobles de bany a mida - Aina Vall\u00e8s\" \/>\n<meta property=\"og:description\" content=\"A Aina Vall\u00e9s creiem que el bany no \u00e9s nom\u00e9s un espai de pas, sin\u00f3 un rac\u00f3 on tamb\u00e9 pots guanyar en ordre, est\u00e8tica i benestar. Per aix\u00f2, dissenyam, fabricam i instal\u00b7lam mobles de bany a mida que s\u2019adapten a tu, al teu espai i al teu estil de vida. Des del nostre estudi a [&hellip;]\" \/>\n<meta property=\"og:url\" content=\"https:\/\/ainavalles.com\/ca\/ideas-para-muebles-de-bano-a-medida\/\" \/>\n<meta property=\"og:site_name\" content=\"Aina Vall\u00e8s\" \/>\n<meta property=\"article:publisher\" content=\"https:\/\/www.facebook.com\/people\/Aina-Valls\/100090582199736\/\" \/>\n<meta property=\"article:published_time\" content=\"2025-06-30T09:34:23+00:00\" \/>\n<meta property=\"article:modified_time\" content=\"2025-06-30T10:20:46+00:00\" \/>\n<meta property=\"og:image\" content=\"https:\/\/ainavalles.com\/wp-content\/uploads\/2025\/06\/1fef29cf-3dbb-4162-8b3c-212ee6b46b28-1.png\" \/>\n\t<meta property=\"og:image:width\" content=\"1024\" \/>\n\t<meta property=\"og:image:height\" content=\"1536\" \/>\n\t<meta property=\"og:image:type\" content=\"image\/png\" \/>\n<meta name=\"author\" content=\"Aina Vall\u00e9s\" \/>\n<meta name=\"twitter:card\" content=\"summary_large_image\" \/>\n<meta name=\"twitter:label1\" content=\"Escrit per\" \/>\n\t<meta name=\"twitter:data1\" content=\"Aina Vall\u00e9s\" \/>\n\t<meta name=\"twitter:label2\" content=\"Temps estimat de lectura\" \/>\n\t<meta name=\"twitter:data2\" content=\"3 minuts\" \/>\n<script type=\"application\/ld+json\" class=\"yoast-schema-graph\">{\"@context\":\"https:\/\/schema.org\",\"@graph\":[{\"@type\":\"Article\",\"@id\":\"https:\/\/ainavalles.com\/ca\/ideas-para-muebles-de-bano-a-medida\/#article\",\"isPartOf\":{\"@id\":\"https:\/\/ainavalles.com\/ca\/ideas-para-muebles-de-bano-a-medida\/\"},\"author\":{\"name\":\"Aina Vall\u00e9s\",\"@id\":\"https:\/\/ainavalles.com\/#\/schema\/person\/66806b4f2c1fbd143b75d1a0b0cfee0b\"},\"headline\":\"Idees per a mobles de bany a mida\",\"datePublished\":\"2025-06-30T09:34:23+00:00\",\"dateModified\":\"2025-06-30T10:20:46+00:00\",\"mainEntityOfPage\":{\"@id\":\"https:\/\/ainavalles.com\/ca\/ideas-para-muebles-de-bano-a-medida\/\"},\"wordCount\":455,\"publisher\":{\"@id\":\"https:\/\/ainavalles.com\/#organization\"},\"image\":{\"@id\":\"https:\/\/ainavalles.com\/ca\/ideas-para-muebles-de-bano-a-medida\/#primaryimage\"},\"thumbnailUrl\":\"https:\/\/ainavalles.com\/wp-content\/uploads\/2025\/06\/1fef29cf-3dbb-4162-8b3c-212ee6b46b28-1.png\",\"articleSection\":[\"Sin categorizar\"],\"inLanguage\":\"ca\"},{\"@type\":\"WebPage\",\"@id\":\"https:\/\/ainavalles.com\/ca\/ideas-para-muebles-de-bano-a-medida\/\",\"url\":\"https:\/\/ainavalles.com\/ca\/ideas-para-muebles-de-bano-a-medida\/\",\"name\":\"Idees per a mobles de bany a mida - Aina Vall\u00e8s\",\"isPartOf\":{\"@id\":\"https:\/\/ainavalles.com\/#website\"},\"primaryImageOfPage\":{\"@id\":\"https:\/\/ainavalles.com\/ca\/ideas-para-muebles-de-bano-a-medida\/#primaryimage\"},\"image\":{\"@id\":\"https:\/\/ainavalles.com\/ca\/ideas-para-muebles-de-bano-a-medida\/#primaryimage\"},\"thumbnailUrl\":\"https:\/\/ainavalles.com\/wp-content\/uploads\/2025\/06\/1fef29cf-3dbb-4162-8b3c-212ee6b46b28-1.png\",\"datePublished\":\"2025-06-30T09:34:23+00:00\",\"dateModified\":\"2025-06-30T10:20:46+00:00\",\"breadcrumb\":{\"@id\":\"https:\/\/ainavalles.com\/ca\/ideas-para-muebles-de-bano-a-medida\/#breadcrumb\"},\"inLanguage\":\"ca\",\"potentialAction\":[{\"@type\":\"ReadAction\",\"target\":[\"https:\/\/ainavalles.com\/ca\/ideas-para-muebles-de-bano-a-medida\/\"]}]},{\"@type\":\"ImageObject\",\"inLanguage\":\"ca\",\"@id\":\"https:\/\/ainavalles.com\/ca\/ideas-para-muebles-de-bano-a-medida\/#primaryimage\",\"url\":\"https:\/\/ainavalles.com\/wp-content\/uploads\/2025\/06\/1fef29cf-3dbb-4162-8b3c-212ee6b46b28-1.png\",\"contentUrl\":\"https:\/\/ainavalles.com\/wp-content\/uploads\/2025\/06\/1fef29cf-3dbb-4162-8b3c-212ee6b46b28-1.png\",\"width\":1024,\"height\":1536},{\"@type\":\"BreadcrumbList\",\"@id\":\"https:\/\/ainavalles.com\/ca\/ideas-para-muebles-de-bano-a-medida\/#breadcrumb\",\"itemListElement\":[{\"@type\":\"ListItem\",\"position\":1,\"name\":\"Portada\",\"item\":\"https:\/\/ainavalles.com\/\"},{\"@type\":\"ListItem\",\"position\":2,\"name\":\"Idees per a mobles de bany a mida\"}]},{\"@type\":\"WebSite\",\"@id\":\"https:\/\/ainavalles.com\/#website\",\"url\":\"https:\/\/ainavalles.com\/\",\"name\":\"Aina Vall\u00e8s\",\"description\":\"Interiorismo en Mallorca\",\"publisher\":{\"@id\":\"https:\/\/ainavalles.com\/#organization\"},\"potentialAction\":[{\"@type\":\"SearchAction\",\"target\":{\"@type\":\"EntryPoint\",\"urlTemplate\":\"https:\/\/ainavalles.com\/?s={search_term_string}\"},\"query-input\":{\"@type\":\"PropertyValueSpecification\",\"valueRequired\":true,\"valueName\":\"search_term_string\"}}],\"inLanguage\":\"ca\"},{\"@type\":\"Organization\",\"@id\":\"https:\/\/ainavalles.com\/#organization\",\"name\":\"Aina Vall\u00e8s\",\"url\":\"https:\/\/ainavalles.com\/\",\"logo\":{\"@type\":\"ImageObject\",\"inLanguage\":\"ca\",\"@id\":\"https:\/\/ainavalles.com\/#\/schema\/logo\/image\/\",\"url\":\"https:\/\/ainavalles.com\/wp-content\/uploads\/2023\/09\/logo.svg\",\"contentUrl\":\"https:\/\/ainavalles.com\/wp-content\/uploads\/2023\/09\/logo.svg\",\"width\":300,\"height\":244,\"caption\":\"Aina Vall\u00e8s\"},\"image\":{\"@id\":\"https:\/\/ainavalles.com\/#\/schema\/logo\/image\/\"},\"sameAs\":[\"https:\/\/www.facebook.com\/people\/Aina-Valls\/100090582199736\/\",\"https:\/\/www.instagram.com\/aina_valles\/\"]},{\"@type\":\"Person\",\"@id\":\"https:\/\/ainavalles.com\/#\/schema\/person\/66806b4f2c1fbd143b75d1a0b0cfee0b\",\"name\":\"Aina Vall\u00e9s\",\"sameAs\":[\"https:\/\/ainavalles.com\"]}]}<\/script>\n<!-- \/ Yoast SEO plugin. -->","yoast_head_json":{"title":"Idees per a mobles de bany a mida - Aina Vall\u00e8s","robots":{"index":"index","follow":"follow","max-snippet":"max-snippet:-1","max-image-preview":"max-image-preview:large","max-video-preview":"max-video-preview:-1"},"canonical":"https:\/\/ainavalles.com\/ca\/ideas-para-muebles-de-bano-a-medida\/","og_locale":"ca_ES","og_type":"article","og_title":"Idees per a mobles de bany a mida - Aina Vall\u00e8s","og_description":"A Aina Vall\u00e9s creiem que el bany no \u00e9s nom\u00e9s un espai de pas, sin\u00f3 un rac\u00f3 on tamb\u00e9 pots guanyar en ordre, est\u00e8tica i benestar. Per aix\u00f2, dissenyam, fabricam i instal\u00b7lam mobles de bany a mida que s\u2019adapten a tu, al teu espai i al teu estil de vida. Des del nostre estudi a [&hellip;]","og_url":"https:\/\/ainavalles.com\/ca\/ideas-para-muebles-de-bano-a-medida\/","og_site_name":"Aina Vall\u00e8s","article_publisher":"https:\/\/www.facebook.com\/people\/Aina-Valls\/100090582199736\/","article_published_time":"2025-06-30T09:34:23+00:00","article_modified_time":"2025-06-30T10:20:46+00:00","og_image":[{"url":"https:\/\/ainavalles.com\/wp-content\/uploads\/2025\/06\/1fef29cf-3dbb-4162-8b3c-212ee6b46b28-1.png","width":1024,"height":1536,"type":"image\/png"}],"author":"Aina Vall\u00e9s","twitter_card":"summary_large_image","twitter_misc":{"Escrit per":"Aina Vall\u00e9s","Temps estimat de lectura":"3 minuts"},"schema":{"@context":"https:\/\/schema.org","@graph":[{"@type":"Article","@id":"https:\/\/ainavalles.com\/ca\/ideas-para-muebles-de-bano-a-medida\/#article","isPartOf":{"@id":"https:\/\/ainavalles.com\/ca\/ideas-para-muebles-de-bano-a-medida\/"},"author":{"name":"Aina Vall\u00e9s","@id":"https:\/\/ainavalles.com\/#\/schema\/person\/66806b4f2c1fbd143b75d1a0b0cfee0b"},"headline":"Idees per a mobles de bany a mida","datePublished":"2025-06-30T09:34:23+00:00","dateModified":"2025-06-30T10:20:46+00:00","mainEntityOfPage":{"@id":"https:\/\/ainavalles.com\/ca\/ideas-para-muebles-de-bano-a-medida\/"},"wordCount":455,"publisher":{"@id":"https:\/\/ainavalles.com\/#organization"},"image":{"@id":"https:\/\/ainavalles.com\/ca\/ideas-para-muebles-de-bano-a-medida\/#primaryimage"},"thumbnailUrl":"https:\/\/ainavalles.com\/wp-content\/uploads\/2025\/06\/1fef29cf-3dbb-4162-8b3c-212ee6b46b28-1.png","articleSection":["Sin categorizar"],"inLanguage":"ca"},{"@type":"WebPage","@id":"https:\/\/ainavalles.com\/ca\/ideas-para-muebles-de-bano-a-medida\/","url":"https:\/\/ainavalles.com\/ca\/ideas-para-muebles-de-bano-a-medida\/","name":"Idees per a mobles de bany a mida - Aina Vall\u00e8s","isPartOf":{"@id":"https:\/\/ainavalles.com\/#website"},"primaryImageOfPage":{"@id":"https:\/\/ainavalles.com\/ca\/ideas-para-muebles-de-bano-a-medida\/#primaryimage"},"image":{"@id":"https:\/\/ainavalles.com\/ca\/ideas-para-muebles-de-bano-a-medida\/#primaryimage"},"thumbnailUrl":"https:\/\/ainavalles.com\/wp-content\/uploads\/2025\/06\/1fef29cf-3dbb-4162-8b3c-212ee6b46b28-1.png","datePublished":"2025-06-30T09:34:23+00:00","dateModified":"2025-06-30T10:20:46+00:00","breadcrumb":{"@id":"https:\/\/ainavalles.com\/ca\/ideas-para-muebles-de-bano-a-medida\/#breadcrumb"},"inLanguage":"ca","potentialAction":[{"@type":"ReadAction","target":["https:\/\/ainavalles.com\/ca\/ideas-para-muebles-de-bano-a-medida\/"]}]},{"@type":"ImageObject","inLanguage":"ca","@id":"https:\/\/ainavalles.com\/ca\/ideas-para-muebles-de-bano-a-medida\/#primaryimage","url":"https:\/\/ainavalles.com\/wp-content\/uploads\/2025\/06\/1fef29cf-3dbb-4162-8b3c-212ee6b46b28-1.png","contentUrl":"https:\/\/ainavalles.com\/wp-content\/uploads\/2025\/06\/1fef29cf-3dbb-4162-8b3c-212ee6b46b28-1.png","width":1024,"height":1536},{"@type":"BreadcrumbList","@id":"https:\/\/ainavalles.com\/ca\/ideas-para-muebles-de-bano-a-medida\/#breadcrumb","itemListElement":[{"@type":"ListItem","position":1,"name":"Portada","item":"https:\/\/ainavalles.com\/"},{"@type":"ListItem","position":2,"name":"Idees per a mobles de bany a mida"}]},{"@type":"WebSite","@id":"https:\/\/ainavalles.com\/#website","url":"https:\/\/ainavalles.com\/","name":"Aina Vall\u00e8s","description":"Interiorismo en Mallorca","publisher":{"@id":"https:\/\/ainavalles.com\/#organization"},"potentialAction":[{"@type":"SearchAction","target":{"@type":"EntryPoint","urlTemplate":"https:\/\/ainavalles.com\/?s={search_term_string}"},"query-input":{"@type":"PropertyValueSpecification","valueRequired":true,"valueName":"search_term_string"}}],"inLanguage":"ca"},{"@type":"Organization","@id":"https:\/\/ainavalles.com\/#organization","name":"Aina Vall\u00e8s","url":"https:\/\/ainavalles.com\/","logo":{"@type":"ImageObject","inLanguage":"ca","@id":"https:\/\/ainavalles.com\/#\/schema\/logo\/image\/","url":"https:\/\/ainavalles.com\/wp-content\/uploads\/2023\/09\/logo.svg","contentUrl":"https:\/\/ainavalles.com\/wp-content\/uploads\/2023\/09\/logo.svg","width":300,"height":244,"caption":"Aina Vall\u00e8s"},"image":{"@id":"https:\/\/ainavalles.com\/#\/schema\/logo\/image\/"},"sameAs":["https:\/\/www.facebook.com\/people\/Aina-Valls\/100090582199736\/","https:\/\/www.instagram.com\/aina_valles\/"]},{"@type":"Person","@id":"https:\/\/ainavalles.com\/#\/schema\/person\/66806b4f2c1fbd143b75d1a0b0cfee0b","name":"Aina Vall\u00e9s","sameAs":["https:\/\/ainavalles.com"]}]}},"_links":{"self":[{"href":"https:\/\/ainavalles.com\/ca\/wp-json\/wp\/v2\/posts\/3829","targetHints":{"allow":["GET"]}}],"collection":[{"href":"https:\/\/ainavalles.com\/ca\/wp-json\/wp\/v2\/posts"}],"about":[{"href":"https:\/\/ainavalles.com\/ca\/wp-json\/wp\/v2\/types\/post"}],"author":[{"embeddable":true,"href":"https:\/\/ainavalles.com\/ca\/wp-json\/wp\/v2\/users\/2"}],"replies":[{"embeddable":true,"href":"https:\/\/ainavalles.com\/ca\/wp-json\/wp\/v2\/comments?post=3829"}],"version-history":[{"count":1,"href":"https:\/\/ainavalles.com\/ca\/wp-json\/wp\/v2\/posts\/3829\/revisions"}],"predecessor-version":[{"id":3831,"href":"https:\/\/ainavalles.com\/ca\/wp-json\/wp\/v2\/posts\/3829\/revisions\/3831"}],"wp:featuredmedia":[{"embeddable":true,"href":"https:\/\/ainavalles.com\/ca\/wp-json\/wp\/v2\/media\/3822"}],"wp:attachment":[{"href":"https:\/\/ainavalles.com\/ca\/wp-json\/wp\/v2\/media?parent=3829"}],"wp:term":[{"taxonomy":"category","embeddable":true,"href":"https:\/\/ainavalles.com\/ca\/wp-json\/wp\/v2\/categories?post=3829"},{"taxonomy":"post_tag","embeddable":true,"href":"https:\/\/ainavalles.com\/ca\/wp-json\/wp\/v2\/tags?post=3829"}],"curies":[{"name":"wp","href":"https:\/\/api.w.org\/{rel}","templated":true}]}}