{"id":4127,"date":"2025-11-12T12:14:51","date_gmt":"2025-11-12T10:14:51","guid":{"rendered":"https:\/\/ainavalles.com\/comunicacion-que-inspira-y-lidera\/"},"modified":"2025-11-12T12:29:22","modified_gmt":"2025-11-12T10:29:22","slug":"comunicacion-que-inspira-y-lidera","status":"publish","type":"post","link":"https:\/\/ainavalles.com\/ca\/comunicacion-que-inspira-y-lidera\/","title":{"rendered":"Comunicaci\u00f3 que inspira i lidera"},"content":{"rendered":"\n<p>El darrer taller amb Mar F\u00e9lix va ser una experi\u00e8ncia incre\u00efble. Un mat\u00ed ple d\u2019aprenentatge, connexi\u00f3 i reflexi\u00f3 sobre com comunicar des de l\u2019autenticitat i el lideratge.<\/p>\n\n\n\n<p>Vam analitzar la postura, la veu, el llenguatge corporal i, sobretot, la manera com la nostra comunicaci\u00f3 pot inspirar confian\u00e7a i credibilitat en els altres.<\/p>\n\n\n\n<p>Per\u00f2 m\u00e9s enll\u00e0 del contingut, el m\u00e9s bonic va ser l\u2019ambient que es va crear: natural, participatiu i ple d\u2019energia. Gr\u00e0cies a totes les persones que hi vau assistir, per compartir les vostres experi\u00e8ncies i per fer que aquesta trobada tengu\u00e9s tanta vida \ud83d\udc9b<\/p>\n\n\n\n<p>Aqu\u00ed et deixam algunes fotos d\u2019aquell dia, que capturen els moments m\u00e9s especials del taller amb Mar F\u00e9lix i l\u2019exposici\u00f3 art\u00edstica de Naiara Yerobi, que va omplir l\u2019estudi de color i sensibilitat.<\/p>\n\n\n\n<p>Seguim creixent, aprenent i creant espais on compartir.<br>Gr\u00e0cies per formar-ne part! \ud83c\udf3f<\/p>\n\n\n\n<figure class=\"wp-block-gallery has-nested-images columns-default is-cropped wp-block-gallery-1 is-layout-flex wp-block-gallery-is-layout-flex\">\n<figure class=\"wp-block-image size-large\"><img fetchpriority=\"high\" decoding=\"async\" width=\"1000\" height=\"670\" data-id=\"4095\" src=\"https:\/\/ainavalles.com\/wp-content\/uploads\/2025\/11\/Taller-Soller-016.jpg\" alt=\"\" class=\"wp-image-4095\" srcset=\"https:\/\/ainavalles.com\/wp-content\/uploads\/2025\/11\/Taller-Soller-016.jpg 1000w, https:\/\/ainavalles.com\/wp-content\/uploads\/2025\/11\/Taller-Soller-016-768x515.jpg 768w\" sizes=\"(max-width: 1000px) 100vw, 1000px\" \/><\/figure>\n\n\n\n<figure class=\"wp-block-image size-large\"><img decoding=\"async\" width=\"1000\" height=\"682\" data-id=\"4105\" src=\"https:\/\/ainavalles.com\/wp-content\/uploads\/2025\/11\/Taller-Soller-018.jpg\" alt=\"\" class=\"wp-image-4105\" srcset=\"https:\/\/ainavalles.com\/wp-content\/uploads\/2025\/11\/Taller-Soller-018.jpg 1000w, https:\/\/ainavalles.com\/wp-content\/uploads\/2025\/11\/Taller-Soller-018-768x524.jpg 768w\" sizes=\"(max-width: 1000px) 100vw, 1000px\" \/><\/figure>\n\n\n\n<figure class=\"wp-block-image size-large\"><img decoding=\"async\" width=\"1000\" height=\"667\" data-id=\"4098\" src=\"https:\/\/ainavalles.com\/wp-content\/uploads\/2025\/11\/Taller-Soller-026.jpg\" alt=\"\" class=\"wp-image-4098\" srcset=\"https:\/\/ainavalles.com\/wp-content\/uploads\/2025\/11\/Taller-Soller-026.jpg 1000w, https:\/\/ainavalles.com\/wp-content\/uploads\/2025\/11\/Taller-Soller-026-768x512.jpg 768w\" sizes=\"(max-width: 1000px) 100vw, 1000px\" \/><\/figure>\n\n\n\n<figure class=\"wp-block-image size-full\"><img loading=\"lazy\" decoding=\"async\" width=\"1000\" height=\"682\" data-id=\"4093\" src=\"https:\/\/ainavalles.com\/wp-content\/uploads\/2025\/11\/Taller-Soller-028.jpg\" alt=\"\" class=\"wp-image-4093\" srcset=\"https:\/\/ainavalles.com\/wp-content\/uploads\/2025\/11\/Taller-Soller-028.jpg 1000w, https:\/\/ainavalles.com\/wp-content\/uploads\/2025\/11\/Taller-Soller-028-768x524.jpg 768w\" sizes=\"(max-width: 1000px) 100vw, 1000px\" \/><\/figure>\n\n\n\n<figure class=\"wp-block-image size-large\"><img loading=\"lazy\" decoding=\"async\" width=\"1000\" height=\"653\" data-id=\"4092\" src=\"https:\/\/ainavalles.com\/wp-content\/uploads\/2025\/11\/Taller-Soller-033.jpg\" alt=\"\" class=\"wp-image-4092\" srcset=\"https:\/\/ainavalles.com\/wp-content\/uploads\/2025\/11\/Taller-Soller-033.jpg 1000w, https:\/\/ainavalles.com\/wp-content\/uploads\/2025\/11\/Taller-Soller-033-768x502.jpg 768w\" sizes=\"(max-width: 1000px) 100vw, 1000px\" \/><\/figure>\n\n\n\n<figure class=\"wp-block-image size-large\"><img loading=\"lazy\" decoding=\"async\" width=\"1000\" height=\"713\" data-id=\"4103\" src=\"https:\/\/ainavalles.com\/wp-content\/uploads\/2025\/11\/Taller-Soller-001.jpg\" alt=\"\" class=\"wp-image-4103\" srcset=\"https:\/\/ainavalles.com\/wp-content\/uploads\/2025\/11\/Taller-Soller-001.jpg 1000w, https:\/\/ainavalles.com\/wp-content\/uploads\/2025\/11\/Taller-Soller-001-768x548.jpg 768w\" sizes=\"(max-width: 1000px) 100vw, 1000px\" \/><\/figure>\n\n\n\n<figure class=\"wp-block-image size-large\"><img loading=\"lazy\" decoding=\"async\" width=\"1000\" height=\"706\" data-id=\"4114\" src=\"https:\/\/ainavalles.com\/wp-content\/uploads\/2025\/11\/Taller-Soller-009.jpg\" alt=\"\" class=\"wp-image-4114\" srcset=\"https:\/\/ainavalles.com\/wp-content\/uploads\/2025\/11\/Taller-Soller-009.jpg 1000w, https:\/\/ainavalles.com\/wp-content\/uploads\/2025\/11\/Taller-Soller-009-768x542.jpg 768w\" sizes=\"(max-width: 1000px) 100vw, 1000px\" \/><\/figure>\n<\/figure>\n","protected":false},"excerpt":{"rendered":"<p>El darrer taller amb Mar F\u00e9lix va ser una experi\u00e8ncia incre\u00efble. Un mat\u00ed ple d\u2019aprenentatge, connexi\u00f3 i reflexi\u00f3 sobre com comunicar des de l\u2019autenticitat i el lideratge. Vam analitzar la postura, la veu, el llenguatge corporal i, sobretot, la manera com la nostra comunicaci\u00f3 pot inspirar confian\u00e7a i credibilitat en els altres. Per\u00f2 m\u00e9s enll\u00e0 [&hellip;]<\/p>\n","protected":false},"author":2,"featured_media":4123,"comment_status":"closed","ping_status":"closed","sticky":false,"template":"","format":"standard","meta":{"_acf_changed":false,"footnotes":""},"categories":[17],"tags":[],"class_list":["post-4127","post","type-post","status-publish","format-standard","has-post-thumbnail","hentry","category-sin-categorizar-2"],"acf":[],"yoast_head":"<!-- This site is optimized with the Yoast SEO plugin v26.8 - https:\/\/yoast.com\/product\/yoast-seo-wordpress\/ -->\n<title>Comunicaci\u00f3 que inspira i lidera - Aina Vall\u00e8s<\/title>\n<meta name=\"robots\" content=\"index, follow, max-snippet:-1, max-image-preview:large, max-video-preview:-1\" \/>\n<link rel=\"canonical\" href=\"https:\/\/ainavalles.com\/ca\/comunicacion-que-inspira-y-lidera\/\" \/>\n<meta property=\"og:locale\" content=\"ca_ES\" \/>\n<meta property=\"og:type\" content=\"article\" \/>\n<meta property=\"og:title\" content=\"Comunicaci\u00f3 que inspira i lidera - Aina Vall\u00e8s\" \/>\n<meta property=\"og:description\" content=\"El darrer taller amb Mar F\u00e9lix va ser una experi\u00e8ncia incre\u00efble. Un mat\u00ed ple d\u2019aprenentatge, connexi\u00f3 i reflexi\u00f3 sobre com comunicar des de l\u2019autenticitat i el lideratge. Vam analitzar la postura, la veu, el llenguatge corporal i, sobretot, la manera com la nostra comunicaci\u00f3 pot inspirar confian\u00e7a i credibilitat en els altres. Per\u00f2 m\u00e9s enll\u00e0 [&hellip;]\" \/>\n<meta property=\"og:url\" content=\"https:\/\/ainavalles.com\/ca\/comunicacion-que-inspira-y-lidera\/\" \/>\n<meta property=\"og:site_name\" content=\"Aina Vall\u00e8s\" \/>\n<meta property=\"article:publisher\" content=\"https:\/\/www.facebook.com\/people\/Aina-Valls\/100090582199736\/\" \/>\n<meta property=\"article:published_time\" content=\"2025-11-12T10:14:51+00:00\" \/>\n<meta property=\"article:modified_time\" content=\"2025-11-12T10:29:22+00:00\" \/>\n<meta property=\"og:image\" content=\"https:\/\/ainavalles.com\/wp-content\/uploads\/2025\/11\/Taller-Soller-013-1.jpg\" \/>\n\t<meta property=\"og:image:width\" content=\"1000\" \/>\n\t<meta property=\"og:image:height\" content=\"685\" \/>\n\t<meta property=\"og:image:type\" content=\"image\/jpeg\" \/>\n<meta name=\"author\" content=\"Aina Vall\u00e9s\" \/>\n<meta name=\"twitter:card\" content=\"summary_large_image\" \/>\n<meta name=\"twitter:label1\" content=\"Escrit per\" \/>\n\t<meta name=\"twitter:data1\" content=\"Aina Vall\u00e9s\" \/>\n\t<meta name=\"twitter:label2\" content=\"Temps estimat de lectura\" \/>\n\t<meta name=\"twitter:data2\" content=\"3 minuts\" \/>\n<script type=\"application\/ld+json\" class=\"yoast-schema-graph\">{\"@context\":\"https:\/\/schema.org\",\"@graph\":[{\"@type\":\"Article\",\"@id\":\"https:\/\/ainavalles.com\/ca\/comunicacion-que-inspira-y-lidera\/#article\",\"isPartOf\":{\"@id\":\"https:\/\/ainavalles.com\/ca\/comunicacion-que-inspira-y-lidera\/\"},\"author\":{\"name\":\"Aina Vall\u00e9s\",\"@id\":\"https:\/\/ainavalles.com\/#\/schema\/person\/66806b4f2c1fbd143b75d1a0b0cfee0b\"},\"headline\":\"Comunicaci\u00f3 que inspira i lidera\",\"datePublished\":\"2025-11-12T10:14:51+00:00\",\"dateModified\":\"2025-11-12T10:29:22+00:00\",\"mainEntityOfPage\":{\"@id\":\"https:\/\/ainavalles.com\/ca\/comunicacion-que-inspira-y-lidera\/\"},\"wordCount\":164,\"publisher\":{\"@id\":\"https:\/\/ainavalles.com\/#organization\"},\"image\":{\"@id\":\"https:\/\/ainavalles.com\/ca\/comunicacion-que-inspira-y-lidera\/#primaryimage\"},\"thumbnailUrl\":\"https:\/\/ainavalles.com\/wp-content\/uploads\/2025\/11\/Taller-Soller-013-1.jpg\",\"articleSection\":[\"Sin categorizar\"],\"inLanguage\":\"ca\"},{\"@type\":\"WebPage\",\"@id\":\"https:\/\/ainavalles.com\/ca\/comunicacion-que-inspira-y-lidera\/\",\"url\":\"https:\/\/ainavalles.com\/ca\/comunicacion-que-inspira-y-lidera\/\",\"name\":\"Comunicaci\u00f3 que inspira i lidera - Aina Vall\u00e8s\",\"isPartOf\":{\"@id\":\"https:\/\/ainavalles.com\/#website\"},\"primaryImageOfPage\":{\"@id\":\"https:\/\/ainavalles.com\/ca\/comunicacion-que-inspira-y-lidera\/#primaryimage\"},\"image\":{\"@id\":\"https:\/\/ainavalles.com\/ca\/comunicacion-que-inspira-y-lidera\/#primaryimage\"},\"thumbnailUrl\":\"https:\/\/ainavalles.com\/wp-content\/uploads\/2025\/11\/Taller-Soller-013-1.jpg\",\"datePublished\":\"2025-11-12T10:14:51+00:00\",\"dateModified\":\"2025-11-12T10:29:22+00:00\",\"breadcrumb\":{\"@id\":\"https:\/\/ainavalles.com\/ca\/comunicacion-que-inspira-y-lidera\/#breadcrumb\"},\"inLanguage\":\"ca\",\"potentialAction\":[{\"@type\":\"ReadAction\",\"target\":[\"https:\/\/ainavalles.com\/ca\/comunicacion-que-inspira-y-lidera\/\"]}]},{\"@type\":\"ImageObject\",\"inLanguage\":\"ca\",\"@id\":\"https:\/\/ainavalles.com\/ca\/comunicacion-que-inspira-y-lidera\/#primaryimage\",\"url\":\"https:\/\/ainavalles.com\/wp-content\/uploads\/2025\/11\/Taller-Soller-013-1.jpg\",\"contentUrl\":\"https:\/\/ainavalles.com\/wp-content\/uploads\/2025\/11\/Taller-Soller-013-1.jpg\",\"width\":1000,\"height\":685},{\"@type\":\"BreadcrumbList\",\"@id\":\"https:\/\/ainavalles.com\/ca\/comunicacion-que-inspira-y-lidera\/#breadcrumb\",\"itemListElement\":[{\"@type\":\"ListItem\",\"position\":1,\"name\":\"Portada\",\"item\":\"https:\/\/ainavalles.com\/\"},{\"@type\":\"ListItem\",\"position\":2,\"name\":\"Comunicaci\u00f3 que inspira i lidera\"}]},{\"@type\":\"WebSite\",\"@id\":\"https:\/\/ainavalles.com\/#website\",\"url\":\"https:\/\/ainavalles.com\/\",\"name\":\"Aina Vall\u00e8s\",\"description\":\"Interiorismo en Mallorca\",\"publisher\":{\"@id\":\"https:\/\/ainavalles.com\/#organization\"},\"potentialAction\":[{\"@type\":\"SearchAction\",\"target\":{\"@type\":\"EntryPoint\",\"urlTemplate\":\"https:\/\/ainavalles.com\/?s={search_term_string}\"},\"query-input\":{\"@type\":\"PropertyValueSpecification\",\"valueRequired\":true,\"valueName\":\"search_term_string\"}}],\"inLanguage\":\"ca\"},{\"@type\":\"Organization\",\"@id\":\"https:\/\/ainavalles.com\/#organization\",\"name\":\"Aina Vall\u00e8s\",\"url\":\"https:\/\/ainavalles.com\/\",\"logo\":{\"@type\":\"ImageObject\",\"inLanguage\":\"ca\",\"@id\":\"https:\/\/ainavalles.com\/#\/schema\/logo\/image\/\",\"url\":\"https:\/\/ainavalles.com\/wp-content\/uploads\/2023\/09\/logo.svg\",\"contentUrl\":\"https:\/\/ainavalles.com\/wp-content\/uploads\/2023\/09\/logo.svg\",\"width\":300,\"height\":244,\"caption\":\"Aina Vall\u00e8s\"},\"image\":{\"@id\":\"https:\/\/ainavalles.com\/#\/schema\/logo\/image\/\"},\"sameAs\":[\"https:\/\/www.facebook.com\/people\/Aina-Valls\/100090582199736\/\",\"https:\/\/www.instagram.com\/aina_valles\/\"]},{\"@type\":\"Person\",\"@id\":\"https:\/\/ainavalles.com\/#\/schema\/person\/66806b4f2c1fbd143b75d1a0b0cfee0b\",\"name\":\"Aina Vall\u00e9s\",\"sameAs\":[\"https:\/\/ainavalles.com\"]}]}<\/script>\n<!-- \/ Yoast SEO plugin. -->","yoast_head_json":{"title":"Comunicaci\u00f3 que inspira i lidera - Aina Vall\u00e8s","robots":{"index":"index","follow":"follow","max-snippet":"max-snippet:-1","max-image-preview":"max-image-preview:large","max-video-preview":"max-video-preview:-1"},"canonical":"https:\/\/ainavalles.com\/ca\/comunicacion-que-inspira-y-lidera\/","og_locale":"ca_ES","og_type":"article","og_title":"Comunicaci\u00f3 que inspira i lidera - Aina Vall\u00e8s","og_description":"El darrer taller amb Mar F\u00e9lix va ser una experi\u00e8ncia incre\u00efble. Un mat\u00ed ple d\u2019aprenentatge, connexi\u00f3 i reflexi\u00f3 sobre com comunicar des de l\u2019autenticitat i el lideratge. Vam analitzar la postura, la veu, el llenguatge corporal i, sobretot, la manera com la nostra comunicaci\u00f3 pot inspirar confian\u00e7a i credibilitat en els altres. Per\u00f2 m\u00e9s enll\u00e0 [&hellip;]","og_url":"https:\/\/ainavalles.com\/ca\/comunicacion-que-inspira-y-lidera\/","og_site_name":"Aina Vall\u00e8s","article_publisher":"https:\/\/www.facebook.com\/people\/Aina-Valls\/100090582199736\/","article_published_time":"2025-11-12T10:14:51+00:00","article_modified_time":"2025-11-12T10:29:22+00:00","og_image":[{"width":1000,"height":685,"url":"https:\/\/ainavalles.com\/wp-content\/uploads\/2025\/11\/Taller-Soller-013-1.jpg","type":"image\/jpeg"}],"author":"Aina Vall\u00e9s","twitter_card":"summary_large_image","twitter_misc":{"Escrit per":"Aina Vall\u00e9s","Temps estimat de lectura":"3 minuts"},"schema":{"@context":"https:\/\/schema.org","@graph":[{"@type":"Article","@id":"https:\/\/ainavalles.com\/ca\/comunicacion-que-inspira-y-lidera\/#article","isPartOf":{"@id":"https:\/\/ainavalles.com\/ca\/comunicacion-que-inspira-y-lidera\/"},"author":{"name":"Aina Vall\u00e9s","@id":"https:\/\/ainavalles.com\/#\/schema\/person\/66806b4f2c1fbd143b75d1a0b0cfee0b"},"headline":"Comunicaci\u00f3 que inspira i lidera","datePublished":"2025-11-12T10:14:51+00:00","dateModified":"2025-11-12T10:29:22+00:00","mainEntityOfPage":{"@id":"https:\/\/ainavalles.com\/ca\/comunicacion-que-inspira-y-lidera\/"},"wordCount":164,"publisher":{"@id":"https:\/\/ainavalles.com\/#organization"},"image":{"@id":"https:\/\/ainavalles.com\/ca\/comunicacion-que-inspira-y-lidera\/#primaryimage"},"thumbnailUrl":"https:\/\/ainavalles.com\/wp-content\/uploads\/2025\/11\/Taller-Soller-013-1.jpg","articleSection":["Sin categorizar"],"inLanguage":"ca"},{"@type":"WebPage","@id":"https:\/\/ainavalles.com\/ca\/comunicacion-que-inspira-y-lidera\/","url":"https:\/\/ainavalles.com\/ca\/comunicacion-que-inspira-y-lidera\/","name":"Comunicaci\u00f3 que inspira i lidera - Aina Vall\u00e8s","isPartOf":{"@id":"https:\/\/ainavalles.com\/#website"},"primaryImageOfPage":{"@id":"https:\/\/ainavalles.com\/ca\/comunicacion-que-inspira-y-lidera\/#primaryimage"},"image":{"@id":"https:\/\/ainavalles.com\/ca\/comunicacion-que-inspira-y-lidera\/#primaryimage"},"thumbnailUrl":"https:\/\/ainavalles.com\/wp-content\/uploads\/2025\/11\/Taller-Soller-013-1.jpg","datePublished":"2025-11-12T10:14:51+00:00","dateModified":"2025-11-12T10:29:22+00:00","breadcrumb":{"@id":"https:\/\/ainavalles.com\/ca\/comunicacion-que-inspira-y-lidera\/#breadcrumb"},"inLanguage":"ca","potentialAction":[{"@type":"ReadAction","target":["https:\/\/ainavalles.com\/ca\/comunicacion-que-inspira-y-lidera\/"]}]},{"@type":"ImageObject","inLanguage":"ca","@id":"https:\/\/ainavalles.com\/ca\/comunicacion-que-inspira-y-lidera\/#primaryimage","url":"https:\/\/ainavalles.com\/wp-content\/uploads\/2025\/11\/Taller-Soller-013-1.jpg","contentUrl":"https:\/\/ainavalles.com\/wp-content\/uploads\/2025\/11\/Taller-Soller-013-1.jpg","width":1000,"height":685},{"@type":"BreadcrumbList","@id":"https:\/\/ainavalles.com\/ca\/comunicacion-que-inspira-y-lidera\/#breadcrumb","itemListElement":[{"@type":"ListItem","position":1,"name":"Portada","item":"https:\/\/ainavalles.com\/"},{"@type":"ListItem","position":2,"name":"Comunicaci\u00f3 que inspira i lidera"}]},{"@type":"WebSite","@id":"https:\/\/ainavalles.com\/#website","url":"https:\/\/ainavalles.com\/","name":"Aina Vall\u00e8s","description":"Interiorismo en Mallorca","publisher":{"@id":"https:\/\/ainavalles.com\/#organization"},"potentialAction":[{"@type":"SearchAction","target":{"@type":"EntryPoint","urlTemplate":"https:\/\/ainavalles.com\/?s={search_term_string}"},"query-input":{"@type":"PropertyValueSpecification","valueRequired":true,"valueName":"search_term_string"}}],"inLanguage":"ca"},{"@type":"Organization","@id":"https:\/\/ainavalles.com\/#organization","name":"Aina Vall\u00e8s","url":"https:\/\/ainavalles.com\/","logo":{"@type":"ImageObject","inLanguage":"ca","@id":"https:\/\/ainavalles.com\/#\/schema\/logo\/image\/","url":"https:\/\/ainavalles.com\/wp-content\/uploads\/2023\/09\/logo.svg","contentUrl":"https:\/\/ainavalles.com\/wp-content\/uploads\/2023\/09\/logo.svg","width":300,"height":244,"caption":"Aina Vall\u00e8s"},"image":{"@id":"https:\/\/ainavalles.com\/#\/schema\/logo\/image\/"},"sameAs":["https:\/\/www.facebook.com\/people\/Aina-Valls\/100090582199736\/","https:\/\/www.instagram.com\/aina_valles\/"]},{"@type":"Person","@id":"https:\/\/ainavalles.com\/#\/schema\/person\/66806b4f2c1fbd143b75d1a0b0cfee0b","name":"Aina Vall\u00e9s","sameAs":["https:\/\/ainavalles.com"]}]}},"_links":{"self":[{"href":"https:\/\/ainavalles.com\/ca\/wp-json\/wp\/v2\/posts\/4127","targetHints":{"allow":["GET"]}}],"collection":[{"href":"https:\/\/ainavalles.com\/ca\/wp-json\/wp\/v2\/posts"}],"about":[{"href":"https:\/\/ainavalles.com\/ca\/wp-json\/wp\/v2\/types\/post"}],"author":[{"embeddable":true,"href":"https:\/\/ainavalles.com\/ca\/wp-json\/wp\/v2\/users\/2"}],"replies":[{"embeddable":true,"href":"https:\/\/ainavalles.com\/ca\/wp-json\/wp\/v2\/comments?post=4127"}],"version-history":[{"count":2,"href":"https:\/\/ainavalles.com\/ca\/wp-json\/wp\/v2\/posts\/4127\/revisions"}],"predecessor-version":[{"id":4132,"href":"https:\/\/ainavalles.com\/ca\/wp-json\/wp\/v2\/posts\/4127\/revisions\/4132"}],"wp:featuredmedia":[{"embeddable":true,"href":"https:\/\/ainavalles.com\/ca\/wp-json\/wp\/v2\/media\/4123"}],"wp:attachment":[{"href":"https:\/\/ainavalles.com\/ca\/wp-json\/wp\/v2\/media?parent=4127"}],"wp:term":[{"taxonomy":"category","embeddable":true,"href":"https:\/\/ainavalles.com\/ca\/wp-json\/wp\/v2\/categories?post=4127"},{"taxonomy":"post_tag","embeddable":true,"href":"https:\/\/ainavalles.com\/ca\/wp-json\/wp\/v2\/tags?post=4127"}],"curies":[{"name":"wp","href":"https:\/\/api.w.org\/{rel}","templated":true}]}}