{"id":5030,"date":"2026-02-20T14:32:50","date_gmt":"2026-02-20T12:32:50","guid":{"rendered":"https:\/\/ainavalles.com\/viefe-accesorios-que-marcan-la-diferencia-en-tus-muebles\/"},"modified":"2026-02-20T14:41:42","modified_gmt":"2026-02-20T12:41:42","slug":"viefe-accesorios-que-marcan-la-diferencia-en-tus-muebles","status":"publish","type":"post","link":"https:\/\/ainavalles.com\/ca\/viefe-accesorios-que-marcan-la-diferencia-en-tus-muebles\/","title":{"rendered":"VIEFE: ACCESSORIS QUE MARQUEN LA DIFER\u00c8NCIA EN ELS TEUS MOBLES"},"content":{"rendered":"\n<p>Viefe \u00e9s una marca espanyola especialitzada en accessoris i ferratges per a mobles: tiradors, poms, tiradors llargs, penjadors de paret i topalls de porta amb un disseny cuidat i acabats variats. El seu enfocament no \u00e9s nom\u00e9s funcional, sin\u00f3 aportar un detall que realci el disseny global de cada composici\u00f3.<\/p>\n\n\n\n<p><strong>Quin tipus de productes ofereix?<\/strong><\/p>\n\n\n\n<p>Quan treballem en armaris, mobiliari de cuina o peces a mida, els petits detalls importen. Viefe ofereix:<\/p>\n\n\n\n<p>\ud83d\udd39 <strong>Poms i tiradors per a mobles<\/strong><br>Des de dissenys minimalistes fins a formes m\u00e9s expressives, pots triar tiradors que encaixin amb l\u2019estil de la cuina o armari; materials com alumini, fusta, metall o combinacions que aporten textura i car\u00e0cter.<\/p>\n\n\n\n<p>\ud83d\udd39 <strong>Tiradors per a portes i grans superf\u00edcies<\/strong><br>Tamb\u00e9 hi ha opcions pensades per a portes altes o mobles amplis, amb tiradors llargs i c\u00f2modes que faciliten l\u2019\u00fas diari.<\/p>\n\n\n\n<p>\ud83d\udd39 <strong>Penjadors de paret i topalls de porta<\/strong><br>S\u00f3n accessoris \u00fatils que tamb\u00e9 sumen al disseny general, oferint solucions pr\u00e0ctiques amb una est\u00e8tica cuidada.<\/p>\n\n\n<div class=\"wp-block-image\">\n<figure class=\"aligncenter size-full is-resized\"><img fetchpriority=\"high\" decoding=\"async\" width=\"933\" height=\"1400\" src=\"https:\/\/ainavalles.com\/wp-content\/uploads\/2026\/02\/pexels-charlotte-may-5825555.jpg\" alt=\"\" class=\"wp-image-5025\" style=\"aspect-ratio:0.6666618905016406;width:213px;height:auto\" srcset=\"https:\/\/ainavalles.com\/wp-content\/uploads\/2026\/02\/pexels-charlotte-may-5825555.jpg 933w, https:\/\/ainavalles.com\/wp-content\/uploads\/2026\/02\/pexels-charlotte-may-5825555-768x1152.jpg 768w\" sizes=\"(max-width: 933px) 100vw, 933px\" \/><\/figure>\n<\/div>\n\n\n<p><strong>Per qu\u00e8 el recomanem en projectes de mobiliari a mida?<\/strong><\/p>\n\n\n\n<p>\u2714\ufe0f <strong>Detall que transforma el disseny<\/strong><br>Els accessoris que tri\u00efs \u2014tiradors, poms o anses\u2014 poden canviar el sentit visual de tota la cuina, vestidor o moble de bany. Poden fer que un disseny senzill llueixi elegant, modern o molt personalitzat.<\/p>\n\n\n\n<p>\u2714\ufe0f <strong>Varietat d\u2019estils i materials<\/strong><br>Viefe treballa amb materials com alumini, zamak, fusta o acabats especials, de manera que pots combinar tiradors que reforcin l\u2019estil del projecte \u2014des del m\u00e9s minimalista fins al m\u00e9s c\u00e0lid o artesanal.<\/p>\n\n\n\n<p>\u2714\ufe0f <strong>Disseny col\u00b7laboratiu<\/strong><br>Col\u00b7laboren amb dissenyadors internacionals per crear productes amb una mirada actual, pensant tant en la forma com en la funci\u00f3.<\/p>\n\n\n\n<p><strong>On encaixa millor Viefe?<\/strong><\/p>\n\n\n\n<p>Aquest tipus de ferratges funciona molt b\u00e9 quan:<\/p>\n\n\n\n<ul class=\"wp-block-list\">\n<li>Vols que els teus mobles a mida tinguin un acabat clar i cuidat.<\/li>\n\n\n\n<li>Busques coher\u00e8ncia est\u00e8tica en tota la cuina o armari.<\/li>\n\n\n\n<li>Vols aprofitar els tiradors com a element de disseny, no nom\u00e9s funcional.<\/li>\n\n\n\n<li>Dissenyes espais com cuines, banys o vestidors on els detalls marquen la difer\u00e8ncia.<\/li>\n<\/ul>\n\n\n\n<p><strong>Resum r\u00e0pid<\/strong><\/p>\n\n\n\n<ul class=\"wp-block-list\">\n<li>\u2714\ufe0f Marca espanyola especialitzada en tiradors, poms i penjadors de disseny.<\/li>\n\n\n\n<li>\u2714\ufe0f Productes pensats per real\u00e7ar mobles i espais.<\/li>\n\n\n\n<li>\u2714\ufe0f Varietat d\u2019estils, materials i acabats.<\/li>\n\n\n\n<li>\u2714\ufe0f Ideal en projectes de mobiliari a mida on cada detall compta.<\/li>\n<\/ul>\n\n\n<div class=\"wp-block-image\">\n<figure class=\"aligncenter size-full\"><img decoding=\"async\" width=\"379\" height=\"133\" src=\"https:\/\/ainavalles.com\/wp-content\/uploads\/2026\/02\/viefe-logo.png\" alt=\"\" class=\"wp-image-5021\"\/><\/figure>\n<\/div>\n\n\n<p><\/p>\n","protected":false},"excerpt":{"rendered":"<p>Viefe \u00e9s una marca espanyola especialitzada en accessoris i ferratges per a mobles: tiradors, poms, tiradors llargs, penjadors de paret i topalls de porta amb un disseny cuidat i acabats variats. El seu enfocament no \u00e9s nom\u00e9s funcional, sin\u00f3 aportar un detall que realci el disseny global de cada composici\u00f3. Quin tipus de productes ofereix? [&hellip;]<\/p>\n","protected":false},"author":2,"featured_media":5026,"comment_status":"closed","ping_status":"closed","sticky":false,"template":"","format":"standard","meta":{"_acf_changed":false,"footnotes":""},"categories":[17],"tags":[],"class_list":["post-5030","post","type-post","status-publish","format-standard","has-post-thumbnail","hentry","category-sin-categorizar-2"],"acf":[],"yoast_head":"<!-- This site is optimized with the Yoast SEO plugin v26.8 - https:\/\/yoast.com\/product\/yoast-seo-wordpress\/ -->\n<title>VIEFE: ACCESSORIS QUE MARQUEN LA DIFER\u00c8NCIA EN ELS TEUS MOBLES - Aina Vall\u00e8s<\/title>\n<meta name=\"robots\" content=\"index, follow, max-snippet:-1, max-image-preview:large, max-video-preview:-1\" \/>\n<link rel=\"canonical\" href=\"https:\/\/ainavalles.com\/ca\/viefe-accesorios-que-marcan-la-diferencia-en-tus-muebles\/\" \/>\n<meta property=\"og:locale\" content=\"ca_ES\" \/>\n<meta property=\"og:type\" content=\"article\" \/>\n<meta property=\"og:title\" content=\"VIEFE: ACCESSORIS QUE MARQUEN LA DIFER\u00c8NCIA EN ELS TEUS MOBLES - Aina Vall\u00e8s\" \/>\n<meta property=\"og:description\" content=\"Viefe \u00e9s una marca espanyola especialitzada en accessoris i ferratges per a mobles: tiradors, poms, tiradors llargs, penjadors de paret i topalls de porta amb un disseny cuidat i acabats variats. El seu enfocament no \u00e9s nom\u00e9s funcional, sin\u00f3 aportar un detall que realci el disseny global de cada composici\u00f3. Quin tipus de productes ofereix? [&hellip;]\" \/>\n<meta property=\"og:url\" content=\"https:\/\/ainavalles.com\/ca\/viefe-accesorios-que-marcan-la-diferencia-en-tus-muebles\/\" \/>\n<meta property=\"og:site_name\" content=\"Aina Vall\u00e8s\" \/>\n<meta property=\"article:publisher\" content=\"https:\/\/www.facebook.com\/people\/Aina-Valls\/100090582199736\/\" \/>\n<meta property=\"article:published_time\" content=\"2026-02-20T12:32:50+00:00\" \/>\n<meta property=\"article:modified_time\" content=\"2026-02-20T12:41:42+00:00\" \/>\n<meta property=\"og:image\" content=\"https:\/\/ainavalles.com\/wp-content\/uploads\/2026\/02\/pexels-charlotte-may-5825555.jpg\" \/>\n\t<meta property=\"og:image:width\" content=\"933\" \/>\n\t<meta property=\"og:image:height\" content=\"1400\" \/>\n\t<meta property=\"og:image:type\" content=\"image\/jpeg\" \/>\n<meta name=\"author\" content=\"Aina Vall\u00e9s\" \/>\n<meta name=\"twitter:card\" content=\"summary_large_image\" \/>\n<meta name=\"twitter:label1\" content=\"Escrit per\" \/>\n\t<meta name=\"twitter:data1\" content=\"Aina Vall\u00e9s\" \/>\n\t<meta name=\"twitter:label2\" content=\"Temps estimat de lectura\" \/>\n\t<meta name=\"twitter:data2\" content=\"3 minuts\" \/>\n<script type=\"application\/ld+json\" class=\"yoast-schema-graph\">{\"@context\":\"https:\/\/schema.org\",\"@graph\":[{\"@type\":\"Article\",\"@id\":\"https:\/\/ainavalles.com\/ca\/viefe-accesorios-que-marcan-la-diferencia-en-tus-muebles\/#article\",\"isPartOf\":{\"@id\":\"https:\/\/ainavalles.com\/ca\/viefe-accesorios-que-marcan-la-diferencia-en-tus-muebles\/\"},\"author\":{\"name\":\"Aina Vall\u00e9s\",\"@id\":\"https:\/\/ainavalles.com\/#\/schema\/person\/66806b4f2c1fbd143b75d1a0b0cfee0b\"},\"headline\":\"VIEFE: ACCESSORIS QUE MARQUEN LA DIFER\u00c8NCIA EN ELS TEUS MOBLES\",\"datePublished\":\"2026-02-20T12:32:50+00:00\",\"dateModified\":\"2026-02-20T12:41:42+00:00\",\"mainEntityOfPage\":{\"@id\":\"https:\/\/ainavalles.com\/ca\/viefe-accesorios-que-marcan-la-diferencia-en-tus-muebles\/\"},\"wordCount\":399,\"publisher\":{\"@id\":\"https:\/\/ainavalles.com\/#organization\"},\"image\":{\"@id\":\"https:\/\/ainavalles.com\/ca\/viefe-accesorios-que-marcan-la-diferencia-en-tus-muebles\/#primaryimage\"},\"thumbnailUrl\":\"https:\/\/ainavalles.com\/wp-content\/uploads\/2026\/02\/pexels-charlotte-may-5825555.jpg\",\"articleSection\":[\"Sin categorizar\"],\"inLanguage\":\"ca\"},{\"@type\":\"WebPage\",\"@id\":\"https:\/\/ainavalles.com\/ca\/viefe-accesorios-que-marcan-la-diferencia-en-tus-muebles\/\",\"url\":\"https:\/\/ainavalles.com\/ca\/viefe-accesorios-que-marcan-la-diferencia-en-tus-muebles\/\",\"name\":\"VIEFE: ACCESSORIS QUE MARQUEN LA DIFER\u00c8NCIA EN ELS TEUS MOBLES - Aina Vall\u00e8s\",\"isPartOf\":{\"@id\":\"https:\/\/ainavalles.com\/#website\"},\"primaryImageOfPage\":{\"@id\":\"https:\/\/ainavalles.com\/ca\/viefe-accesorios-que-marcan-la-diferencia-en-tus-muebles\/#primaryimage\"},\"image\":{\"@id\":\"https:\/\/ainavalles.com\/ca\/viefe-accesorios-que-marcan-la-diferencia-en-tus-muebles\/#primaryimage\"},\"thumbnailUrl\":\"https:\/\/ainavalles.com\/wp-content\/uploads\/2026\/02\/pexels-charlotte-may-5825555.jpg\",\"datePublished\":\"2026-02-20T12:32:50+00:00\",\"dateModified\":\"2026-02-20T12:41:42+00:00\",\"breadcrumb\":{\"@id\":\"https:\/\/ainavalles.com\/ca\/viefe-accesorios-que-marcan-la-diferencia-en-tus-muebles\/#breadcrumb\"},\"inLanguage\":\"ca\",\"potentialAction\":[{\"@type\":\"ReadAction\",\"target\":[\"https:\/\/ainavalles.com\/ca\/viefe-accesorios-que-marcan-la-diferencia-en-tus-muebles\/\"]}]},{\"@type\":\"ImageObject\",\"inLanguage\":\"ca\",\"@id\":\"https:\/\/ainavalles.com\/ca\/viefe-accesorios-que-marcan-la-diferencia-en-tus-muebles\/#primaryimage\",\"url\":\"https:\/\/ainavalles.com\/wp-content\/uploads\/2026\/02\/pexels-charlotte-may-5825555.jpg\",\"contentUrl\":\"https:\/\/ainavalles.com\/wp-content\/uploads\/2026\/02\/pexels-charlotte-may-5825555.jpg\",\"width\":933,\"height\":1400},{\"@type\":\"BreadcrumbList\",\"@id\":\"https:\/\/ainavalles.com\/ca\/viefe-accesorios-que-marcan-la-diferencia-en-tus-muebles\/#breadcrumb\",\"itemListElement\":[{\"@type\":\"ListItem\",\"position\":1,\"name\":\"Portada\",\"item\":\"https:\/\/ainavalles.com\/\"},{\"@type\":\"ListItem\",\"position\":2,\"name\":\"VIEFE: ACCESSORIS QUE MARQUEN LA DIFER\u00c8NCIA EN ELS TEUS MOBLES\"}]},{\"@type\":\"WebSite\",\"@id\":\"https:\/\/ainavalles.com\/#website\",\"url\":\"https:\/\/ainavalles.com\/\",\"name\":\"Aina Vall\u00e8s\",\"description\":\"Interiorismo en Mallorca\",\"publisher\":{\"@id\":\"https:\/\/ainavalles.com\/#organization\"},\"potentialAction\":[{\"@type\":\"SearchAction\",\"target\":{\"@type\":\"EntryPoint\",\"urlTemplate\":\"https:\/\/ainavalles.com\/?s={search_term_string}\"},\"query-input\":{\"@type\":\"PropertyValueSpecification\",\"valueRequired\":true,\"valueName\":\"search_term_string\"}}],\"inLanguage\":\"ca\"},{\"@type\":\"Organization\",\"@id\":\"https:\/\/ainavalles.com\/#organization\",\"name\":\"Aina Vall\u00e8s\",\"url\":\"https:\/\/ainavalles.com\/\",\"logo\":{\"@type\":\"ImageObject\",\"inLanguage\":\"ca\",\"@id\":\"https:\/\/ainavalles.com\/#\/schema\/logo\/image\/\",\"url\":\"https:\/\/ainavalles.com\/wp-content\/uploads\/2023\/09\/logo.svg\",\"contentUrl\":\"https:\/\/ainavalles.com\/wp-content\/uploads\/2023\/09\/logo.svg\",\"width\":300,\"height\":244,\"caption\":\"Aina Vall\u00e8s\"},\"image\":{\"@id\":\"https:\/\/ainavalles.com\/#\/schema\/logo\/image\/\"},\"sameAs\":[\"https:\/\/www.facebook.com\/people\/Aina-Valls\/100090582199736\/\",\"https:\/\/www.instagram.com\/aina_valles\/\"]},{\"@type\":\"Person\",\"@id\":\"https:\/\/ainavalles.com\/#\/schema\/person\/66806b4f2c1fbd143b75d1a0b0cfee0b\",\"name\":\"Aina Vall\u00e9s\",\"sameAs\":[\"https:\/\/ainavalles.com\"]}]}<\/script>\n<!-- \/ Yoast SEO plugin. -->","yoast_head_json":{"title":"VIEFE: ACCESSORIS QUE MARQUEN LA DIFER\u00c8NCIA EN ELS TEUS MOBLES - Aina Vall\u00e8s","robots":{"index":"index","follow":"follow","max-snippet":"max-snippet:-1","max-image-preview":"max-image-preview:large","max-video-preview":"max-video-preview:-1"},"canonical":"https:\/\/ainavalles.com\/ca\/viefe-accesorios-que-marcan-la-diferencia-en-tus-muebles\/","og_locale":"ca_ES","og_type":"article","og_title":"VIEFE: ACCESSORIS QUE MARQUEN LA DIFER\u00c8NCIA EN ELS TEUS MOBLES - Aina Vall\u00e8s","og_description":"Viefe \u00e9s una marca espanyola especialitzada en accessoris i ferratges per a mobles: tiradors, poms, tiradors llargs, penjadors de paret i topalls de porta amb un disseny cuidat i acabats variats. El seu enfocament no \u00e9s nom\u00e9s funcional, sin\u00f3 aportar un detall que realci el disseny global de cada composici\u00f3. Quin tipus de productes ofereix? [&hellip;]","og_url":"https:\/\/ainavalles.com\/ca\/viefe-accesorios-que-marcan-la-diferencia-en-tus-muebles\/","og_site_name":"Aina Vall\u00e8s","article_publisher":"https:\/\/www.facebook.com\/people\/Aina-Valls\/100090582199736\/","article_published_time":"2026-02-20T12:32:50+00:00","article_modified_time":"2026-02-20T12:41:42+00:00","og_image":[{"width":933,"height":1400,"url":"https:\/\/ainavalles.com\/wp-content\/uploads\/2026\/02\/pexels-charlotte-may-5825555.jpg","type":"image\/jpeg"}],"author":"Aina Vall\u00e9s","twitter_card":"summary_large_image","twitter_misc":{"Escrit per":"Aina Vall\u00e9s","Temps estimat de lectura":"3 minuts"},"schema":{"@context":"https:\/\/schema.org","@graph":[{"@type":"Article","@id":"https:\/\/ainavalles.com\/ca\/viefe-accesorios-que-marcan-la-diferencia-en-tus-muebles\/#article","isPartOf":{"@id":"https:\/\/ainavalles.com\/ca\/viefe-accesorios-que-marcan-la-diferencia-en-tus-muebles\/"},"author":{"name":"Aina Vall\u00e9s","@id":"https:\/\/ainavalles.com\/#\/schema\/person\/66806b4f2c1fbd143b75d1a0b0cfee0b"},"headline":"VIEFE: ACCESSORIS QUE MARQUEN LA DIFER\u00c8NCIA EN ELS TEUS MOBLES","datePublished":"2026-02-20T12:32:50+00:00","dateModified":"2026-02-20T12:41:42+00:00","mainEntityOfPage":{"@id":"https:\/\/ainavalles.com\/ca\/viefe-accesorios-que-marcan-la-diferencia-en-tus-muebles\/"},"wordCount":399,"publisher":{"@id":"https:\/\/ainavalles.com\/#organization"},"image":{"@id":"https:\/\/ainavalles.com\/ca\/viefe-accesorios-que-marcan-la-diferencia-en-tus-muebles\/#primaryimage"},"thumbnailUrl":"https:\/\/ainavalles.com\/wp-content\/uploads\/2026\/02\/pexels-charlotte-may-5825555.jpg","articleSection":["Sin categorizar"],"inLanguage":"ca"},{"@type":"WebPage","@id":"https:\/\/ainavalles.com\/ca\/viefe-accesorios-que-marcan-la-diferencia-en-tus-muebles\/","url":"https:\/\/ainavalles.com\/ca\/viefe-accesorios-que-marcan-la-diferencia-en-tus-muebles\/","name":"VIEFE: ACCESSORIS QUE MARQUEN LA DIFER\u00c8NCIA EN ELS TEUS MOBLES - Aina Vall\u00e8s","isPartOf":{"@id":"https:\/\/ainavalles.com\/#website"},"primaryImageOfPage":{"@id":"https:\/\/ainavalles.com\/ca\/viefe-accesorios-que-marcan-la-diferencia-en-tus-muebles\/#primaryimage"},"image":{"@id":"https:\/\/ainavalles.com\/ca\/viefe-accesorios-que-marcan-la-diferencia-en-tus-muebles\/#primaryimage"},"thumbnailUrl":"https:\/\/ainavalles.com\/wp-content\/uploads\/2026\/02\/pexels-charlotte-may-5825555.jpg","datePublished":"2026-02-20T12:32:50+00:00","dateModified":"2026-02-20T12:41:42+00:00","breadcrumb":{"@id":"https:\/\/ainavalles.com\/ca\/viefe-accesorios-que-marcan-la-diferencia-en-tus-muebles\/#breadcrumb"},"inLanguage":"ca","potentialAction":[{"@type":"ReadAction","target":["https:\/\/ainavalles.com\/ca\/viefe-accesorios-que-marcan-la-diferencia-en-tus-muebles\/"]}]},{"@type":"ImageObject","inLanguage":"ca","@id":"https:\/\/ainavalles.com\/ca\/viefe-accesorios-que-marcan-la-diferencia-en-tus-muebles\/#primaryimage","url":"https:\/\/ainavalles.com\/wp-content\/uploads\/2026\/02\/pexels-charlotte-may-5825555.jpg","contentUrl":"https:\/\/ainavalles.com\/wp-content\/uploads\/2026\/02\/pexels-charlotte-may-5825555.jpg","width":933,"height":1400},{"@type":"BreadcrumbList","@id":"https:\/\/ainavalles.com\/ca\/viefe-accesorios-que-marcan-la-diferencia-en-tus-muebles\/#breadcrumb","itemListElement":[{"@type":"ListItem","position":1,"name":"Portada","item":"https:\/\/ainavalles.com\/"},{"@type":"ListItem","position":2,"name":"VIEFE: ACCESSORIS QUE MARQUEN LA DIFER\u00c8NCIA EN ELS TEUS MOBLES"}]},{"@type":"WebSite","@id":"https:\/\/ainavalles.com\/#website","url":"https:\/\/ainavalles.com\/","name":"Aina Vall\u00e8s","description":"Interiorismo en Mallorca","publisher":{"@id":"https:\/\/ainavalles.com\/#organization"},"potentialAction":[{"@type":"SearchAction","target":{"@type":"EntryPoint","urlTemplate":"https:\/\/ainavalles.com\/?s={search_term_string}"},"query-input":{"@type":"PropertyValueSpecification","valueRequired":true,"valueName":"search_term_string"}}],"inLanguage":"ca"},{"@type":"Organization","@id":"https:\/\/ainavalles.com\/#organization","name":"Aina Vall\u00e8s","url":"https:\/\/ainavalles.com\/","logo":{"@type":"ImageObject","inLanguage":"ca","@id":"https:\/\/ainavalles.com\/#\/schema\/logo\/image\/","url":"https:\/\/ainavalles.com\/wp-content\/uploads\/2023\/09\/logo.svg","contentUrl":"https:\/\/ainavalles.com\/wp-content\/uploads\/2023\/09\/logo.svg","width":300,"height":244,"caption":"Aina Vall\u00e8s"},"image":{"@id":"https:\/\/ainavalles.com\/#\/schema\/logo\/image\/"},"sameAs":["https:\/\/www.facebook.com\/people\/Aina-Valls\/100090582199736\/","https:\/\/www.instagram.com\/aina_valles\/"]},{"@type":"Person","@id":"https:\/\/ainavalles.com\/#\/schema\/person\/66806b4f2c1fbd143b75d1a0b0cfee0b","name":"Aina Vall\u00e9s","sameAs":["https:\/\/ainavalles.com"]}]}},"_links":{"self":[{"href":"https:\/\/ainavalles.com\/ca\/wp-json\/wp\/v2\/posts\/5030","targetHints":{"allow":["GET"]}}],"collection":[{"href":"https:\/\/ainavalles.com\/ca\/wp-json\/wp\/v2\/posts"}],"about":[{"href":"https:\/\/ainavalles.com\/ca\/wp-json\/wp\/v2\/types\/post"}],"author":[{"embeddable":true,"href":"https:\/\/ainavalles.com\/ca\/wp-json\/wp\/v2\/users\/2"}],"replies":[{"embeddable":true,"href":"https:\/\/ainavalles.com\/ca\/wp-json\/wp\/v2\/comments?post=5030"}],"version-history":[{"count":1,"href":"https:\/\/ainavalles.com\/ca\/wp-json\/wp\/v2\/posts\/5030\/revisions"}],"predecessor-version":[{"id":5032,"href":"https:\/\/ainavalles.com\/ca\/wp-json\/wp\/v2\/posts\/5030\/revisions\/5032"}],"wp:featuredmedia":[{"embeddable":true,"href":"https:\/\/ainavalles.com\/ca\/wp-json\/wp\/v2\/media\/5026"}],"wp:attachment":[{"href":"https:\/\/ainavalles.com\/ca\/wp-json\/wp\/v2\/media?parent=5030"}],"wp:term":[{"taxonomy":"category","embeddable":true,"href":"https:\/\/ainavalles.com\/ca\/wp-json\/wp\/v2\/categories?post=5030"},{"taxonomy":"post_tag","embeddable":true,"href":"https:\/\/ainavalles.com\/ca\/wp-json\/wp\/v2\/tags?post=5030"}],"curies":[{"name":"wp","href":"https:\/\/api.w.org\/{rel}","templated":true}]}}