{"id":5940,"date":"2026-08-26T13:25:24","date_gmt":"2026-08-26T11:25:24","guid":{"rendered":"https:\/\/ainavalles.com\/?p=5940"},"modified":"2026-08-26T13:25:27","modified_gmt":"2026-08-26T11:25:27","slug":"coneix-lequip-daina-valles-les-persones-darrere-cada-projecte","status":"publish","type":"post","link":"https:\/\/ainavalles.com\/ca\/coneix-lequip-daina-valles-les-persones-darrere-cada-projecte\/","title":{"rendered":"Coneix l\u2019equip d\u2019Aina Vall\u00e9s: les persones darrere cada projecte"},"content":{"rendered":"\n<p class=\"wp-block-paragraph\">A <strong>Aina Vall\u00e9s<\/strong>, cada projecte passa per moltes converses, decisions i detalls abans de convertir-se en una cuina, un armari o qualsevol altre moble a mida.<\/p>\n\n\n\n<p class=\"wp-block-paragraph\">Des del nostre estudi de <strong>S\u00f3ller<\/strong>, treballam cada projecte de manera propera i personal, des de les primeres idees fins a la fabricaci\u00f3 i instal\u00b7laci\u00f3.<\/p>\n\n\n\n<p class=\"wp-block-paragraph\">I darrere tot aquest proc\u00e9s hi ha un equip. Avui vos volem contar una mica m\u00e9s sobre nosaltres i sobre qu\u00e8 aporta cadascuna al dia a dia de l\u2019estudi.<\/p>\n\n\n\n<p class=\"wp-block-paragraph\"><strong>Aina Vall\u00e9s, interiorista i fundadora<\/strong><\/p>\n\n\n\n<p class=\"wp-block-paragraph\">Natural de S\u00f3ller i especialitzada en <strong>disseny de mobiliari a mida<\/strong>, Aina \u00e9s qui dona forma a cada projecte des de la primera idea.<\/p>\n\n\n\n<p class=\"wp-block-paragraph\">La seva manera de treballar parteix d\u2019entendre com viu cada client, qu\u00e8 necessita i com es pot aprofitar millor l\u2019espai.<\/p>\n\n\n\n<p class=\"wp-block-paragraph\">Perqu\u00e8 una cuina no nom\u00e9s ha de quedar b\u00e9: ha de ser c\u00f2moda quan cuines. Un armari ha d\u2019ajudar-te a mantenir l\u2019ordre. I cada moble ha de tenir un motiu per ser all\u00e0 on \u00e9s.<\/p>\n\n\n\n<p class=\"wp-block-paragraph\">Aquesta \u00e9s la filosofia que intenta traslladar a cada projecte: <strong>crear espais bonics, per\u00f2 sobretot pr\u00e0ctics, ordenats i pensats per a les persones que els han de viure.<\/strong><\/p>\n\n\n<div class=\"wp-block-image\">\n<figure class=\"aligncenter size-full is-resized\"><img fetchpriority=\"high\" decoding=\"async\" width=\"937\" height=\"1400\" src=\"https:\/\/ainavalles.com\/wp-content\/uploads\/2026\/08\/AINA.jpg\" alt=\"\" class=\"wp-image-5941\" style=\"aspect-ratio:0.669289378019023;width:339px;height:auto\" srcset=\"https:\/\/ainavalles.com\/wp-content\/uploads\/2026\/08\/AINA.jpg 937w, https:\/\/ainavalles.com\/wp-content\/uploads\/2026\/08\/AINA-768x1147.jpg 768w\" sizes=\"(max-width: 937px) 100vw, 937px\" \/><\/figure>\n<\/div>\n\n\n<p class=\"wp-block-paragraph\"><strong>Bea, disseny i seguiment dels projectes<\/strong><\/p>\n\n\n\n<p class=\"wp-block-paragraph\">Bea forma part de l\u2019equip de disseny i acompanya el desenvolupament dels projectes des de les primeres mides fins al seguiment del mobiliari.<\/p>\n\n\n\n<p class=\"wp-block-paragraph\">La seva mirada pr\u00e0ctica i detallista ens ajuda a revisar mides, obertures, distribucions i tots aquells petits detalls necessaris perqu\u00e8 el que hem pensat sobre paper funcioni despr\u00e9s a la realitat.<\/p>\n\n\n\n<p class=\"wp-block-paragraph\">Perqu\u00e8 darrere un bon resultat hi ha moltes decisions petites que, juntes, fan que el mobiliari funcioni de veritat.<\/p>\n\n\n<div class=\"wp-block-image\">\n<figure class=\"aligncenter size-full is-resized\"><img decoding=\"async\" width=\"1920\" height=\"1285\" src=\"https:\/\/ainavalles.com\/wp-content\/uploads\/2026\/08\/BEA.jpg\" alt=\"\" class=\"wp-image-5945\" style=\"aspect-ratio:1.494198660503726;width:456px;height:auto\" srcset=\"https:\/\/ainavalles.com\/wp-content\/uploads\/2026\/08\/BEA.jpg 1920w, https:\/\/ainavalles.com\/wp-content\/uploads\/2026\/08\/BEA-768x514.jpg 768w, https:\/\/ainavalles.com\/wp-content\/uploads\/2026\/08\/BEA-1536x1028.jpg 1536w\" sizes=\"(max-width: 1920px) 100vw, 1920px\" \/><\/figure>\n<\/div>\n\n\n<p class=\"wp-block-paragraph\"><strong>Laia, comunicaci\u00f3, administraci\u00f3 i organitzaci\u00f3<\/strong><\/p>\n\n\n\n<p class=\"wp-block-paragraph\">Laia \u00e9s una de les persones que hi ha darrere Aina Vall\u00e9s, encara que moltes vegades no la vegeu.<\/p>\n\n\n\n<p class=\"wp-block-paragraph\">S\u2019encarrega de bona part de la comunicaci\u00f3, l\u2019administraci\u00f3 i l\u2019organitzaci\u00f3 del dia a dia de l\u2019estudi. Tamb\u00e9 \u00e9s qui ens ajuda a mostrar els projectes que anam acabant i a compartir una mica m\u00e9s tot all\u00f2 que passa darrere la nostra feina.<\/p>\n\n\n\n<p class=\"wp-block-paragraph\">La seva organitzaci\u00f3 ajuda a mantenir moltes coses en ordre perqu\u00e8 l\u2019equip pugui dedicar el temps necessari a cada projecte.<\/p>\n\n\n<div class=\"wp-block-image\">\n<figure class=\"aligncenter size-full is-resized\"><img decoding=\"async\" width=\"937\" height=\"1400\" src=\"https:\/\/ainavalles.com\/wp-content\/uploads\/2026\/08\/LAIA.jpg\" alt=\"\" class=\"wp-image-5949\" style=\"aspect-ratio:0.669289378019023;width:309px;height:auto\" srcset=\"https:\/\/ainavalles.com\/wp-content\/uploads\/2026\/08\/LAIA.jpg 937w, https:\/\/ainavalles.com\/wp-content\/uploads\/2026\/08\/LAIA-768x1147.jpg 768w\" sizes=\"(max-width: 937px) 100vw, 937px\" \/><\/figure>\n<\/div>\n\n\n<p class=\"wp-block-paragraph\"><strong>Un mateix projecte, un equip al darrere<\/strong><\/p>\n\n\n\n<p class=\"wp-block-paragraph\">Encara que cadascuna tengui unes funcions diferents, totes treballam amb un mateix objectiu: <strong>cuidar cada projecte i acompanyar el client durant tot el proc\u00e9s.<\/strong><\/p>\n\n\n\n<p class=\"wp-block-paragraph\">Des del nostre estudi a <strong>S\u00f3ller<\/strong>, dissenyam i desenvolupam projectes de mobiliari a mida que fabricam i instal\u00b7lam a diferents punts de <strong>Mallorca i la Serra de Tramuntana<\/strong>.<\/p>\n\n\n\n<p class=\"wp-block-paragraph\">Perqu\u00e8 aix\u00f2 \u00e9s el que m\u00e9s ens agrada de treballar a mida: no haver d\u2019adaptar la casa al moble, sin\u00f3 poder <strong>adaptar el moble a la casa i a les persones que hi viuen<\/strong>.<\/p>\n\n\n\n<p class=\"wp-block-paragraph\"><strong>Mobiliari pensat per ajudar-te a guanyar espai, ordre i calma a casa.<\/strong><\/p>\n\n\n<div class=\"wp-block-image\">\n<figure class=\"aligncenter size-full is-resized\"><img loading=\"lazy\" decoding=\"async\" width=\"1920\" height=\"1285\" src=\"https:\/\/ainavalles.com\/wp-content\/uploads\/2026\/08\/TOTES.jpg\" alt=\"\" class=\"wp-image-5953\" style=\"width:572px;height:auto\" srcset=\"https:\/\/ainavalles.com\/wp-content\/uploads\/2026\/08\/TOTES.jpg 1920w, https:\/\/ainavalles.com\/wp-content\/uploads\/2026\/08\/TOTES-768x514.jpg 768w, https:\/\/ainavalles.com\/wp-content\/uploads\/2026\/08\/TOTES-1536x1028.jpg 1536w\" sizes=\"(max-width: 1920px) 100vw, 1920px\" \/><\/figure>\n<\/div>\n\n\n<p class=\"wp-block-paragraph\"><\/p>\n","protected":false},"excerpt":{"rendered":"<p>A Aina Vall\u00e9s, cada projecte passa per moltes converses, decisions i detalls abans de convertir-se en una cuina, un armari o qualsevol altre moble a mida. Des del nostre estudi de S\u00f3ller, treballam cada projecte de manera propera i personal, des de les primeres idees fins a la fabricaci\u00f3 i instal\u00b7laci\u00f3. I darrere tot aquest [&hellip;]<\/p>\n","protected":false},"author":2,"featured_media":5953,"comment_status":"closed","ping_status":"closed","sticky":false,"template":"","format":"standard","meta":{"_acf_changed":false,"footnotes":""},"categories":[17],"tags":[],"class_list":["post-5940","post","type-post","status-publish","format-standard","has-post-thumbnail","hentry","category-sin-categorizar-2"],"acf":[],"yoast_head":"<!-- This site is optimized with the Yoast SEO plugin v26.8 - https:\/\/yoast.com\/product\/yoast-seo-wordpress\/ -->\n<title>Coneix l\u2019equip d\u2019Aina Vall\u00e9s: les persones darrere cada projecte - Aina Vall\u00e8s<\/title>\n<meta name=\"robots\" content=\"index, follow, max-snippet:-1, max-image-preview:large, max-video-preview:-1\" \/>\n<link rel=\"canonical\" href=\"https:\/\/ainavalles.com\/ca\/coneix-lequip-daina-valles-les-persones-darrere-cada-projecte\/\" \/>\n<meta property=\"og:locale\" content=\"ca_ES\" \/>\n<meta property=\"og:type\" content=\"article\" \/>\n<meta property=\"og:title\" content=\"Coneix l\u2019equip d\u2019Aina Vall\u00e9s: les persones darrere cada projecte - Aina Vall\u00e8s\" \/>\n<meta property=\"og:description\" content=\"A Aina Vall\u00e9s, cada projecte passa per moltes converses, decisions i detalls abans de convertir-se en una cuina, un armari o qualsevol altre moble a mida. Des del nostre estudi de S\u00f3ller, treballam cada projecte de manera propera i personal, des de les primeres idees fins a la fabricaci\u00f3 i instal\u00b7laci\u00f3. I darrere tot aquest [&hellip;]\" \/>\n<meta property=\"og:url\" content=\"https:\/\/ainavalles.com\/ca\/coneix-lequip-daina-valles-les-persones-darrere-cada-projecte\/\" \/>\n<meta property=\"og:site_name\" content=\"Aina Vall\u00e8s\" \/>\n<meta property=\"article:publisher\" content=\"https:\/\/www.facebook.com\/people\/Aina-Valls\/100090582199736\/\" \/>\n<meta property=\"article:published_time\" content=\"2026-08-26T11:25:24+00:00\" \/>\n<meta property=\"article:modified_time\" content=\"2026-08-26T11:25:27+00:00\" \/>\n<meta property=\"og:image\" content=\"https:\/\/ainavalles.com\/wp-content\/uploads\/2026\/08\/TOTES.jpg\" \/>\n\t<meta property=\"og:image:width\" content=\"1920\" \/>\n\t<meta property=\"og:image:height\" content=\"1285\" \/>\n\t<meta property=\"og:image:type\" content=\"image\/jpeg\" \/>\n<meta name=\"author\" content=\"Aina Vall\u00e9s\" \/>\n<meta name=\"twitter:card\" content=\"summary_large_image\" \/>\n<meta name=\"twitter:label1\" content=\"Escrit per\" \/>\n\t<meta name=\"twitter:data1\" content=\"Aina Vall\u00e9s\" \/>\n\t<meta name=\"twitter:label2\" content=\"Temps estimat de lectura\" \/>\n\t<meta name=\"twitter:data2\" content=\"4 minuts\" \/>\n<script type=\"application\/ld+json\" class=\"yoast-schema-graph\">{\"@context\":\"https:\/\/schema.org\",\"@graph\":[{\"@type\":\"Article\",\"@id\":\"https:\/\/ainavalles.com\/ca\/coneix-lequip-daina-valles-les-persones-darrere-cada-projecte\/#article\",\"isPartOf\":{\"@id\":\"https:\/\/ainavalles.com\/ca\/coneix-lequip-daina-valles-les-persones-darrere-cada-projecte\/\"},\"author\":{\"name\":\"Aina Vall\u00e9s\",\"@id\":\"https:\/\/ainavalles.com\/#\/schema\/person\/66806b4f2c1fbd143b75d1a0b0cfee0b\"},\"headline\":\"Coneix l\u2019equip d\u2019Aina Vall\u00e9s: les persones darrere cada projecte\",\"datePublished\":\"2026-08-26T11:25:24+00:00\",\"dateModified\":\"2026-08-26T11:25:27+00:00\",\"mainEntityOfPage\":{\"@id\":\"https:\/\/ainavalles.com\/ca\/coneix-lequip-daina-valles-les-persones-darrere-cada-projecte\/\"},\"wordCount\":504,\"publisher\":{\"@id\":\"https:\/\/ainavalles.com\/#organization\"},\"image\":{\"@id\":\"https:\/\/ainavalles.com\/ca\/coneix-lequip-daina-valles-les-persones-darrere-cada-projecte\/#primaryimage\"},\"thumbnailUrl\":\"https:\/\/ainavalles.com\/wp-content\/uploads\/2026\/08\/TOTES.jpg\",\"articleSection\":[\"Sin categorizar\"],\"inLanguage\":\"ca\"},{\"@type\":\"WebPage\",\"@id\":\"https:\/\/ainavalles.com\/ca\/coneix-lequip-daina-valles-les-persones-darrere-cada-projecte\/\",\"url\":\"https:\/\/ainavalles.com\/ca\/coneix-lequip-daina-valles-les-persones-darrere-cada-projecte\/\",\"name\":\"Coneix l\u2019equip d\u2019Aina Vall\u00e9s: les persones darrere cada projecte - Aina Vall\u00e8s\",\"isPartOf\":{\"@id\":\"https:\/\/ainavalles.com\/#website\"},\"primaryImageOfPage\":{\"@id\":\"https:\/\/ainavalles.com\/ca\/coneix-lequip-daina-valles-les-persones-darrere-cada-projecte\/#primaryimage\"},\"image\":{\"@id\":\"https:\/\/ainavalles.com\/ca\/coneix-lequip-daina-valles-les-persones-darrere-cada-projecte\/#primaryimage\"},\"thumbnailUrl\":\"https:\/\/ainavalles.com\/wp-content\/uploads\/2026\/08\/TOTES.jpg\",\"datePublished\":\"2026-08-26T11:25:24+00:00\",\"dateModified\":\"2026-08-26T11:25:27+00:00\",\"breadcrumb\":{\"@id\":\"https:\/\/ainavalles.com\/ca\/coneix-lequip-daina-valles-les-persones-darrere-cada-projecte\/#breadcrumb\"},\"inLanguage\":\"ca\",\"potentialAction\":[{\"@type\":\"ReadAction\",\"target\":[\"https:\/\/ainavalles.com\/ca\/coneix-lequip-daina-valles-les-persones-darrere-cada-projecte\/\"]}]},{\"@type\":\"ImageObject\",\"inLanguage\":\"ca\",\"@id\":\"https:\/\/ainavalles.com\/ca\/coneix-lequip-daina-valles-les-persones-darrere-cada-projecte\/#primaryimage\",\"url\":\"https:\/\/ainavalles.com\/wp-content\/uploads\/2026\/08\/TOTES.jpg\",\"contentUrl\":\"https:\/\/ainavalles.com\/wp-content\/uploads\/2026\/08\/TOTES.jpg\",\"width\":1920,\"height\":1285},{\"@type\":\"BreadcrumbList\",\"@id\":\"https:\/\/ainavalles.com\/ca\/coneix-lequip-daina-valles-les-persones-darrere-cada-projecte\/#breadcrumb\",\"itemListElement\":[{\"@type\":\"ListItem\",\"position\":1,\"name\":\"Portada\",\"item\":\"https:\/\/ainavalles.com\/\"},{\"@type\":\"ListItem\",\"position\":2,\"name\":\"Coneix l\u2019equip d\u2019Aina Vall\u00e9s: les persones darrere cada projecte\"}]},{\"@type\":\"WebSite\",\"@id\":\"https:\/\/ainavalles.com\/#website\",\"url\":\"https:\/\/ainavalles.com\/\",\"name\":\"Aina Vall\u00e8s\",\"description\":\"Interiorismo en Mallorca\",\"publisher\":{\"@id\":\"https:\/\/ainavalles.com\/#organization\"},\"potentialAction\":[{\"@type\":\"SearchAction\",\"target\":{\"@type\":\"EntryPoint\",\"urlTemplate\":\"https:\/\/ainavalles.com\/?s={search_term_string}\"},\"query-input\":{\"@type\":\"PropertyValueSpecification\",\"valueRequired\":true,\"valueName\":\"search_term_string\"}}],\"inLanguage\":\"ca\"},{\"@type\":\"Organization\",\"@id\":\"https:\/\/ainavalles.com\/#organization\",\"name\":\"Aina Vall\u00e8s\",\"url\":\"https:\/\/ainavalles.com\/\",\"logo\":{\"@type\":\"ImageObject\",\"inLanguage\":\"ca\",\"@id\":\"https:\/\/ainavalles.com\/#\/schema\/logo\/image\/\",\"url\":\"https:\/\/ainavalles.com\/wp-content\/uploads\/2023\/09\/logo.svg\",\"contentUrl\":\"https:\/\/ainavalles.com\/wp-content\/uploads\/2023\/09\/logo.svg\",\"width\":300,\"height\":244,\"caption\":\"Aina Vall\u00e8s\"},\"image\":{\"@id\":\"https:\/\/ainavalles.com\/#\/schema\/logo\/image\/\"},\"sameAs\":[\"https:\/\/www.facebook.com\/people\/Aina-Valls\/100090582199736\/\",\"https:\/\/www.instagram.com\/aina_valles\/\"]},{\"@type\":\"Person\",\"@id\":\"https:\/\/ainavalles.com\/#\/schema\/person\/66806b4f2c1fbd143b75d1a0b0cfee0b\",\"name\":\"Aina Vall\u00e9s\",\"sameAs\":[\"https:\/\/ainavalles.com\"]}]}<\/script>\n<!-- \/ Yoast SEO plugin. -->","yoast_head_json":{"title":"Coneix l\u2019equip d\u2019Aina Vall\u00e9s: les persones darrere cada projecte - Aina Vall\u00e8s","robots":{"index":"index","follow":"follow","max-snippet":"max-snippet:-1","max-image-preview":"max-image-preview:large","max-video-preview":"max-video-preview:-1"},"canonical":"https:\/\/ainavalles.com\/ca\/coneix-lequip-daina-valles-les-persones-darrere-cada-projecte\/","og_locale":"ca_ES","og_type":"article","og_title":"Coneix l\u2019equip d\u2019Aina Vall\u00e9s: les persones darrere cada projecte - Aina Vall\u00e8s","og_description":"A Aina Vall\u00e9s, cada projecte passa per moltes converses, decisions i detalls abans de convertir-se en una cuina, un armari o qualsevol altre moble a mida. Des del nostre estudi de S\u00f3ller, treballam cada projecte de manera propera i personal, des de les primeres idees fins a la fabricaci\u00f3 i instal\u00b7laci\u00f3. I darrere tot aquest [&hellip;]","og_url":"https:\/\/ainavalles.com\/ca\/coneix-lequip-daina-valles-les-persones-darrere-cada-projecte\/","og_site_name":"Aina Vall\u00e8s","article_publisher":"https:\/\/www.facebook.com\/people\/Aina-Valls\/100090582199736\/","article_published_time":"2026-08-26T11:25:24+00:00","article_modified_time":"2026-08-26T11:25:27+00:00","og_image":[{"width":1920,"height":1285,"url":"https:\/\/ainavalles.com\/wp-content\/uploads\/2026\/08\/TOTES.jpg","type":"image\/jpeg"}],"author":"Aina Vall\u00e9s","twitter_card":"summary_large_image","twitter_misc":{"Escrit per":"Aina Vall\u00e9s","Temps estimat de lectura":"4 minuts"},"schema":{"@context":"https:\/\/schema.org","@graph":[{"@type":"Article","@id":"https:\/\/ainavalles.com\/ca\/coneix-lequip-daina-valles-les-persones-darrere-cada-projecte\/#article","isPartOf":{"@id":"https:\/\/ainavalles.com\/ca\/coneix-lequip-daina-valles-les-persones-darrere-cada-projecte\/"},"author":{"name":"Aina Vall\u00e9s","@id":"https:\/\/ainavalles.com\/#\/schema\/person\/66806b4f2c1fbd143b75d1a0b0cfee0b"},"headline":"Coneix l\u2019equip d\u2019Aina Vall\u00e9s: les persones darrere cada projecte","datePublished":"2026-08-26T11:25:24+00:00","dateModified":"2026-08-26T11:25:27+00:00","mainEntityOfPage":{"@id":"https:\/\/ainavalles.com\/ca\/coneix-lequip-daina-valles-les-persones-darrere-cada-projecte\/"},"wordCount":504,"publisher":{"@id":"https:\/\/ainavalles.com\/#organization"},"image":{"@id":"https:\/\/ainavalles.com\/ca\/coneix-lequip-daina-valles-les-persones-darrere-cada-projecte\/#primaryimage"},"thumbnailUrl":"https:\/\/ainavalles.com\/wp-content\/uploads\/2026\/08\/TOTES.jpg","articleSection":["Sin categorizar"],"inLanguage":"ca"},{"@type":"WebPage","@id":"https:\/\/ainavalles.com\/ca\/coneix-lequip-daina-valles-les-persones-darrere-cada-projecte\/","url":"https:\/\/ainavalles.com\/ca\/coneix-lequip-daina-valles-les-persones-darrere-cada-projecte\/","name":"Coneix l\u2019equip d\u2019Aina Vall\u00e9s: les persones darrere cada projecte - Aina Vall\u00e8s","isPartOf":{"@id":"https:\/\/ainavalles.com\/#website"},"primaryImageOfPage":{"@id":"https:\/\/ainavalles.com\/ca\/coneix-lequip-daina-valles-les-persones-darrere-cada-projecte\/#primaryimage"},"image":{"@id":"https:\/\/ainavalles.com\/ca\/coneix-lequip-daina-valles-les-persones-darrere-cada-projecte\/#primaryimage"},"thumbnailUrl":"https:\/\/ainavalles.com\/wp-content\/uploads\/2026\/08\/TOTES.jpg","datePublished":"2026-08-26T11:25:24+00:00","dateModified":"2026-08-26T11:25:27+00:00","breadcrumb":{"@id":"https:\/\/ainavalles.com\/ca\/coneix-lequip-daina-valles-les-persones-darrere-cada-projecte\/#breadcrumb"},"inLanguage":"ca","potentialAction":[{"@type":"ReadAction","target":["https:\/\/ainavalles.com\/ca\/coneix-lequip-daina-valles-les-persones-darrere-cada-projecte\/"]}]},{"@type":"ImageObject","inLanguage":"ca","@id":"https:\/\/ainavalles.com\/ca\/coneix-lequip-daina-valles-les-persones-darrere-cada-projecte\/#primaryimage","url":"https:\/\/ainavalles.com\/wp-content\/uploads\/2026\/08\/TOTES.jpg","contentUrl":"https:\/\/ainavalles.com\/wp-content\/uploads\/2026\/08\/TOTES.jpg","width":1920,"height":1285},{"@type":"BreadcrumbList","@id":"https:\/\/ainavalles.com\/ca\/coneix-lequip-daina-valles-les-persones-darrere-cada-projecte\/#breadcrumb","itemListElement":[{"@type":"ListItem","position":1,"name":"Portada","item":"https:\/\/ainavalles.com\/"},{"@type":"ListItem","position":2,"name":"Coneix l\u2019equip d\u2019Aina Vall\u00e9s: les persones darrere cada projecte"}]},{"@type":"WebSite","@id":"https:\/\/ainavalles.com\/#website","url":"https:\/\/ainavalles.com\/","name":"Aina Vall\u00e8s","description":"Interiorismo en Mallorca","publisher":{"@id":"https:\/\/ainavalles.com\/#organization"},"potentialAction":[{"@type":"SearchAction","target":{"@type":"EntryPoint","urlTemplate":"https:\/\/ainavalles.com\/?s={search_term_string}"},"query-input":{"@type":"PropertyValueSpecification","valueRequired":true,"valueName":"search_term_string"}}],"inLanguage":"ca"},{"@type":"Organization","@id":"https:\/\/ainavalles.com\/#organization","name":"Aina Vall\u00e8s","url":"https:\/\/ainavalles.com\/","logo":{"@type":"ImageObject","inLanguage":"ca","@id":"https:\/\/ainavalles.com\/#\/schema\/logo\/image\/","url":"https:\/\/ainavalles.com\/wp-content\/uploads\/2023\/09\/logo.svg","contentUrl":"https:\/\/ainavalles.com\/wp-content\/uploads\/2023\/09\/logo.svg","width":300,"height":244,"caption":"Aina Vall\u00e8s"},"image":{"@id":"https:\/\/ainavalles.com\/#\/schema\/logo\/image\/"},"sameAs":["https:\/\/www.facebook.com\/people\/Aina-Valls\/100090582199736\/","https:\/\/www.instagram.com\/aina_valles\/"]},{"@type":"Person","@id":"https:\/\/ainavalles.com\/#\/schema\/person\/66806b4f2c1fbd143b75d1a0b0cfee0b","name":"Aina Vall\u00e9s","sameAs":["https:\/\/ainavalles.com"]}]}},"_links":{"self":[{"href":"https:\/\/ainavalles.com\/ca\/wp-json\/wp\/v2\/posts\/5940","targetHints":{"allow":["GET"]}}],"collection":[{"href":"https:\/\/ainavalles.com\/ca\/wp-json\/wp\/v2\/posts"}],"about":[{"href":"https:\/\/ainavalles.com\/ca\/wp-json\/wp\/v2\/types\/post"}],"author":[{"embeddable":true,"href":"https:\/\/ainavalles.com\/ca\/wp-json\/wp\/v2\/users\/2"}],"replies":[{"embeddable":true,"href":"https:\/\/ainavalles.com\/ca\/wp-json\/wp\/v2\/comments?post=5940"}],"version-history":[{"count":1,"href":"https:\/\/ainavalles.com\/ca\/wp-json\/wp\/v2\/posts\/5940\/revisions"}],"predecessor-version":[{"id":5957,"href":"https:\/\/ainavalles.com\/ca\/wp-json\/wp\/v2\/posts\/5940\/revisions\/5957"}],"wp:featuredmedia":[{"embeddable":true,"href":"https:\/\/ainavalles.com\/ca\/wp-json\/wp\/v2\/media\/5953"}],"wp:attachment":[{"href":"https:\/\/ainavalles.com\/ca\/wp-json\/wp\/v2\/media?parent=5940"}],"wp:term":[{"taxonomy":"category","embeddable":true,"href":"https:\/\/ainavalles.com\/ca\/wp-json\/wp\/v2\/categories?post=5940"},{"taxonomy":"post_tag","embeddable":true,"href":"https:\/\/ainavalles.com\/ca\/wp-json\/wp\/v2\/tags?post=5940"}],"curies":[{"name":"wp","href":"https:\/\/api.w.org\/{rel}","templated":true}]}}