{"id":3345,"date":"2025-03-20T10:35:50","date_gmt":"2025-03-20T08:35:50","guid":{"rendered":"https:\/\/ainavalles.com\/aina-valles-interiorismo-en-la-revista-sueca-on-livetpa-mallorca\/"},"modified":"2025-06-16T09:36:32","modified_gmt":"2025-06-16T07:36:32","slug":"aina-valles-interiorismo-en-la-revista-sueca-on-livetpa-mallorca","status":"publish","type":"post","link":"https:\/\/ainavalles.com\/de\/aina-valles-interiorismo-en-la-revista-sueca-on-livetpa-mallorca\/","title":{"rendered":"Aina Vall\u00e9s Interiorismo in der schwedischen Zeitschrift On Livetp\u00e5 Mallorca"},"content":{"rendered":"\n<p>Es ist uns eine gro\u00dfe Ehre, mit euch allen zu teilen, dass <strong>Aina Vall\u00e9s Interiorismo<\/strong> in der schwedischen Zeitschrift <em>On Livetp\u00e5 Mallorca<\/em> vorgestellt wurde \u2013 einer Publikation, die sich an die schwedische Gemeinschaft richtet, die auf unserer geliebten Insel lebt.<\/p>\n\n\n\n<p>Diese Anerkennung unterstreicht unser Engagement und unsere Hingabe f\u00fcr das Design und die Herstellung ma\u00dfgefertigter M\u00f6bel auf Mallorca, in S\u00f3ller und im Tramuntana-Gebirge.<\/p>\n\n\n\n<hr class=\"wp-block-separator has-alpha-channel-opacity\"\/>\n\n\n\n<p><strong>\u00dcber <em>On Livetp\u00e5 Mallorca<\/em><\/strong><\/p>\n\n\n\n<p><em>On Livetp\u00e5 Mallorca<\/em> ist eine Zeitschrift, die das Leben auf Mallorca aus der Perspektive der schwedischen Gemeinschaft feiert. Auf ihren Seiten bietet sie Inhalte rund um Lifestyle, Kultur, lokale Empfehlungen und Portr\u00e4ts herausragender Fachleute der Insel.<\/p>\n\n\n\n<p>Ein Teil dieser Ausgabe zu sein, ist ein Privileg, das uns mit Stolz erf\u00fcllt.<\/p>\n\n\n<div class=\"wp-block-image\">\n<figure class=\"aligncenter size-full is-resized\"><img decoding=\"async\" src=\"https:\/\/ainavalles.com\/wp-content\/uploads\/2025\/03\/ft.4.jpg\" alt=\"\" class=\"wp-image-2837\" style=\"width:385px;height:auto\"\/><\/figure>\n<\/div>\n\n\n<hr class=\"wp-block-separator has-alpha-channel-opacity\"\/>\n\n\n\n<p><strong>Unser Engagement f\u00fcr die internationale Gemeinschaft<\/strong><\/p>\n\n\n\n<p>Bei <strong>Aina Vall\u00e9s Interiorismo<\/strong> setzen wir uns daf\u00fcr ein, Designl\u00f6sungen zu schaffen, die die Essenz und den Lebensstil unserer Kundinnen und Kunden widerspiegeln \u2013 ganz unabh\u00e4ngig von ihrer Herkunft.<\/p>\n\n\n\n<p>Die Zusammenarbeit mit der schwedischen Gemeinschaft auf Mallorca hat es uns erm\u00f6glicht, unsere Perspektive zu erweitern und uns an unterschiedliche Sensibilit\u00e4ten und Vorlieben anzupassen.<\/p>\n\n\n\n<hr class=\"wp-block-separator has-alpha-channel-opacity\"\/>\n\n\n\n<p><strong>Design und Funktionalit\u00e4t: unsere Philosophie<\/strong><\/p>\n\n\n\n<p>Jedes Projekt, das wir realisieren, basiert auf einer Kombination aus \u00c4sthetik und Funktionalit\u00e4t. Von modernen K\u00fcchen bis hin zu ma\u00dfgeschneiderten Kleiderschr\u00e4nken \u2013 unser Ziel ist es, jeden Raum nicht nur optisch ansprechend, sondern auch praktisch und auf die individuellen Bed\u00fcrfnisse der Menschen zugeschnitten zu gestalten, die darin leben.<\/p>\n\n\n<div class=\"wp-block-image\">\n<figure class=\"aligncenter size-full is-resized\"><img fetchpriority=\"high\" decoding=\"async\" width=\"1007\" height=\"1337\" src=\"https:\/\/ainavalles.com\/wp-content\/uploads\/2025\/03\/ft.1.jpg\" alt=\"\" class=\"wp-image-2840\" style=\"width:477px;height:auto\" srcset=\"https:\/\/ainavalles.com\/wp-content\/uploads\/2025\/03\/ft.1.jpg 1007w, https:\/\/ainavalles.com\/wp-content\/uploads\/2025\/03\/ft.1-768x1020.jpg 768w\" sizes=\"(max-width: 1007px) 100vw, 1007px\" \/><\/figure>\n<\/div>\n\n\n<hr class=\"wp-block-separator has-alpha-channel-opacity\"\/>\n\n\n\n<p><strong>Danke, dass ihr Teil unserer Geschichte seid!<\/strong><\/p>\n\n\n\n<p>Wir m\u00f6chten uns bei all unseren Kundinnen und Kunden, Partnern und Freund*innen bedanken \u2013 f\u00fcr ihr Vertrauen und daf\u00fcr, dass wir Teil ihrer Wohnr\u00e4ume sein d\u00fcrfen. Diese Anerkennung in <em>On Livetp\u00e5 Mallorca<\/em> ist ein Spiegel unserer Leidenschaft und des Engagements, das wir in jedes einzelne Projekt stecken.<\/p>\n\n\n<div class=\"wp-block-image\">\n<figure class=\"aligncenter size-full is-resized\"><img decoding=\"async\" width=\"993\" height=\"667\" src=\"https:\/\/ainavalles.com\/wp-content\/uploads\/2025\/03\/ft.2.jpg\" alt=\"\" class=\"wp-image-2843\" style=\"width:479px;height:auto\" srcset=\"https:\/\/ainavalles.com\/wp-content\/uploads\/2025\/03\/ft.2.jpg 993w, https:\/\/ainavalles.com\/wp-content\/uploads\/2025\/03\/ft.2-768x516.jpg 768w\" sizes=\"(max-width: 993px) 100vw, 993px\" \/><\/figure>\n<\/div>\n\n\n<hr class=\"wp-block-separator has-alpha-channel-opacity\"\/>\n\n\n\n<p><strong>Wenn du mehr \u00fcber unsere Arbeit erfahren m\u00f6chtest oder dar\u00fcber nachdenkst, dein Zuhause zu renovieren, laden wir dich herzlich ein, unsere Website zu besuchen \u2013 und zu entdecken, wie wir dir helfen k\u00f6nnen, <strong>einzigartige und individuelle R\u00e4ume<\/strong> zu gestalten.<\/strong><\/p>\n\n\n\n<hr class=\"wp-block-separator has-alpha-channel-opacity\"\/>\n\n\n\n<p><em><strong>Hinweis:<\/strong> Den vollst\u00e4ndigen Artikel, der in <em>On Livetp\u00e5 Mallorca<\/em> ver\u00f6ffentlicht wurde, findest du \u00fcber den Instagram-Account der Zeitschrift \u2013 <em><strong>hier entlang<\/strong><\/em>.<\/em><\/p>\n\n\n\n<p><\/p>\n","protected":false},"excerpt":{"rendered":"<p>Es ist uns eine gro\u00dfe Ehre, mit euch allen zu teilen, dass Aina Vall\u00e9s Interiorismo in der schwedischen Zeitschrift On Livetp\u00e5 Mallorca vorgestellt wurde \u2013 einer Publikation, die sich an die schwedische Gemeinschaft richtet, die auf unserer geliebten Insel lebt. Diese Anerkennung unterstreicht unser Engagement und unsere Hingabe f\u00fcr das Design und die Herstellung ma\u00dfgefertigter [&hellip;]<\/p>\n","protected":false},"author":2,"featured_media":3346,"comment_status":"closed","ping_status":"closed","sticky":false,"template":"","format":"standard","meta":{"_acf_changed":false,"footnotes":""},"categories":[25],"tags":[],"class_list":["post-3345","post","type-post","status-publish","format-standard","has-post-thumbnail","hentry","category-sin-categorizar-3"],"acf":[],"yoast_head":"<!-- This site is optimized with the Yoast SEO plugin v26.8 - https:\/\/yoast.com\/product\/yoast-seo-wordpress\/ -->\n<title>Aina Vall\u00e9s Interiorismo in der schwedischen Zeitschrift On Livetp\u00e5 Mallorca - Aina Vall\u00e8s<\/title>\n<meta name=\"robots\" content=\"index, follow, max-snippet:-1, max-image-preview:large, max-video-preview:-1\" \/>\n<link rel=\"canonical\" href=\"https:\/\/ainavalles.com\/de\/aina-valles-interiorismo-en-la-revista-sueca-on-livetpa-mallorca\/\" \/>\n<meta property=\"og:locale\" content=\"de_DE\" \/>\n<meta property=\"og:type\" content=\"article\" \/>\n<meta property=\"og:title\" content=\"Aina Vall\u00e9s Interiorismo in der schwedischen Zeitschrift On Livetp\u00e5 Mallorca - Aina Vall\u00e8s\" \/>\n<meta property=\"og:description\" content=\"Es ist uns eine gro\u00dfe Ehre, mit euch allen zu teilen, dass Aina Vall\u00e9s Interiorismo in der schwedischen Zeitschrift On Livetp\u00e5 Mallorca vorgestellt wurde \u2013 einer Publikation, die sich an die schwedische Gemeinschaft richtet, die auf unserer geliebten Insel lebt. Diese Anerkennung unterstreicht unser Engagement und unsere Hingabe f\u00fcr das Design und die Herstellung ma\u00dfgefertigter [&hellip;]\" \/>\n<meta property=\"og:url\" content=\"https:\/\/ainavalles.com\/de\/aina-valles-interiorismo-en-la-revista-sueca-on-livetpa-mallorca\/\" \/>\n<meta property=\"og:site_name\" content=\"Aina Vall\u00e8s\" \/>\n<meta property=\"article:publisher\" content=\"https:\/\/www.facebook.com\/people\/Aina-Valls\/100090582199736\/\" \/>\n<meta property=\"article:published_time\" content=\"2025-03-20T08:35:50+00:00\" \/>\n<meta property=\"article:modified_time\" content=\"2025-06-16T07:36:32+00:00\" \/>\n<meta property=\"og:image\" content=\"https:\/\/ainavalles.com\/wp-content\/uploads\/2025\/03\/ft.4-e1742461844457.jpg\" \/>\n\t<meta property=\"og:image:width\" content=\"545\" \/>\n\t<meta property=\"og:image:height\" content=\"708\" \/>\n\t<meta property=\"og:image:type\" content=\"image\/jpeg\" \/>\n<meta name=\"author\" content=\"Aina Vall\u00e9s\" \/>\n<meta name=\"twitter:card\" content=\"summary_large_image\" \/>\n<meta name=\"twitter:label1\" content=\"Verfasst von\" \/>\n\t<meta name=\"twitter:data1\" content=\"Aina Vall\u00e9s\" \/>\n\t<meta name=\"twitter:label2\" content=\"Gesch\u00e4tzte Lesezeit\" \/>\n\t<meta name=\"twitter:data2\" content=\"3\u00a0Minuten\" \/>\n<script type=\"application\/ld+json\" class=\"yoast-schema-graph\">{\"@context\":\"https:\/\/schema.org\",\"@graph\":[{\"@type\":\"Article\",\"@id\":\"https:\/\/ainavalles.com\/de\/aina-valles-interiorismo-en-la-revista-sueca-on-livetpa-mallorca\/#article\",\"isPartOf\":{\"@id\":\"https:\/\/ainavalles.com\/de\/aina-valles-interiorismo-en-la-revista-sueca-on-livetpa-mallorca\/\"},\"author\":{\"name\":\"Aina Vall\u00e9s\",\"@id\":\"https:\/\/ainavalles.com\/#\/schema\/person\/66806b4f2c1fbd143b75d1a0b0cfee0b\"},\"headline\":\"Aina Vall\u00e9s Interiorismo in der schwedischen Zeitschrift On Livetp\u00e5 Mallorca\",\"datePublished\":\"2025-03-20T08:35:50+00:00\",\"dateModified\":\"2025-06-16T07:36:32+00:00\",\"mainEntityOfPage\":{\"@id\":\"https:\/\/ainavalles.com\/de\/aina-valles-interiorismo-en-la-revista-sueca-on-livetpa-mallorca\/\"},\"wordCount\":381,\"publisher\":{\"@id\":\"https:\/\/ainavalles.com\/#organization\"},\"image\":{\"@id\":\"https:\/\/ainavalles.com\/de\/aina-valles-interiorismo-en-la-revista-sueca-on-livetpa-mallorca\/#primaryimage\"},\"thumbnailUrl\":\"https:\/\/ainavalles.com\/wp-content\/uploads\/2025\/03\/ft.4-e1742461844457.jpg\",\"articleSection\":[\"Sin categorizar\"],\"inLanguage\":\"de\"},{\"@type\":\"WebPage\",\"@id\":\"https:\/\/ainavalles.com\/de\/aina-valles-interiorismo-en-la-revista-sueca-on-livetpa-mallorca\/\",\"url\":\"https:\/\/ainavalles.com\/de\/aina-valles-interiorismo-en-la-revista-sueca-on-livetpa-mallorca\/\",\"name\":\"Aina Vall\u00e9s Interiorismo in der schwedischen Zeitschrift On Livetp\u00e5 Mallorca - Aina Vall\u00e8s\",\"isPartOf\":{\"@id\":\"https:\/\/ainavalles.com\/#website\"},\"primaryImageOfPage\":{\"@id\":\"https:\/\/ainavalles.com\/de\/aina-valles-interiorismo-en-la-revista-sueca-on-livetpa-mallorca\/#primaryimage\"},\"image\":{\"@id\":\"https:\/\/ainavalles.com\/de\/aina-valles-interiorismo-en-la-revista-sueca-on-livetpa-mallorca\/#primaryimage\"},\"thumbnailUrl\":\"https:\/\/ainavalles.com\/wp-content\/uploads\/2025\/03\/ft.4-e1742461844457.jpg\",\"datePublished\":\"2025-03-20T08:35:50+00:00\",\"dateModified\":\"2025-06-16T07:36:32+00:00\",\"breadcrumb\":{\"@id\":\"https:\/\/ainavalles.com\/de\/aina-valles-interiorismo-en-la-revista-sueca-on-livetpa-mallorca\/#breadcrumb\"},\"inLanguage\":\"de\",\"potentialAction\":[{\"@type\":\"ReadAction\",\"target\":[\"https:\/\/ainavalles.com\/de\/aina-valles-interiorismo-en-la-revista-sueca-on-livetpa-mallorca\/\"]}]},{\"@type\":\"ImageObject\",\"inLanguage\":\"de\",\"@id\":\"https:\/\/ainavalles.com\/de\/aina-valles-interiorismo-en-la-revista-sueca-on-livetpa-mallorca\/#primaryimage\",\"url\":\"https:\/\/ainavalles.com\/wp-content\/uploads\/2025\/03\/ft.4-e1742461844457.jpg\",\"contentUrl\":\"https:\/\/ainavalles.com\/wp-content\/uploads\/2025\/03\/ft.4-e1742461844457.jpg\",\"width\":545,\"height\":708},{\"@type\":\"BreadcrumbList\",\"@id\":\"https:\/\/ainavalles.com\/de\/aina-valles-interiorismo-en-la-revista-sueca-on-livetpa-mallorca\/#breadcrumb\",\"itemListElement\":[{\"@type\":\"ListItem\",\"position\":1,\"name\":\"Portada\",\"item\":\"https:\/\/ainavalles.com\/de\/\"},{\"@type\":\"ListItem\",\"position\":2,\"name\":\"Aina Vall\u00e9s Interiorismo in der schwedischen Zeitschrift On Livetp\u00e5 Mallorca\"}]},{\"@type\":\"WebSite\",\"@id\":\"https:\/\/ainavalles.com\/#website\",\"url\":\"https:\/\/ainavalles.com\/\",\"name\":\"Aina Vall\u00e8s\",\"description\":\"Interiorismo en Mallorca\",\"publisher\":{\"@id\":\"https:\/\/ainavalles.com\/#organization\"},\"potentialAction\":[{\"@type\":\"SearchAction\",\"target\":{\"@type\":\"EntryPoint\",\"urlTemplate\":\"https:\/\/ainavalles.com\/?s={search_term_string}\"},\"query-input\":{\"@type\":\"PropertyValueSpecification\",\"valueRequired\":true,\"valueName\":\"search_term_string\"}}],\"inLanguage\":\"de\"},{\"@type\":\"Organization\",\"@id\":\"https:\/\/ainavalles.com\/#organization\",\"name\":\"Aina Vall\u00e8s\",\"url\":\"https:\/\/ainavalles.com\/\",\"logo\":{\"@type\":\"ImageObject\",\"inLanguage\":\"de\",\"@id\":\"https:\/\/ainavalles.com\/#\/schema\/logo\/image\/\",\"url\":\"https:\/\/ainavalles.com\/wp-content\/uploads\/2023\/09\/logo.svg\",\"contentUrl\":\"https:\/\/ainavalles.com\/wp-content\/uploads\/2023\/09\/logo.svg\",\"width\":300,\"height\":244,\"caption\":\"Aina Vall\u00e8s\"},\"image\":{\"@id\":\"https:\/\/ainavalles.com\/#\/schema\/logo\/image\/\"},\"sameAs\":[\"https:\/\/www.facebook.com\/people\/Aina-Valls\/100090582199736\/\",\"https:\/\/www.instagram.com\/aina_valles\/\"]},{\"@type\":\"Person\",\"@id\":\"https:\/\/ainavalles.com\/#\/schema\/person\/66806b4f2c1fbd143b75d1a0b0cfee0b\",\"name\":\"Aina Vall\u00e9s\",\"sameAs\":[\"https:\/\/ainavalles.com\"]}]}<\/script>\n<!-- \/ Yoast SEO plugin. -->","yoast_head_json":{"title":"Aina Vall\u00e9s Interiorismo in der schwedischen Zeitschrift On Livetp\u00e5 Mallorca - Aina Vall\u00e8s","robots":{"index":"index","follow":"follow","max-snippet":"max-snippet:-1","max-image-preview":"max-image-preview:large","max-video-preview":"max-video-preview:-1"},"canonical":"https:\/\/ainavalles.com\/de\/aina-valles-interiorismo-en-la-revista-sueca-on-livetpa-mallorca\/","og_locale":"de_DE","og_type":"article","og_title":"Aina Vall\u00e9s Interiorismo in der schwedischen Zeitschrift On Livetp\u00e5 Mallorca - Aina Vall\u00e8s","og_description":"Es ist uns eine gro\u00dfe Ehre, mit euch allen zu teilen, dass Aina Vall\u00e9s Interiorismo in der schwedischen Zeitschrift On Livetp\u00e5 Mallorca vorgestellt wurde \u2013 einer Publikation, die sich an die schwedische Gemeinschaft richtet, die auf unserer geliebten Insel lebt. Diese Anerkennung unterstreicht unser Engagement und unsere Hingabe f\u00fcr das Design und die Herstellung ma\u00dfgefertigter [&hellip;]","og_url":"https:\/\/ainavalles.com\/de\/aina-valles-interiorismo-en-la-revista-sueca-on-livetpa-mallorca\/","og_site_name":"Aina Vall\u00e8s","article_publisher":"https:\/\/www.facebook.com\/people\/Aina-Valls\/100090582199736\/","article_published_time":"2025-03-20T08:35:50+00:00","article_modified_time":"2025-06-16T07:36:32+00:00","og_image":[{"width":545,"height":708,"url":"https:\/\/ainavalles.com\/wp-content\/uploads\/2025\/03\/ft.4-e1742461844457.jpg","type":"image\/jpeg"}],"author":"Aina Vall\u00e9s","twitter_card":"summary_large_image","twitter_misc":{"Verfasst von":"Aina Vall\u00e9s","Gesch\u00e4tzte Lesezeit":"3\u00a0Minuten"},"schema":{"@context":"https:\/\/schema.org","@graph":[{"@type":"Article","@id":"https:\/\/ainavalles.com\/de\/aina-valles-interiorismo-en-la-revista-sueca-on-livetpa-mallorca\/#article","isPartOf":{"@id":"https:\/\/ainavalles.com\/de\/aina-valles-interiorismo-en-la-revista-sueca-on-livetpa-mallorca\/"},"author":{"name":"Aina Vall\u00e9s","@id":"https:\/\/ainavalles.com\/#\/schema\/person\/66806b4f2c1fbd143b75d1a0b0cfee0b"},"headline":"Aina Vall\u00e9s Interiorismo in der schwedischen Zeitschrift On Livetp\u00e5 Mallorca","datePublished":"2025-03-20T08:35:50+00:00","dateModified":"2025-06-16T07:36:32+00:00","mainEntityOfPage":{"@id":"https:\/\/ainavalles.com\/de\/aina-valles-interiorismo-en-la-revista-sueca-on-livetpa-mallorca\/"},"wordCount":381,"publisher":{"@id":"https:\/\/ainavalles.com\/#organization"},"image":{"@id":"https:\/\/ainavalles.com\/de\/aina-valles-interiorismo-en-la-revista-sueca-on-livetpa-mallorca\/#primaryimage"},"thumbnailUrl":"https:\/\/ainavalles.com\/wp-content\/uploads\/2025\/03\/ft.4-e1742461844457.jpg","articleSection":["Sin categorizar"],"inLanguage":"de"},{"@type":"WebPage","@id":"https:\/\/ainavalles.com\/de\/aina-valles-interiorismo-en-la-revista-sueca-on-livetpa-mallorca\/","url":"https:\/\/ainavalles.com\/de\/aina-valles-interiorismo-en-la-revista-sueca-on-livetpa-mallorca\/","name":"Aina Vall\u00e9s Interiorismo in der schwedischen Zeitschrift On Livetp\u00e5 Mallorca - Aina Vall\u00e8s","isPartOf":{"@id":"https:\/\/ainavalles.com\/#website"},"primaryImageOfPage":{"@id":"https:\/\/ainavalles.com\/de\/aina-valles-interiorismo-en-la-revista-sueca-on-livetpa-mallorca\/#primaryimage"},"image":{"@id":"https:\/\/ainavalles.com\/de\/aina-valles-interiorismo-en-la-revista-sueca-on-livetpa-mallorca\/#primaryimage"},"thumbnailUrl":"https:\/\/ainavalles.com\/wp-content\/uploads\/2025\/03\/ft.4-e1742461844457.jpg","datePublished":"2025-03-20T08:35:50+00:00","dateModified":"2025-06-16T07:36:32+00:00","breadcrumb":{"@id":"https:\/\/ainavalles.com\/de\/aina-valles-interiorismo-en-la-revista-sueca-on-livetpa-mallorca\/#breadcrumb"},"inLanguage":"de","potentialAction":[{"@type":"ReadAction","target":["https:\/\/ainavalles.com\/de\/aina-valles-interiorismo-en-la-revista-sueca-on-livetpa-mallorca\/"]}]},{"@type":"ImageObject","inLanguage":"de","@id":"https:\/\/ainavalles.com\/de\/aina-valles-interiorismo-en-la-revista-sueca-on-livetpa-mallorca\/#primaryimage","url":"https:\/\/ainavalles.com\/wp-content\/uploads\/2025\/03\/ft.4-e1742461844457.jpg","contentUrl":"https:\/\/ainavalles.com\/wp-content\/uploads\/2025\/03\/ft.4-e1742461844457.jpg","width":545,"height":708},{"@type":"BreadcrumbList","@id":"https:\/\/ainavalles.com\/de\/aina-valles-interiorismo-en-la-revista-sueca-on-livetpa-mallorca\/#breadcrumb","itemListElement":[{"@type":"ListItem","position":1,"name":"Portada","item":"https:\/\/ainavalles.com\/de\/"},{"@type":"ListItem","position":2,"name":"Aina Vall\u00e9s Interiorismo in der schwedischen Zeitschrift On Livetp\u00e5 Mallorca"}]},{"@type":"WebSite","@id":"https:\/\/ainavalles.com\/#website","url":"https:\/\/ainavalles.com\/","name":"Aina Vall\u00e8s","description":"Interiorismo en Mallorca","publisher":{"@id":"https:\/\/ainavalles.com\/#organization"},"potentialAction":[{"@type":"SearchAction","target":{"@type":"EntryPoint","urlTemplate":"https:\/\/ainavalles.com\/?s={search_term_string}"},"query-input":{"@type":"PropertyValueSpecification","valueRequired":true,"valueName":"search_term_string"}}],"inLanguage":"de"},{"@type":"Organization","@id":"https:\/\/ainavalles.com\/#organization","name":"Aina Vall\u00e8s","url":"https:\/\/ainavalles.com\/","logo":{"@type":"ImageObject","inLanguage":"de","@id":"https:\/\/ainavalles.com\/#\/schema\/logo\/image\/","url":"https:\/\/ainavalles.com\/wp-content\/uploads\/2023\/09\/logo.svg","contentUrl":"https:\/\/ainavalles.com\/wp-content\/uploads\/2023\/09\/logo.svg","width":300,"height":244,"caption":"Aina Vall\u00e8s"},"image":{"@id":"https:\/\/ainavalles.com\/#\/schema\/logo\/image\/"},"sameAs":["https:\/\/www.facebook.com\/people\/Aina-Valls\/100090582199736\/","https:\/\/www.instagram.com\/aina_valles\/"]},{"@type":"Person","@id":"https:\/\/ainavalles.com\/#\/schema\/person\/66806b4f2c1fbd143b75d1a0b0cfee0b","name":"Aina Vall\u00e9s","sameAs":["https:\/\/ainavalles.com"]}]}},"_links":{"self":[{"href":"https:\/\/ainavalles.com\/de\/wp-json\/wp\/v2\/posts\/3345","targetHints":{"allow":["GET"]}}],"collection":[{"href":"https:\/\/ainavalles.com\/de\/wp-json\/wp\/v2\/posts"}],"about":[{"href":"https:\/\/ainavalles.com\/de\/wp-json\/wp\/v2\/types\/post"}],"author":[{"embeddable":true,"href":"https:\/\/ainavalles.com\/de\/wp-json\/wp\/v2\/users\/2"}],"replies":[{"embeddable":true,"href":"https:\/\/ainavalles.com\/de\/wp-json\/wp\/v2\/comments?post=3345"}],"version-history":[{"count":1,"href":"https:\/\/ainavalles.com\/de\/wp-json\/wp\/v2\/posts\/3345\/revisions"}],"predecessor-version":[{"id":3515,"href":"https:\/\/ainavalles.com\/de\/wp-json\/wp\/v2\/posts\/3345\/revisions\/3515"}],"wp:featuredmedia":[{"embeddable":true,"href":"https:\/\/ainavalles.com\/de\/wp-json\/wp\/v2\/media\/3346"}],"wp:attachment":[{"href":"https:\/\/ainavalles.com\/de\/wp-json\/wp\/v2\/media?parent=3345"}],"wp:term":[{"taxonomy":"category","embeddable":true,"href":"https:\/\/ainavalles.com\/de\/wp-json\/wp\/v2\/categories?post=3345"},{"taxonomy":"post_tag","embeddable":true,"href":"https:\/\/ainavalles.com\/de\/wp-json\/wp\/v2\/tags?post=3345"}],"curies":[{"name":"wp","href":"https:\/\/api.w.org\/{rel}","templated":true}]}}