{"id":3352,"date":"2025-02-25T11:47:08","date_gmt":"2025-02-25T09:47:08","guid":{"rendered":"https:\/\/ainavalles.com\/desayunadores-en-la-cocina-funcionalidad-orden-y-comodidad\/"},"modified":"2025-06-16T09:58:36","modified_gmt":"2025-06-16T07:58:36","slug":"desayunadores-en-la-cocina-funcionalidad-orden-y-comodidad","status":"publish","type":"post","link":"https:\/\/ainavalles.com\/de\/desayunadores-en-la-cocina-funcionalidad-orden-y-comodidad\/","title":{"rendered":"Fr\u00fchst\u00fcckseinheiten in der K\u00fcche: Funktionalit\u00e4t, Ordnung und Komfort"},"content":{"rendered":"\n<p>Im modernen K\u00fcchendesign ist eine durchdachte Fr\u00fchst\u00fcckseinheit eine zentrale L\u00f6sung, um die Funktionalit\u00e4t des Raumes zu verbessern, Ordnung zu bewahren und den Alltag komfortabler zu gestalten.<\/p>\n\n\n\n<p>Eine Fr\u00fchst\u00fcckseinheit erm\u00f6glicht es, <strong>Kleinger\u00e4te wie Kaffeemaschine, Toaster oder Entsafter griffbereit<\/strong> zu halten \u2013 und sie gleichzeitig bei Nichtgebrauch geschickt zu verstecken, um eine <strong>aufger\u00e4umte und klare Optik<\/strong> zu wahren.<\/p>\n\n\n\n<p>Wenn du deine K\u00fcche auf Mallorca, in S\u00f3ller oder im Tramuntana-Gebirge planst, unterst\u00fctzen wir dich bei <strong>Aina Vall\u00e9s Interiorismo<\/strong> gerne dabei, eine <strong>ma\u00dfgeschneiderte Fr\u00fchst\u00fcckseinheit<\/strong> zu integrieren \u2013 perfekt angepasst an deinen Raum und deine Bed\u00fcrfnisse.<\/p>\n\n\n\n<hr class=\"wp-block-separator has-alpha-channel-opacity\"\/>\n\n\n\n<p><strong><strong>Arten von Fr\u00fchst\u00fcckseinheiten: Finde die passende L\u00f6sung f\u00fcr deine K\u00fcche<\/strong><br><\/strong>Je nach verf\u00fcgbarem Platz und gew\u00fcnschter \u00c4sthetik gibt es verschiedene Arten von Fr\u00fchst\u00fcckseinheiten, die du in deine K\u00fcche integrieren kannst:<\/p>\n\n\n\n<ol class=\"wp-block-list\">\n<li><strong><strong>Offene Fr\u00fchst\u00fcckseinheiten<\/strong><\/strong><\/li>\n<\/ol>\n\n\n\n<p>Diese Fr\u00fchst\u00fcckseinheiten sind sichtbar und in die Arbeitsplatte oder ein offenes K\u00fcchenelement integriert. Sie sind ideal, wenn du Elektroger\u00e4te h\u00e4ufig nutzt und schnellen, praktischen Zugriff m\u00f6chtest.<\/p>\n\n\n\n<p>F\u00fcr mehr Ordnung lassen sie sich gut mit <strong>Holzregalen<\/strong>, <strong>organisierten Schubladen<\/strong> oder sogar einer <strong>St\u00fctzstange<\/strong> kombinieren.<\/p>\n\n\n<div class=\"wp-block-image\">\n<figure class=\"aligncenter size-full is-resized\"><img fetchpriority=\"high\" decoding=\"async\" width=\"1049\" height=\"1400\" src=\"https:\/\/ainavalles.com\/wp-content\/uploads\/2025\/02\/desayunador-abierto.jpg\" alt=\"\" class=\"wp-image-2745\" style=\"width:243px;height:auto\" srcset=\"https:\/\/ainavalles.com\/wp-content\/uploads\/2025\/02\/desayunador-abierto.jpg 1049w, https:\/\/ainavalles.com\/wp-content\/uploads\/2025\/02\/desayunador-abierto-768x1025.jpg 768w, https:\/\/ainavalles.com\/wp-content\/uploads\/2025\/02\/desayunador-abierto-1151x1536.jpg 1151w\" sizes=\"(max-width: 1049px) 100vw, 1049px\" \/><\/figure>\n<\/div>\n\n\n<p>\u2705 <strong>Vorteile:<\/strong> Einfacher Zugriff, offenes Raumgef\u00fchl.<br>\u274c <strong>Nachteile:<\/strong> Weniger optische Verkleidung, erfordert st\u00e4ndige Ordnung.<\/p>\n\n\n\n<p><strong>2. Fr\u00fchst\u00fcckseinheiten mit ausziehbaren T\u00fcren<\/strong><\/p>\n\n\n\n<p>Dieser Typ von Fr\u00fchst\u00fcckseinheit wird hinter <strong>Schiebe- oder Faltt\u00fcren<\/strong> verborgen. So k\u00f6nnen die Ger\u00e4te bei Nichtgebrauch versteckt und bei Bedarf schnell zug\u00e4nglich gemacht werden.<\/p>\n\n\n<div class=\"wp-block-image\">\n<figure class=\"aligncenter size-full is-resized\"><img decoding=\"async\" width=\"1024\" height=\"1024\" src=\"https:\/\/ainavalles.com\/wp-content\/uploads\/2025\/02\/escamoteables.webp\" alt=\"\" class=\"wp-image-2757\" style=\"width:259px;height:auto\" srcset=\"https:\/\/ainavalles.com\/wp-content\/uploads\/2025\/02\/escamoteables.webp 1024w, https:\/\/ainavalles.com\/wp-content\/uploads\/2025\/02\/escamoteables-768x768.webp 768w\" sizes=\"(max-width: 1024px) 100vw, 1024px\" \/><\/figure>\n<\/div>\n\n\n<p>\u2705 <strong>Vorteile:<\/strong> Versteckt Unordnung und bewahrt die \u00c4sthetik der K\u00fcche.<br>\u274c <strong>Nachteile:<\/strong> Ben\u00f6tigt zus\u00e4tzlichen Platz f\u00fcr das T\u00fcrsystem.<\/p>\n\n\n\n<p><strong>3. Fr\u00fchst\u00fccksschr\u00e4nke im Hochschrank<\/strong><\/p>\n\n\n\n<p>Eine ideale L\u00f6sung f\u00fcr K\u00fcchen mit ausreichend <strong>vertikalem Raum<\/strong>. Diese Einheit ist in eine <strong>K\u00fcchens\u00e4ule<\/strong> integriert \u2013 mit Steckdosen, LED-Beleuchtung und Regalb\u00f6den, um jedes Ger\u00e4t \u00fcbersichtlich zu verstauen.<\/p>\n\n\n<div class=\"wp-block-image\">\n<figure class=\"aligncenter size-full is-resized\"><img decoding=\"async\" width=\"275\" height=\"183\" src=\"https:\/\/ainavalles.com\/wp-content\/uploads\/2025\/02\/desayunador-en-columna.jpeg\" alt=\"\" class=\"wp-image-2748\" style=\"width:317px;height:auto\"\/><\/figure>\n<\/div>\n\n\n<p>\u2705 <strong>Vorteile:<\/strong> Nutzt den vertikalen Raum optimal, h\u00e4lt die Arbeitsfl\u00e4che frei.<br>\u274c <strong>Nachteile:<\/strong> Kann mehr Platz im Gesamtdesign beanspruchen.<\/p>\n\n\n\n<p><strong>4. Fr\u00fchst\u00fcckseinheiten mit Rollladen<\/strong><\/p>\n\n\n\n<p>Diese Art von Fr\u00fchst\u00fcckseinheit verf\u00fcgt \u00fcber einen <strong>Rollladen<\/strong>, der sich nach oben und unten bewegen l\u00e4sst und die Elektroger\u00e4te bei Nichtgebrauch verdeckt. Eine praktische und moderne L\u00f6sung \u2013 ideal f\u00fcr K\u00fcchen mit <strong>klaren, minimalistischen Linien<\/strong>.<\/p>\n\n\n<div class=\"wp-block-image\">\n<figure class=\"aligncenter size-full is-resized\"><img loading=\"lazy\" decoding=\"async\" width=\"1024\" height=\"1024\" src=\"https:\/\/ainavalles.com\/wp-content\/uploads\/2025\/02\/perisana-enrrollable-1.webp\" alt=\"\" class=\"wp-image-2754\" style=\"width:248px;height:auto\" srcset=\"https:\/\/ainavalles.com\/wp-content\/uploads\/2025\/02\/perisana-enrrollable-1.webp 1024w, https:\/\/ainavalles.com\/wp-content\/uploads\/2025\/02\/perisana-enrrollable-1-768x768.webp 768w\" sizes=\"(max-width: 1024px) 100vw, 1024px\" \/><\/figure>\n<\/div>\n\n\n<p>\u2705 <strong>Vorteile:<\/strong> Schneller Zugriff und ein klares, aufger\u00e4umtes Erscheinungsbild<br>\u274c <strong>Nachteile:<\/strong> Kann teurer sein als andere Optionen<\/p>\n\n\n\n<hr class=\"wp-block-separator has-alpha-channel-opacity\"\/>\n\n\n\n<p><strong>Vorteile einer Fr\u00fchst\u00fcckseinheit in der K\u00fcche<\/strong><\/p>\n\n\n\n<p>\u2714 H\u00e4lt die Arbeitsfl\u00e4che frei und sorgt f\u00fcr ein aufger\u00e4umtes, sauberes Gesamtbild.<br>\u2714 Einfacher Zugriff auf Kleinger\u00e4te \u2013 ohne st\u00e4ndiges Umstellen.<br>\u2714 Optimale Raumnutzung, da alles seinen festen Platz hat, ohne den Rest der K\u00fcche zu st\u00f6ren.<br>\u2714 Verbessert die \u00c4sthetik, da sie mit Materialien und Oberfl\u00e4chen gestaltet werden kann, die harmonisch zum restlichen Mobiliar passen.<\/p>\n\n\n\n<hr class=\"wp-block-separator has-alpha-channel-opacity\"\/>\n\n\n\n<p><strong><strong>Individuelle Fr\u00fchst\u00fcckseinheiten auf Mallorca: Ma\u00dfgeschneidertes Design f\u00fcr dich<\/strong><\/strong><\/p>\n\n\n<div class=\"wp-block-image\">\n<figure class=\"aligncenter size-full is-resized\"><img loading=\"lazy\" decoding=\"async\" width=\"1024\" height=\"1024\" src=\"https:\/\/ainavalles.com\/wp-content\/uploads\/2025\/02\/desayunador-abierto.webp\" alt=\"\" class=\"wp-image-2760\" style=\"width:229px;height:auto\" srcset=\"https:\/\/ainavalles.com\/wp-content\/uploads\/2025\/02\/desayunador-abierto.webp 1024w, https:\/\/ainavalles.com\/wp-content\/uploads\/2025\/02\/desayunador-abierto-768x768.webp 768w\" sizes=\"(max-width: 1024px) 100vw, 1024px\" \/><\/figure>\n<\/div>\n\n\n<p>Bei <strong>Aina Vall\u00e9s<\/strong> entwerfen, fertigen und installieren wir <strong>ma\u00dfgeschneiderte K\u00fcchen<\/strong> in S\u00f3ller, auf Mallorca und im Tramuntana-Gebirge. Wenn du eine funktionale und \u00e4sthetische Fr\u00fchst\u00fcckseinheit in deine K\u00fcche integrieren m\u00f6chtest, helfen wir dir gerne dabei, die <strong>beste L\u00f6sung<\/strong> zu finden \u2013 abgestimmt auf deinen Raum und deinen Stil.<\/p>\n\n\n\n<p><strong>Kontaktiere uns<\/strong> \u2013 und lass uns gemeinsam die perfekte K\u00fcche f\u00fcr dich gestalten. \ud83d\udeaa\u2728<\/p>\n\n\n\n<p><\/p>\n","protected":false},"excerpt":{"rendered":"<p>Im modernen K\u00fcchendesign ist eine durchdachte Fr\u00fchst\u00fcckseinheit eine zentrale L\u00f6sung, um die Funktionalit\u00e4t des Raumes zu verbessern, Ordnung zu bewahren und den Alltag komfortabler zu gestalten. Eine Fr\u00fchst\u00fcckseinheit erm\u00f6glicht es, Kleinger\u00e4te wie Kaffeemaschine, Toaster oder Entsafter griffbereit zu halten \u2013 und sie gleichzeitig bei Nichtgebrauch geschickt zu verstecken, um eine aufger\u00e4umte und klare Optik zu [&hellip;]<\/p>\n","protected":false},"author":2,"featured_media":3354,"comment_status":"closed","ping_status":"closed","sticky":false,"template":"","format":"standard","meta":{"_acf_changed":false,"footnotes":""},"categories":[25],"tags":[],"class_list":["post-3352","post","type-post","status-publish","format-standard","has-post-thumbnail","hentry","category-sin-categorizar-3"],"acf":[],"yoast_head":"<!-- This site is optimized with the Yoast SEO plugin v26.8 - https:\/\/yoast.com\/product\/yoast-seo-wordpress\/ -->\n<title>Fr\u00fchst\u00fcckseinheiten in der K\u00fcche: Funktionalit\u00e4t, Ordnung und Komfort - Aina Vall\u00e8s<\/title>\n<meta name=\"robots\" content=\"index, follow, max-snippet:-1, max-image-preview:large, max-video-preview:-1\" \/>\n<link rel=\"canonical\" href=\"https:\/\/ainavalles.com\/de\/desayunadores-en-la-cocina-funcionalidad-orden-y-comodidad\/\" \/>\n<meta property=\"og:locale\" content=\"de_DE\" \/>\n<meta property=\"og:type\" content=\"article\" \/>\n<meta property=\"og:title\" content=\"Fr\u00fchst\u00fcckseinheiten in der K\u00fcche: Funktionalit\u00e4t, Ordnung und Komfort - Aina Vall\u00e8s\" \/>\n<meta property=\"og:description\" content=\"Im modernen K\u00fcchendesign ist eine durchdachte Fr\u00fchst\u00fcckseinheit eine zentrale L\u00f6sung, um die Funktionalit\u00e4t des Raumes zu verbessern, Ordnung zu bewahren und den Alltag komfortabler zu gestalten. Eine Fr\u00fchst\u00fcckseinheit erm\u00f6glicht es, Kleinger\u00e4te wie Kaffeemaschine, Toaster oder Entsafter griffbereit zu halten \u2013 und sie gleichzeitig bei Nichtgebrauch geschickt zu verstecken, um eine aufger\u00e4umte und klare Optik zu [&hellip;]\" \/>\n<meta property=\"og:url\" content=\"https:\/\/ainavalles.com\/de\/desayunadores-en-la-cocina-funcionalidad-orden-y-comodidad\/\" \/>\n<meta property=\"og:site_name\" content=\"Aina Vall\u00e8s\" \/>\n<meta property=\"article:publisher\" content=\"https:\/\/www.facebook.com\/people\/Aina-Valls\/100090582199736\/\" \/>\n<meta property=\"article:published_time\" content=\"2025-02-25T09:47:08+00:00\" \/>\n<meta property=\"article:modified_time\" content=\"2025-06-16T07:58:36+00:00\" \/>\n<meta property=\"og:image\" content=\"https:\/\/ainavalles.com\/wp-content\/uploads\/2025\/02\/perisana-enrrollable-1.webp\" \/>\n\t<meta property=\"og:image:width\" content=\"1024\" \/>\n\t<meta property=\"og:image:height\" content=\"1024\" \/>\n\t<meta property=\"og:image:type\" content=\"image\/webp\" \/>\n<meta name=\"author\" content=\"Aina Vall\u00e9s\" \/>\n<meta name=\"twitter:card\" content=\"summary_large_image\" \/>\n<meta name=\"twitter:label1\" content=\"Verfasst von\" \/>\n\t<meta name=\"twitter:data1\" content=\"Aina Vall\u00e9s\" \/>\n\t<meta name=\"twitter:label2\" content=\"Gesch\u00e4tzte Lesezeit\" \/>\n\t<meta name=\"twitter:data2\" content=\"4\u00a0Minuten\" \/>\n<script type=\"application\/ld+json\" class=\"yoast-schema-graph\">{\"@context\":\"https:\/\/schema.org\",\"@graph\":[{\"@type\":\"Article\",\"@id\":\"https:\/\/ainavalles.com\/de\/desayunadores-en-la-cocina-funcionalidad-orden-y-comodidad\/#article\",\"isPartOf\":{\"@id\":\"https:\/\/ainavalles.com\/de\/desayunadores-en-la-cocina-funcionalidad-orden-y-comodidad\/\"},\"author\":{\"name\":\"Aina Vall\u00e9s\",\"@id\":\"https:\/\/ainavalles.com\/#\/schema\/person\/66806b4f2c1fbd143b75d1a0b0cfee0b\"},\"headline\":\"Fr\u00fchst\u00fcckseinheiten in der K\u00fcche: Funktionalit\u00e4t, Ordnung und Komfort\",\"datePublished\":\"2025-02-25T09:47:08+00:00\",\"dateModified\":\"2025-06-16T07:58:36+00:00\",\"mainEntityOfPage\":{\"@id\":\"https:\/\/ainavalles.com\/de\/desayunadores-en-la-cocina-funcionalidad-orden-y-comodidad\/\"},\"wordCount\":557,\"publisher\":{\"@id\":\"https:\/\/ainavalles.com\/#organization\"},\"image\":{\"@id\":\"https:\/\/ainavalles.com\/de\/desayunadores-en-la-cocina-funcionalidad-orden-y-comodidad\/#primaryimage\"},\"thumbnailUrl\":\"https:\/\/ainavalles.com\/wp-content\/uploads\/2025\/02\/perisana-enrrollable-1.webp\",\"articleSection\":[\"Sin categorizar\"],\"inLanguage\":\"de\"},{\"@type\":\"WebPage\",\"@id\":\"https:\/\/ainavalles.com\/de\/desayunadores-en-la-cocina-funcionalidad-orden-y-comodidad\/\",\"url\":\"https:\/\/ainavalles.com\/de\/desayunadores-en-la-cocina-funcionalidad-orden-y-comodidad\/\",\"name\":\"Fr\u00fchst\u00fcckseinheiten in der K\u00fcche: Funktionalit\u00e4t, Ordnung und Komfort - Aina Vall\u00e8s\",\"isPartOf\":{\"@id\":\"https:\/\/ainavalles.com\/#website\"},\"primaryImageOfPage\":{\"@id\":\"https:\/\/ainavalles.com\/de\/desayunadores-en-la-cocina-funcionalidad-orden-y-comodidad\/#primaryimage\"},\"image\":{\"@id\":\"https:\/\/ainavalles.com\/de\/desayunadores-en-la-cocina-funcionalidad-orden-y-comodidad\/#primaryimage\"},\"thumbnailUrl\":\"https:\/\/ainavalles.com\/wp-content\/uploads\/2025\/02\/perisana-enrrollable-1.webp\",\"datePublished\":\"2025-02-25T09:47:08+00:00\",\"dateModified\":\"2025-06-16T07:58:36+00:00\",\"breadcrumb\":{\"@id\":\"https:\/\/ainavalles.com\/de\/desayunadores-en-la-cocina-funcionalidad-orden-y-comodidad\/#breadcrumb\"},\"inLanguage\":\"de\",\"potentialAction\":[{\"@type\":\"ReadAction\",\"target\":[\"https:\/\/ainavalles.com\/de\/desayunadores-en-la-cocina-funcionalidad-orden-y-comodidad\/\"]}]},{\"@type\":\"ImageObject\",\"inLanguage\":\"de\",\"@id\":\"https:\/\/ainavalles.com\/de\/desayunadores-en-la-cocina-funcionalidad-orden-y-comodidad\/#primaryimage\",\"url\":\"https:\/\/ainavalles.com\/wp-content\/uploads\/2025\/02\/perisana-enrrollable-1.webp\",\"contentUrl\":\"https:\/\/ainavalles.com\/wp-content\/uploads\/2025\/02\/perisana-enrrollable-1.webp\",\"width\":1024,\"height\":1024},{\"@type\":\"BreadcrumbList\",\"@id\":\"https:\/\/ainavalles.com\/de\/desayunadores-en-la-cocina-funcionalidad-orden-y-comodidad\/#breadcrumb\",\"itemListElement\":[{\"@type\":\"ListItem\",\"position\":1,\"name\":\"Portada\",\"item\":\"https:\/\/ainavalles.com\/de\/\"},{\"@type\":\"ListItem\",\"position\":2,\"name\":\"Fr\u00fchst\u00fcckseinheiten in der K\u00fcche: Funktionalit\u00e4t, Ordnung und Komfort\"}]},{\"@type\":\"WebSite\",\"@id\":\"https:\/\/ainavalles.com\/#website\",\"url\":\"https:\/\/ainavalles.com\/\",\"name\":\"Aina Vall\u00e8s\",\"description\":\"Interiorismo en Mallorca\",\"publisher\":{\"@id\":\"https:\/\/ainavalles.com\/#organization\"},\"potentialAction\":[{\"@type\":\"SearchAction\",\"target\":{\"@type\":\"EntryPoint\",\"urlTemplate\":\"https:\/\/ainavalles.com\/?s={search_term_string}\"},\"query-input\":{\"@type\":\"PropertyValueSpecification\",\"valueRequired\":true,\"valueName\":\"search_term_string\"}}],\"inLanguage\":\"de\"},{\"@type\":\"Organization\",\"@id\":\"https:\/\/ainavalles.com\/#organization\",\"name\":\"Aina Vall\u00e8s\",\"url\":\"https:\/\/ainavalles.com\/\",\"logo\":{\"@type\":\"ImageObject\",\"inLanguage\":\"de\",\"@id\":\"https:\/\/ainavalles.com\/#\/schema\/logo\/image\/\",\"url\":\"https:\/\/ainavalles.com\/wp-content\/uploads\/2023\/09\/logo.svg\",\"contentUrl\":\"https:\/\/ainavalles.com\/wp-content\/uploads\/2023\/09\/logo.svg\",\"width\":300,\"height\":244,\"caption\":\"Aina Vall\u00e8s\"},\"image\":{\"@id\":\"https:\/\/ainavalles.com\/#\/schema\/logo\/image\/\"},\"sameAs\":[\"https:\/\/www.facebook.com\/people\/Aina-Valls\/100090582199736\/\",\"https:\/\/www.instagram.com\/aina_valles\/\"]},{\"@type\":\"Person\",\"@id\":\"https:\/\/ainavalles.com\/#\/schema\/person\/66806b4f2c1fbd143b75d1a0b0cfee0b\",\"name\":\"Aina Vall\u00e9s\",\"sameAs\":[\"https:\/\/ainavalles.com\"]}]}<\/script>\n<!-- \/ Yoast SEO plugin. -->","yoast_head_json":{"title":"Fr\u00fchst\u00fcckseinheiten in der K\u00fcche: Funktionalit\u00e4t, Ordnung und Komfort - Aina Vall\u00e8s","robots":{"index":"index","follow":"follow","max-snippet":"max-snippet:-1","max-image-preview":"max-image-preview:large","max-video-preview":"max-video-preview:-1"},"canonical":"https:\/\/ainavalles.com\/de\/desayunadores-en-la-cocina-funcionalidad-orden-y-comodidad\/","og_locale":"de_DE","og_type":"article","og_title":"Fr\u00fchst\u00fcckseinheiten in der K\u00fcche: Funktionalit\u00e4t, Ordnung und Komfort - Aina Vall\u00e8s","og_description":"Im modernen K\u00fcchendesign ist eine durchdachte Fr\u00fchst\u00fcckseinheit eine zentrale L\u00f6sung, um die Funktionalit\u00e4t des Raumes zu verbessern, Ordnung zu bewahren und den Alltag komfortabler zu gestalten. Eine Fr\u00fchst\u00fcckseinheit erm\u00f6glicht es, Kleinger\u00e4te wie Kaffeemaschine, Toaster oder Entsafter griffbereit zu halten \u2013 und sie gleichzeitig bei Nichtgebrauch geschickt zu verstecken, um eine aufger\u00e4umte und klare Optik zu [&hellip;]","og_url":"https:\/\/ainavalles.com\/de\/desayunadores-en-la-cocina-funcionalidad-orden-y-comodidad\/","og_site_name":"Aina Vall\u00e8s","article_publisher":"https:\/\/www.facebook.com\/people\/Aina-Valls\/100090582199736\/","article_published_time":"2025-02-25T09:47:08+00:00","article_modified_time":"2025-06-16T07:58:36+00:00","og_image":[{"width":1024,"height":1024,"url":"https:\/\/ainavalles.com\/wp-content\/uploads\/2025\/02\/perisana-enrrollable-1.webp","type":"image\/webp"}],"author":"Aina Vall\u00e9s","twitter_card":"summary_large_image","twitter_misc":{"Verfasst von":"Aina Vall\u00e9s","Gesch\u00e4tzte Lesezeit":"4\u00a0Minuten"},"schema":{"@context":"https:\/\/schema.org","@graph":[{"@type":"Article","@id":"https:\/\/ainavalles.com\/de\/desayunadores-en-la-cocina-funcionalidad-orden-y-comodidad\/#article","isPartOf":{"@id":"https:\/\/ainavalles.com\/de\/desayunadores-en-la-cocina-funcionalidad-orden-y-comodidad\/"},"author":{"name":"Aina Vall\u00e9s","@id":"https:\/\/ainavalles.com\/#\/schema\/person\/66806b4f2c1fbd143b75d1a0b0cfee0b"},"headline":"Fr\u00fchst\u00fcckseinheiten in der K\u00fcche: Funktionalit\u00e4t, Ordnung und Komfort","datePublished":"2025-02-25T09:47:08+00:00","dateModified":"2025-06-16T07:58:36+00:00","mainEntityOfPage":{"@id":"https:\/\/ainavalles.com\/de\/desayunadores-en-la-cocina-funcionalidad-orden-y-comodidad\/"},"wordCount":557,"publisher":{"@id":"https:\/\/ainavalles.com\/#organization"},"image":{"@id":"https:\/\/ainavalles.com\/de\/desayunadores-en-la-cocina-funcionalidad-orden-y-comodidad\/#primaryimage"},"thumbnailUrl":"https:\/\/ainavalles.com\/wp-content\/uploads\/2025\/02\/perisana-enrrollable-1.webp","articleSection":["Sin categorizar"],"inLanguage":"de"},{"@type":"WebPage","@id":"https:\/\/ainavalles.com\/de\/desayunadores-en-la-cocina-funcionalidad-orden-y-comodidad\/","url":"https:\/\/ainavalles.com\/de\/desayunadores-en-la-cocina-funcionalidad-orden-y-comodidad\/","name":"Fr\u00fchst\u00fcckseinheiten in der K\u00fcche: Funktionalit\u00e4t, Ordnung und Komfort - Aina Vall\u00e8s","isPartOf":{"@id":"https:\/\/ainavalles.com\/#website"},"primaryImageOfPage":{"@id":"https:\/\/ainavalles.com\/de\/desayunadores-en-la-cocina-funcionalidad-orden-y-comodidad\/#primaryimage"},"image":{"@id":"https:\/\/ainavalles.com\/de\/desayunadores-en-la-cocina-funcionalidad-orden-y-comodidad\/#primaryimage"},"thumbnailUrl":"https:\/\/ainavalles.com\/wp-content\/uploads\/2025\/02\/perisana-enrrollable-1.webp","datePublished":"2025-02-25T09:47:08+00:00","dateModified":"2025-06-16T07:58:36+00:00","breadcrumb":{"@id":"https:\/\/ainavalles.com\/de\/desayunadores-en-la-cocina-funcionalidad-orden-y-comodidad\/#breadcrumb"},"inLanguage":"de","potentialAction":[{"@type":"ReadAction","target":["https:\/\/ainavalles.com\/de\/desayunadores-en-la-cocina-funcionalidad-orden-y-comodidad\/"]}]},{"@type":"ImageObject","inLanguage":"de","@id":"https:\/\/ainavalles.com\/de\/desayunadores-en-la-cocina-funcionalidad-orden-y-comodidad\/#primaryimage","url":"https:\/\/ainavalles.com\/wp-content\/uploads\/2025\/02\/perisana-enrrollable-1.webp","contentUrl":"https:\/\/ainavalles.com\/wp-content\/uploads\/2025\/02\/perisana-enrrollable-1.webp","width":1024,"height":1024},{"@type":"BreadcrumbList","@id":"https:\/\/ainavalles.com\/de\/desayunadores-en-la-cocina-funcionalidad-orden-y-comodidad\/#breadcrumb","itemListElement":[{"@type":"ListItem","position":1,"name":"Portada","item":"https:\/\/ainavalles.com\/de\/"},{"@type":"ListItem","position":2,"name":"Fr\u00fchst\u00fcckseinheiten in der K\u00fcche: Funktionalit\u00e4t, Ordnung und Komfort"}]},{"@type":"WebSite","@id":"https:\/\/ainavalles.com\/#website","url":"https:\/\/ainavalles.com\/","name":"Aina Vall\u00e8s","description":"Interiorismo en Mallorca","publisher":{"@id":"https:\/\/ainavalles.com\/#organization"},"potentialAction":[{"@type":"SearchAction","target":{"@type":"EntryPoint","urlTemplate":"https:\/\/ainavalles.com\/?s={search_term_string}"},"query-input":{"@type":"PropertyValueSpecification","valueRequired":true,"valueName":"search_term_string"}}],"inLanguage":"de"},{"@type":"Organization","@id":"https:\/\/ainavalles.com\/#organization","name":"Aina Vall\u00e8s","url":"https:\/\/ainavalles.com\/","logo":{"@type":"ImageObject","inLanguage":"de","@id":"https:\/\/ainavalles.com\/#\/schema\/logo\/image\/","url":"https:\/\/ainavalles.com\/wp-content\/uploads\/2023\/09\/logo.svg","contentUrl":"https:\/\/ainavalles.com\/wp-content\/uploads\/2023\/09\/logo.svg","width":300,"height":244,"caption":"Aina Vall\u00e8s"},"image":{"@id":"https:\/\/ainavalles.com\/#\/schema\/logo\/image\/"},"sameAs":["https:\/\/www.facebook.com\/people\/Aina-Valls\/100090582199736\/","https:\/\/www.instagram.com\/aina_valles\/"]},{"@type":"Person","@id":"https:\/\/ainavalles.com\/#\/schema\/person\/66806b4f2c1fbd143b75d1a0b0cfee0b","name":"Aina Vall\u00e9s","sameAs":["https:\/\/ainavalles.com"]}]}},"_links":{"self":[{"href":"https:\/\/ainavalles.com\/de\/wp-json\/wp\/v2\/posts\/3352","targetHints":{"allow":["GET"]}}],"collection":[{"href":"https:\/\/ainavalles.com\/de\/wp-json\/wp\/v2\/posts"}],"about":[{"href":"https:\/\/ainavalles.com\/de\/wp-json\/wp\/v2\/types\/post"}],"author":[{"embeddable":true,"href":"https:\/\/ainavalles.com\/de\/wp-json\/wp\/v2\/users\/2"}],"replies":[{"embeddable":true,"href":"https:\/\/ainavalles.com\/de\/wp-json\/wp\/v2\/comments?post=3352"}],"version-history":[{"count":1,"href":"https:\/\/ainavalles.com\/de\/wp-json\/wp\/v2\/posts\/3352\/revisions"}],"predecessor-version":[{"id":3537,"href":"https:\/\/ainavalles.com\/de\/wp-json\/wp\/v2\/posts\/3352\/revisions\/3537"}],"wp:featuredmedia":[{"embeddable":true,"href":"https:\/\/ainavalles.com\/de\/wp-json\/wp\/v2\/media\/3354"}],"wp:attachment":[{"href":"https:\/\/ainavalles.com\/de\/wp-json\/wp\/v2\/media?parent=3352"}],"wp:term":[{"taxonomy":"category","embeddable":true,"href":"https:\/\/ainavalles.com\/de\/wp-json\/wp\/v2\/categories?post=3352"},{"taxonomy":"post_tag","embeddable":true,"href":"https:\/\/ainavalles.com\/de\/wp-json\/wp\/v2\/tags?post=3352"}],"curies":[{"name":"wp","href":"https:\/\/api.w.org\/{rel}","templated":true}]}}