{"id":3376,"date":"2025-01-21T12:00:35","date_gmt":"2025-01-21T10:00:35","guid":{"rendered":"https:\/\/ainavalles.com\/transforma-tu-hogar-y-tu-vida-con-la-ayuda-de-una-organizadora-profesional-conoce-a-magda-pujadas\/"},"modified":"2025-06-16T10:53:50","modified_gmt":"2025-06-16T08:53:50","slug":"transforma-tu-hogar-y-tu-vida-con-la-ayuda-de-una-organizadora-profesional-conoce-a-magda-pujadas","status":"publish","type":"post","link":"https:\/\/ainavalles.com\/de\/transforma-tu-hogar-y-tu-vida-con-la-ayuda-de-una-organizadora-profesional-conoce-a-magda-pujadas\/","title":{"rendered":"Verwandle dein Zuhause und dein Leben mit der Unterst\u00fctzung einer Raumorganisatorin: lerne Magda Pujadas kennen"},"content":{"rendered":"\n<p>Innenraumgestaltung mit professioneller Organisation erg\u00e4nzen<\/p>\n\n\n\n<p>Im Interior Design muss jeder Raum nicht nur \u00e4sthetisch ansprechend, sondern auch praktisch und funktional sein. Beim Entwurf von K\u00fcchen-, Kleiderschrank- oder Ankleidezimmereinrichtungen achte ich besonders auf Raumoptimierung und individuelle Anpassung an deine Bed\u00fcrfnisse.<\/p>\n\n\n\n<p>Doch sobald die M\u00f6bel installiert sind, kann die Aufrechterhaltung von Ordnung und die optimale Nutzung jedes Winkels den entscheidenden Unterschied machen. Hier erg\u00e4nzt der professionelle Organisationsservice von <strong>Magda Pujadas<\/strong> von <strong>Orden By Magda<\/strong> unsere Arbeit perfekt.<\/p>\n\n\n\n<p>Dank ihrer Erfahrung im Bereich Organisation hilft dir Magda, deine R\u00e4ume so zu strukturieren und zu pflegen, dass sie funktional, ordentlich und auf deinen Lebensstil abgestimmt sind. Gemeinsam schaffen wir ein Zuhause, das dich widerspiegelt, in dem Design und Ordnung verschmelzen und dir Komfort sowie Harmonie im Alltag bieten.<\/p>\n\n\n\n<p>Im hektischen Alltag kann es eine Herausforderung sein, das Zuhause ordentlich zu halten. Hier k\u00f6nnen die Dienstleistungen einer professionellen Organisatorin wie <strong>Magda Pujadas<\/strong>, Gr\u00fcnderin von <strong>Orden by Magda<\/strong>, einen gro\u00dfen Unterschied machen.<\/p>\n\n\n<div class=\"wp-block-image\">\n<figure class=\"aligncenter size-full is-resized\"><img fetchpriority=\"high\" decoding=\"async\" width=\"1004\" height=\"1126\" src=\"https:\/\/ainavalles.com\/wp-content\/uploads\/2025\/01\/foto-mgd-pujades.jpg\" alt=\"\" class=\"wp-image-2476\" style=\"width:509px;height:auto\" srcset=\"https:\/\/ainavalles.com\/wp-content\/uploads\/2025\/01\/foto-mgd-pujades.jpg 1004w, https:\/\/ainavalles.com\/wp-content\/uploads\/2025\/01\/foto-mgd-pujades-768x861.jpg 768w\" sizes=\"(max-width: 1004px) 100vw, 1004px\" \/><\/figure>\n<\/div>\n\n\n<p>Wer ist Magda Pujadas?<\/p>\n\n\n\n<p>Magda ist professionelle Raumorganisatorin mit Sitz in Inca auf Mallorca. Ihre Leidenschaft f\u00fcr Ordnung und Organisation f\u00fchrte sie dazu, <strong>\u201eOrden by Magda\u201c<\/strong> zu gr\u00fcnden, wo sie sich darauf spezialisiert hat, H\u00e4user in harmonische und funktionale Wohlf\u00fchlorte zu verwandeln. Sie bietet sowohl pers\u00f6nliche Dienstleistungen auf Mallorca als auch Online-Beratung an und passt sich den individuellen Bed\u00fcrfnissen ihrer Kunden an.<\/p>\n\n\n\n<p><strong>Angebotene Dienstleistungen:<\/strong><\/p>\n\n\n\n<ul class=\"wp-block-list\">\n<li><strong>Hausorganisation:<\/strong> Von der K\u00fcche bis zur Garage hilft Magda dabei, die Kontrolle \u00fcber das Zuhause zur\u00fcckzugewinnen und ma\u00dfgeschneiderte Organisationssysteme zu schaffen, die die Lebensqualit\u00e4t verbessern.<\/li>\n<\/ul>\n\n\n<div class=\"wp-block-image\">\n<figure class=\"aligncenter size-full is-resized\"><img decoding=\"async\" width=\"1206\" height=\"1188\" src=\"https:\/\/ainavalles.com\/wp-content\/uploads\/2025\/01\/Imagen-025-01-21-a-las-10.22.44_ce3522cd.jpg\" alt=\"\" class=\"wp-image-2470\" style=\"width:561px;height:auto\" srcset=\"https:\/\/ainavalles.com\/wp-content\/uploads\/2025\/01\/Imagen-025-01-21-a-las-10.22.44_ce3522cd.jpg 1206w, https:\/\/ainavalles.com\/wp-content\/uploads\/2025\/01\/Imagen-025-01-21-a-las-10.22.44_ce3522cd-768x757.jpg 768w\" sizes=\"(max-width: 1206px) 100vw, 1206px\" \/><\/figure>\n<\/div>\n\n\n<ul class=\"wp-block-list\">\n<li><strong>Kleiderschrank und saisonaler Wechsel<\/strong>: Erleichtert den \u00dcbergang zwischen den Jahreszeiten, optimiert den Platz und sorgt daf\u00fcr, dass jedes Kleidungsst\u00fcck seinen richtigen Platz hat.<\/li>\n<\/ul>\n\n\n<div class=\"wp-block-image\">\n<figure class=\"aligncenter size-full is-resized\"><img decoding=\"async\" width=\"965\" height=\"829\" src=\"https:\/\/ainavalles.com\/wp-content\/uploads\/2025\/01\/cambio-armario.jpg\" alt=\"\" class=\"wp-image-2467\" style=\"width:547px;height:auto\" srcset=\"https:\/\/ainavalles.com\/wp-content\/uploads\/2025\/01\/cambio-armario.jpg 965w, https:\/\/ainavalles.com\/wp-content\/uploads\/2025\/01\/cambio-armario-768x660.jpg 768w\" sizes=\"(max-width: 965px) 100vw, 965px\" \/><\/figure>\n<\/div>\n\n\n<ul class=\"wp-block-list\">\n<li><strong>Organisation vor und nach dem Umzug<\/strong>: Wir unterst\u00fctzen dich w\u00e4hrend des gesamten Umzugsprozesses \u2013 von der Auswahl und dem Verpacken deiner Habseligkeiten bis zur Organisation im neuen Zuhause \u2013 und helfen so, den damit verbundenen Stress zu minimieren..<\/li>\n<\/ul>\n\n\n<div class=\"wp-block-image\">\n<figure class=\"aligncenter size-full is-resized\"><img loading=\"lazy\" decoding=\"async\" width=\"933\" height=\"1400\" src=\"https:\/\/ainavalles.com\/wp-content\/uploads\/2025\/01\/pexels-cottonbro-4569891-scaled.jpg\" alt=\"\" class=\"wp-image-2473\" style=\"width:496px;height:auto\" srcset=\"https:\/\/ainavalles.com\/wp-content\/uploads\/2025\/01\/pexels-cottonbro-4569891-scaled.jpg 933w, https:\/\/ainavalles.com\/wp-content\/uploads\/2025\/01\/pexels-cottonbro-4569891-768x1152.jpg 768w, https:\/\/ainavalles.com\/wp-content\/uploads\/2025\/01\/pexels-cottonbro-4569891-1024x1536.jpg 1024w, https:\/\/ainavalles.com\/wp-content\/uploads\/2025\/01\/pexels-cottonbro-4569891-1365x2048.jpg 1365w\" sizes=\"(max-width: 933px) 100vw, 933px\" \/><\/figure>\n<\/div>\n\n\n<p><strong>Vorteile der Beauftragung einer professionellen Organisatorin wie Magda:<\/strong><\/p>\n\n\n\n<ul class=\"wp-block-list\">\n<li><strong>Zeitersparnis und Stressreduktion:<\/strong> Ein organisierter Raum erleichtert die t\u00e4glichen Aufgaben und verk\u00fcrzt die Suchzeiten \u2013 das reduziert den Alltagsstress.<\/li>\n\n\n\n<li><strong>Individuelle L\u00f6sungen:<\/strong> Magda arbeitet eng mit ihren Kund*innen zusammen, um deren spezifische Bed\u00fcrfnisse zu verstehen und ma\u00dfgeschneiderte L\u00f6sungen zu bieten, die zum Lebensstil passen.<\/li>\n\n\n\n<li><strong>Bewusstsein f\u00fcr verantwortungsvollen Konsum:<\/strong> Sie f\u00f6rdert die Wertsch\u00e4tzung von Erlebnissen statt materieller Dinge und hilft dabei, \u00dcberfl\u00fcssiges loszuwerden und nur das zu behalten, was Freude und Nutzen bringt.<\/li>\n\n\n\n<li><strong>Langfristige Ordnungspflege:<\/strong> Magda vermittelt Werkzeuge und Strategien, um die Ordnung nachhaltig zu erhalten und erneutes Chaos zu verhindern.<\/li>\n<\/ul>\n\n\n\n<p>Seit Mai 2024 ist Magda zudem Beitragende im IB3-Programm <strong>\u201eAra Anam\u201c<\/strong>, in dem sie ihre Erfahrungen rund um Raumorganisation teilt.<\/p>\n\n\n\n<p>Auf ihrem Instagram-Account <strong>@ordenbymagda_<\/strong> gibt sie praktische Tipps und zeigt beeindruckende Projektverwandlungen, die viele inspirieren, ein geordneteres Leben zu f\u00fchren.<\/p>\n\n\n\n<p>Die Beauftragung einer Expertin wie Magda Pujadas ver\u00e4ndert R\u00e4ume nicht nur physisch, sondern wirkt sich auch positiv auf das emotionale und mentale Wohlbefinden ihrer Kund*innen aus. Wenn du ein harmonischeres und funktionaleres Zuhause schaffen m\u00f6chtest, k\u00f6nnten die Dienste von <strong>Orden by Magda<\/strong> die ideale L\u00f6sung sein.<\/p>\n\n\n\n<p><strong>Kontakt:<\/strong><br>\ud83d\udcf8 Instagram: @ordenbymagda_<br>\ud83d\udce7 E-Mail: <a>ordenbymagda@gmail.com<\/a><br>\ud83d\udcde Telefon: 605 990 584<br>\ud83c\udf10 Web: <a class=\"\" href=\"http:\/\/www.ordenbymagda.es\">www.ordenbymagda.es<\/a><\/p>\n","protected":false},"excerpt":{"rendered":"<p>Innenraumgestaltung mit professioneller Organisation erg\u00e4nzen Im Interior Design muss jeder Raum nicht nur \u00e4sthetisch ansprechend, sondern auch praktisch und funktional sein. Beim Entwurf von K\u00fcchen-, Kleiderschrank- oder Ankleidezimmereinrichtungen achte ich besonders auf Raumoptimierung und individuelle Anpassung an deine Bed\u00fcrfnisse. Doch sobald die M\u00f6bel installiert sind, kann die Aufrechterhaltung von Ordnung und die optimale Nutzung jedes [&hellip;]<\/p>\n","protected":false},"author":2,"featured_media":3377,"comment_status":"closed","ping_status":"closed","sticky":false,"template":"","format":"standard","meta":{"_acf_changed":false,"footnotes":""},"categories":[25],"tags":[],"class_list":["post-3376","post","type-post","status-publish","format-standard","has-post-thumbnail","hentry","category-sin-categorizar-3"],"acf":[],"yoast_head":"<!-- This site is optimized with the Yoast SEO plugin v26.8 - https:\/\/yoast.com\/product\/yoast-seo-wordpress\/ -->\n<title>Verwandle dein Zuhause und dein Leben mit der Unterst\u00fctzung einer Raumorganisatorin: lerne Magda Pujadas kennen - Aina Vall\u00e8s<\/title>\n<meta name=\"robots\" content=\"index, follow, max-snippet:-1, max-image-preview:large, max-video-preview:-1\" \/>\n<link rel=\"canonical\" href=\"https:\/\/ainavalles.com\/de\/transforma-tu-hogar-y-tu-vida-con-la-ayuda-de-una-organizadora-profesional-conoce-a-magda-pujadas\/\" \/>\n<meta property=\"og:locale\" content=\"de_DE\" \/>\n<meta property=\"og:type\" content=\"article\" \/>\n<meta property=\"og:title\" content=\"Verwandle dein Zuhause und dein Leben mit der Unterst\u00fctzung einer Raumorganisatorin: lerne Magda Pujadas kennen - Aina Vall\u00e8s\" \/>\n<meta property=\"og:description\" content=\"Innenraumgestaltung mit professioneller Organisation erg\u00e4nzen Im Interior Design muss jeder Raum nicht nur \u00e4sthetisch ansprechend, sondern auch praktisch und funktional sein. Beim Entwurf von K\u00fcchen-, Kleiderschrank- oder Ankleidezimmereinrichtungen achte ich besonders auf Raumoptimierung und individuelle Anpassung an deine Bed\u00fcrfnisse. Doch sobald die M\u00f6bel installiert sind, kann die Aufrechterhaltung von Ordnung und die optimale Nutzung jedes [&hellip;]\" \/>\n<meta property=\"og:url\" content=\"https:\/\/ainavalles.com\/de\/transforma-tu-hogar-y-tu-vida-con-la-ayuda-de-una-organizadora-profesional-conoce-a-magda-pujadas\/\" \/>\n<meta property=\"og:site_name\" content=\"Aina Vall\u00e8s\" \/>\n<meta property=\"article:publisher\" content=\"https:\/\/www.facebook.com\/people\/Aina-Valls\/100090582199736\/\" \/>\n<meta property=\"article:published_time\" content=\"2025-01-21T10:00:35+00:00\" \/>\n<meta property=\"article:modified_time\" content=\"2025-06-16T08:53:50+00:00\" \/>\n<meta property=\"og:image\" content=\"https:\/\/ainavalles.com\/wp-content\/uploads\/2025\/01\/ft.jpg\" \/>\n\t<meta property=\"og:image:width\" content=\"1206\" \/>\n\t<meta property=\"og:image:height\" content=\"1365\" \/>\n\t<meta property=\"og:image:type\" content=\"image\/jpeg\" \/>\n<meta name=\"author\" content=\"Aina Vall\u00e9s\" \/>\n<meta name=\"twitter:card\" content=\"summary_large_image\" \/>\n<meta name=\"twitter:label1\" content=\"Verfasst von\" \/>\n\t<meta name=\"twitter:data1\" content=\"Aina Vall\u00e9s\" \/>\n\t<meta name=\"twitter:label2\" content=\"Gesch\u00e4tzte Lesezeit\" \/>\n\t<meta name=\"twitter:data2\" content=\"4\u00a0Minuten\" \/>\n<script type=\"application\/ld+json\" class=\"yoast-schema-graph\">{\"@context\":\"https:\/\/schema.org\",\"@graph\":[{\"@type\":\"Article\",\"@id\":\"https:\/\/ainavalles.com\/de\/transforma-tu-hogar-y-tu-vida-con-la-ayuda-de-una-organizadora-profesional-conoce-a-magda-pujadas\/#article\",\"isPartOf\":{\"@id\":\"https:\/\/ainavalles.com\/de\/transforma-tu-hogar-y-tu-vida-con-la-ayuda-de-una-organizadora-profesional-conoce-a-magda-pujadas\/\"},\"author\":{\"name\":\"Aina Vall\u00e9s\",\"@id\":\"https:\/\/ainavalles.com\/#\/schema\/person\/66806b4f2c1fbd143b75d1a0b0cfee0b\"},\"headline\":\"Verwandle dein Zuhause und dein Leben mit der Unterst\u00fctzung einer Raumorganisatorin: lerne Magda Pujadas kennen\",\"datePublished\":\"2025-01-21T10:00:35+00:00\",\"dateModified\":\"2025-06-16T08:53:50+00:00\",\"mainEntityOfPage\":{\"@id\":\"https:\/\/ainavalles.com\/de\/transforma-tu-hogar-y-tu-vida-con-la-ayuda-de-una-organizadora-profesional-conoce-a-magda-pujadas\/\"},\"wordCount\":556,\"publisher\":{\"@id\":\"https:\/\/ainavalles.com\/#organization\"},\"image\":{\"@id\":\"https:\/\/ainavalles.com\/de\/transforma-tu-hogar-y-tu-vida-con-la-ayuda-de-una-organizadora-profesional-conoce-a-magda-pujadas\/#primaryimage\"},\"thumbnailUrl\":\"https:\/\/ainavalles.com\/wp-content\/uploads\/2025\/01\/ft.jpg\",\"articleSection\":[\"Sin categorizar\"],\"inLanguage\":\"de\"},{\"@type\":\"WebPage\",\"@id\":\"https:\/\/ainavalles.com\/de\/transforma-tu-hogar-y-tu-vida-con-la-ayuda-de-una-organizadora-profesional-conoce-a-magda-pujadas\/\",\"url\":\"https:\/\/ainavalles.com\/de\/transforma-tu-hogar-y-tu-vida-con-la-ayuda-de-una-organizadora-profesional-conoce-a-magda-pujadas\/\",\"name\":\"Verwandle dein Zuhause und dein Leben mit der Unterst\u00fctzung einer Raumorganisatorin: lerne Magda Pujadas kennen - Aina Vall\u00e8s\",\"isPartOf\":{\"@id\":\"https:\/\/ainavalles.com\/#website\"},\"primaryImageOfPage\":{\"@id\":\"https:\/\/ainavalles.com\/de\/transforma-tu-hogar-y-tu-vida-con-la-ayuda-de-una-organizadora-profesional-conoce-a-magda-pujadas\/#primaryimage\"},\"image\":{\"@id\":\"https:\/\/ainavalles.com\/de\/transforma-tu-hogar-y-tu-vida-con-la-ayuda-de-una-organizadora-profesional-conoce-a-magda-pujadas\/#primaryimage\"},\"thumbnailUrl\":\"https:\/\/ainavalles.com\/wp-content\/uploads\/2025\/01\/ft.jpg\",\"datePublished\":\"2025-01-21T10:00:35+00:00\",\"dateModified\":\"2025-06-16T08:53:50+00:00\",\"breadcrumb\":{\"@id\":\"https:\/\/ainavalles.com\/de\/transforma-tu-hogar-y-tu-vida-con-la-ayuda-de-una-organizadora-profesional-conoce-a-magda-pujadas\/#breadcrumb\"},\"inLanguage\":\"de\",\"potentialAction\":[{\"@type\":\"ReadAction\",\"target\":[\"https:\/\/ainavalles.com\/de\/transforma-tu-hogar-y-tu-vida-con-la-ayuda-de-una-organizadora-profesional-conoce-a-magda-pujadas\/\"]}]},{\"@type\":\"ImageObject\",\"inLanguage\":\"de\",\"@id\":\"https:\/\/ainavalles.com\/de\/transforma-tu-hogar-y-tu-vida-con-la-ayuda-de-una-organizadora-profesional-conoce-a-magda-pujadas\/#primaryimage\",\"url\":\"https:\/\/ainavalles.com\/wp-content\/uploads\/2025\/01\/ft.jpg\",\"contentUrl\":\"https:\/\/ainavalles.com\/wp-content\/uploads\/2025\/01\/ft.jpg\",\"width\":1206,\"height\":1365},{\"@type\":\"BreadcrumbList\",\"@id\":\"https:\/\/ainavalles.com\/de\/transforma-tu-hogar-y-tu-vida-con-la-ayuda-de-una-organizadora-profesional-conoce-a-magda-pujadas\/#breadcrumb\",\"itemListElement\":[{\"@type\":\"ListItem\",\"position\":1,\"name\":\"Portada\",\"item\":\"https:\/\/ainavalles.com\/de\/\"},{\"@type\":\"ListItem\",\"position\":2,\"name\":\"Verwandle dein Zuhause und dein Leben mit der Unterst\u00fctzung einer Raumorganisatorin: lerne Magda Pujadas kennen\"}]},{\"@type\":\"WebSite\",\"@id\":\"https:\/\/ainavalles.com\/#website\",\"url\":\"https:\/\/ainavalles.com\/\",\"name\":\"Aina Vall\u00e8s\",\"description\":\"Interiorismo en Mallorca\",\"publisher\":{\"@id\":\"https:\/\/ainavalles.com\/#organization\"},\"potentialAction\":[{\"@type\":\"SearchAction\",\"target\":{\"@type\":\"EntryPoint\",\"urlTemplate\":\"https:\/\/ainavalles.com\/?s={search_term_string}\"},\"query-input\":{\"@type\":\"PropertyValueSpecification\",\"valueRequired\":true,\"valueName\":\"search_term_string\"}}],\"inLanguage\":\"de\"},{\"@type\":\"Organization\",\"@id\":\"https:\/\/ainavalles.com\/#organization\",\"name\":\"Aina Vall\u00e8s\",\"url\":\"https:\/\/ainavalles.com\/\",\"logo\":{\"@type\":\"ImageObject\",\"inLanguage\":\"de\",\"@id\":\"https:\/\/ainavalles.com\/#\/schema\/logo\/image\/\",\"url\":\"https:\/\/ainavalles.com\/wp-content\/uploads\/2023\/09\/logo.svg\",\"contentUrl\":\"https:\/\/ainavalles.com\/wp-content\/uploads\/2023\/09\/logo.svg\",\"width\":300,\"height\":244,\"caption\":\"Aina Vall\u00e8s\"},\"image\":{\"@id\":\"https:\/\/ainavalles.com\/#\/schema\/logo\/image\/\"},\"sameAs\":[\"https:\/\/www.facebook.com\/people\/Aina-Valls\/100090582199736\/\",\"https:\/\/www.instagram.com\/aina_valles\/\"]},{\"@type\":\"Person\",\"@id\":\"https:\/\/ainavalles.com\/#\/schema\/person\/66806b4f2c1fbd143b75d1a0b0cfee0b\",\"name\":\"Aina Vall\u00e9s\",\"sameAs\":[\"https:\/\/ainavalles.com\"]}]}<\/script>\n<!-- \/ Yoast SEO plugin. -->","yoast_head_json":{"title":"Verwandle dein Zuhause und dein Leben mit der Unterst\u00fctzung einer Raumorganisatorin: lerne Magda Pujadas kennen - Aina Vall\u00e8s","robots":{"index":"index","follow":"follow","max-snippet":"max-snippet:-1","max-image-preview":"max-image-preview:large","max-video-preview":"max-video-preview:-1"},"canonical":"https:\/\/ainavalles.com\/de\/transforma-tu-hogar-y-tu-vida-con-la-ayuda-de-una-organizadora-profesional-conoce-a-magda-pujadas\/","og_locale":"de_DE","og_type":"article","og_title":"Verwandle dein Zuhause und dein Leben mit der Unterst\u00fctzung einer Raumorganisatorin: lerne Magda Pujadas kennen - Aina Vall\u00e8s","og_description":"Innenraumgestaltung mit professioneller Organisation erg\u00e4nzen Im Interior Design muss jeder Raum nicht nur \u00e4sthetisch ansprechend, sondern auch praktisch und funktional sein. Beim Entwurf von K\u00fcchen-, Kleiderschrank- oder Ankleidezimmereinrichtungen achte ich besonders auf Raumoptimierung und individuelle Anpassung an deine Bed\u00fcrfnisse. Doch sobald die M\u00f6bel installiert sind, kann die Aufrechterhaltung von Ordnung und die optimale Nutzung jedes [&hellip;]","og_url":"https:\/\/ainavalles.com\/de\/transforma-tu-hogar-y-tu-vida-con-la-ayuda-de-una-organizadora-profesional-conoce-a-magda-pujadas\/","og_site_name":"Aina Vall\u00e8s","article_publisher":"https:\/\/www.facebook.com\/people\/Aina-Valls\/100090582199736\/","article_published_time":"2025-01-21T10:00:35+00:00","article_modified_time":"2025-06-16T08:53:50+00:00","og_image":[{"width":1206,"height":1365,"url":"https:\/\/ainavalles.com\/wp-content\/uploads\/2025\/01\/ft.jpg","type":"image\/jpeg"}],"author":"Aina Vall\u00e9s","twitter_card":"summary_large_image","twitter_misc":{"Verfasst von":"Aina Vall\u00e9s","Gesch\u00e4tzte Lesezeit":"4\u00a0Minuten"},"schema":{"@context":"https:\/\/schema.org","@graph":[{"@type":"Article","@id":"https:\/\/ainavalles.com\/de\/transforma-tu-hogar-y-tu-vida-con-la-ayuda-de-una-organizadora-profesional-conoce-a-magda-pujadas\/#article","isPartOf":{"@id":"https:\/\/ainavalles.com\/de\/transforma-tu-hogar-y-tu-vida-con-la-ayuda-de-una-organizadora-profesional-conoce-a-magda-pujadas\/"},"author":{"name":"Aina Vall\u00e9s","@id":"https:\/\/ainavalles.com\/#\/schema\/person\/66806b4f2c1fbd143b75d1a0b0cfee0b"},"headline":"Verwandle dein Zuhause und dein Leben mit der Unterst\u00fctzung einer Raumorganisatorin: lerne Magda Pujadas kennen","datePublished":"2025-01-21T10:00:35+00:00","dateModified":"2025-06-16T08:53:50+00:00","mainEntityOfPage":{"@id":"https:\/\/ainavalles.com\/de\/transforma-tu-hogar-y-tu-vida-con-la-ayuda-de-una-organizadora-profesional-conoce-a-magda-pujadas\/"},"wordCount":556,"publisher":{"@id":"https:\/\/ainavalles.com\/#organization"},"image":{"@id":"https:\/\/ainavalles.com\/de\/transforma-tu-hogar-y-tu-vida-con-la-ayuda-de-una-organizadora-profesional-conoce-a-magda-pujadas\/#primaryimage"},"thumbnailUrl":"https:\/\/ainavalles.com\/wp-content\/uploads\/2025\/01\/ft.jpg","articleSection":["Sin categorizar"],"inLanguage":"de"},{"@type":"WebPage","@id":"https:\/\/ainavalles.com\/de\/transforma-tu-hogar-y-tu-vida-con-la-ayuda-de-una-organizadora-profesional-conoce-a-magda-pujadas\/","url":"https:\/\/ainavalles.com\/de\/transforma-tu-hogar-y-tu-vida-con-la-ayuda-de-una-organizadora-profesional-conoce-a-magda-pujadas\/","name":"Verwandle dein Zuhause und dein Leben mit der Unterst\u00fctzung einer Raumorganisatorin: lerne Magda Pujadas kennen - Aina Vall\u00e8s","isPartOf":{"@id":"https:\/\/ainavalles.com\/#website"},"primaryImageOfPage":{"@id":"https:\/\/ainavalles.com\/de\/transforma-tu-hogar-y-tu-vida-con-la-ayuda-de-una-organizadora-profesional-conoce-a-magda-pujadas\/#primaryimage"},"image":{"@id":"https:\/\/ainavalles.com\/de\/transforma-tu-hogar-y-tu-vida-con-la-ayuda-de-una-organizadora-profesional-conoce-a-magda-pujadas\/#primaryimage"},"thumbnailUrl":"https:\/\/ainavalles.com\/wp-content\/uploads\/2025\/01\/ft.jpg","datePublished":"2025-01-21T10:00:35+00:00","dateModified":"2025-06-16T08:53:50+00:00","breadcrumb":{"@id":"https:\/\/ainavalles.com\/de\/transforma-tu-hogar-y-tu-vida-con-la-ayuda-de-una-organizadora-profesional-conoce-a-magda-pujadas\/#breadcrumb"},"inLanguage":"de","potentialAction":[{"@type":"ReadAction","target":["https:\/\/ainavalles.com\/de\/transforma-tu-hogar-y-tu-vida-con-la-ayuda-de-una-organizadora-profesional-conoce-a-magda-pujadas\/"]}]},{"@type":"ImageObject","inLanguage":"de","@id":"https:\/\/ainavalles.com\/de\/transforma-tu-hogar-y-tu-vida-con-la-ayuda-de-una-organizadora-profesional-conoce-a-magda-pujadas\/#primaryimage","url":"https:\/\/ainavalles.com\/wp-content\/uploads\/2025\/01\/ft.jpg","contentUrl":"https:\/\/ainavalles.com\/wp-content\/uploads\/2025\/01\/ft.jpg","width":1206,"height":1365},{"@type":"BreadcrumbList","@id":"https:\/\/ainavalles.com\/de\/transforma-tu-hogar-y-tu-vida-con-la-ayuda-de-una-organizadora-profesional-conoce-a-magda-pujadas\/#breadcrumb","itemListElement":[{"@type":"ListItem","position":1,"name":"Portada","item":"https:\/\/ainavalles.com\/de\/"},{"@type":"ListItem","position":2,"name":"Verwandle dein Zuhause und dein Leben mit der Unterst\u00fctzung einer Raumorganisatorin: lerne Magda Pujadas kennen"}]},{"@type":"WebSite","@id":"https:\/\/ainavalles.com\/#website","url":"https:\/\/ainavalles.com\/","name":"Aina Vall\u00e8s","description":"Interiorismo en Mallorca","publisher":{"@id":"https:\/\/ainavalles.com\/#organization"},"potentialAction":[{"@type":"SearchAction","target":{"@type":"EntryPoint","urlTemplate":"https:\/\/ainavalles.com\/?s={search_term_string}"},"query-input":{"@type":"PropertyValueSpecification","valueRequired":true,"valueName":"search_term_string"}}],"inLanguage":"de"},{"@type":"Organization","@id":"https:\/\/ainavalles.com\/#organization","name":"Aina Vall\u00e8s","url":"https:\/\/ainavalles.com\/","logo":{"@type":"ImageObject","inLanguage":"de","@id":"https:\/\/ainavalles.com\/#\/schema\/logo\/image\/","url":"https:\/\/ainavalles.com\/wp-content\/uploads\/2023\/09\/logo.svg","contentUrl":"https:\/\/ainavalles.com\/wp-content\/uploads\/2023\/09\/logo.svg","width":300,"height":244,"caption":"Aina Vall\u00e8s"},"image":{"@id":"https:\/\/ainavalles.com\/#\/schema\/logo\/image\/"},"sameAs":["https:\/\/www.facebook.com\/people\/Aina-Valls\/100090582199736\/","https:\/\/www.instagram.com\/aina_valles\/"]},{"@type":"Person","@id":"https:\/\/ainavalles.com\/#\/schema\/person\/66806b4f2c1fbd143b75d1a0b0cfee0b","name":"Aina Vall\u00e9s","sameAs":["https:\/\/ainavalles.com"]}]}},"_links":{"self":[{"href":"https:\/\/ainavalles.com\/de\/wp-json\/wp\/v2\/posts\/3376","targetHints":{"allow":["GET"]}}],"collection":[{"href":"https:\/\/ainavalles.com\/de\/wp-json\/wp\/v2\/posts"}],"about":[{"href":"https:\/\/ainavalles.com\/de\/wp-json\/wp\/v2\/types\/post"}],"author":[{"embeddable":true,"href":"https:\/\/ainavalles.com\/de\/wp-json\/wp\/v2\/users\/2"}],"replies":[{"embeddable":true,"href":"https:\/\/ainavalles.com\/de\/wp-json\/wp\/v2\/comments?post=3376"}],"version-history":[{"count":1,"href":"https:\/\/ainavalles.com\/de\/wp-json\/wp\/v2\/posts\/3376\/revisions"}],"predecessor-version":[{"id":3587,"href":"https:\/\/ainavalles.com\/de\/wp-json\/wp\/v2\/posts\/3376\/revisions\/3587"}],"wp:featuredmedia":[{"embeddable":true,"href":"https:\/\/ainavalles.com\/de\/wp-json\/wp\/v2\/media\/3377"}],"wp:attachment":[{"href":"https:\/\/ainavalles.com\/de\/wp-json\/wp\/v2\/media?parent=3376"}],"wp:term":[{"taxonomy":"category","embeddable":true,"href":"https:\/\/ainavalles.com\/de\/wp-json\/wp\/v2\/categories?post=3376"},{"taxonomy":"post_tag","embeddable":true,"href":"https:\/\/ainavalles.com\/de\/wp-json\/wp\/v2\/tags?post=3376"}],"curies":[{"name":"wp","href":"https:\/\/api.w.org\/{rel}","templated":true}]}}