{"id":3387,"date":"2024-08-23T12:22:22","date_gmt":"2024-08-23T10:22:22","guid":{"rendered":"https:\/\/ainavalles.com\/la-sala-de-estar-el-corazon-del-hogar-especialmente-en-espacios-abiertos\/"},"modified":"2025-06-18T12:41:39","modified_gmt":"2025-06-18T10:41:39","slug":"la-sala-de-estar-el-corazon-del-hogar-especialmente-en-espacios-abiertos","status":"publish","type":"post","link":"https:\/\/ainavalles.com\/de\/la-sala-de-estar-el-corazon-del-hogar-especialmente-en-espacios-abiertos\/","title":{"rendered":"Das Wohnzimmer: Das Herz des Zuhauses, besonders in offenen Raumkonzepten"},"content":{"rendered":"\n<p>Das Wohnzimmer ist das Zentrum jedes Zuhauses. Hier trifft sich die Familie, hier werden G\u00e4ste empfangen, und hier wird entspannt und unterhalten. Wenn das Wohnzimmer mit Esszimmer und K\u00fcche verbunden ist, gewinnt das Design noch mehr Bedeutung, da es mit dem \u00fcbrigen Raum harmonieren und gleichzeitig seine Hauptfunktion erf\u00fcllen muss: ein komfortabler und einladender Ort f\u00fcr alle zu sein.<\/p>\n\n\n\n<figure class=\"wp-block-image size-full\"><img fetchpriority=\"high\" decoding=\"async\" width=\"1920\" height=\"1353\" src=\"https:\/\/ainavalles.com\/wp-content\/uploads\/2024\/08\/mk-s-sQAXTwUki_o-unsplash-scaled.jpg\" alt=\"\" class=\"wp-image-1605\" srcset=\"https:\/\/ainavalles.com\/wp-content\/uploads\/2024\/08\/mk-s-sQAXTwUki_o-unsplash-scaled.jpg 1920w, https:\/\/ainavalles.com\/wp-content\/uploads\/2024\/08\/mk-s-sQAXTwUki_o-unsplash-768x541.jpg 768w, https:\/\/ainavalles.com\/wp-content\/uploads\/2024\/08\/mk-s-sQAXTwUki_o-unsplash-1536x1082.jpg 1536w, https:\/\/ainavalles.com\/wp-content\/uploads\/2024\/08\/mk-s-sQAXTwUki_o-unsplash-2048x1443.jpg 2048w\" sizes=\"(max-width: 1920px) 100vw, 1920px\" \/><\/figure>\n\n\n\n<p><strong>Offenes Raumdesign:<\/strong><\/p>\n\n\n\n<ul class=\"wp-block-list\">\n<li><strong>Fluss und Verbindung<\/strong>: In einem offenen Raumkonzept ist das Wohnzimmer kein isolierter Bereich, sondern Teil eines gr\u00f6\u00dferen Ganzen, das Esszimmer und K\u00fcche einschlie\u00dft. Wichtig ist, dass diese Bereiche nat\u00fcrlich ineinander \u00fcbergehen, sodass eine leichte Bewegung und barrierefreie Interaktion m\u00f6glich ist. Dies wird durch eine intelligente Anordnung der M\u00f6bel sowie die Wahl von Farben und Materialien erreicht, die das Design vereinen.<\/li>\n\n\n\n<li><strong>Effiziente Zonierung<\/strong>: Auch bei offenen Grundrissen ist es wichtig, die verschiedenen Bereiche optisch zu definieren. Teppiche, H\u00e4ngeleuchten und strategisch platzierte M\u00f6bel helfen, innerhalb eines offenen Raums \u201eZonen\u201c zu schaffen, die das Wohnzimmer vom Esszimmer und der K\u00fcche abgrenzen \u2013 ganz ohne Trennw\u00e4nde. Das sorgt nicht nur f\u00fcr Struktur, sondern verleiht jedem Bereich Ordnung und eine klare Funktion.<\/li>\n<\/ul>\n\n\n\n<p><strong>Stil und Zusammenhalt:<\/strong><\/p>\n\n\n\n<figure class=\"wp-block-image size-full\"><img decoding=\"async\" width=\"1640\" height=\"1400\" src=\"https:\/\/ainavalles.com\/wp-content\/uploads\/2024\/08\/mk-s-WXhBCm3qbsQ-unsplash-scaled.jpg\" alt=\"\" class=\"wp-image-1607\" srcset=\"https:\/\/ainavalles.com\/wp-content\/uploads\/2024\/08\/mk-s-WXhBCm3qbsQ-unsplash-scaled.jpg 1640w, https:\/\/ainavalles.com\/wp-content\/uploads\/2024\/08\/mk-s-WXhBCm3qbsQ-unsplash-768x656.jpg 768w, https:\/\/ainavalles.com\/wp-content\/uploads\/2024\/08\/mk-s-WXhBCm3qbsQ-unsplash-1536x1311.jpg 1536w, https:\/\/ainavalles.com\/wp-content\/uploads\/2024\/08\/mk-s-WXhBCm3qbsQ-unsplash-2048x1748.jpg 2048w\" sizes=\"(max-width: 1640px) 100vw, 1640px\" \/><\/figure>\n\n\n\n<ul class=\"wp-block-list\">\n<li><strong>Abgestimmte Farbpalett<\/strong>e: Eine einheitliche Farbpalette ist in offenen Raumkonzepten entscheidend, um visuelle Harmonie zu bewahren. Neutrale T\u00f6ne oder eine Auswahl komplement\u00e4rer Farben k\u00f6nnen verschiedene Bereiche verbinden, w\u00e4hrend Farbakzente im Wohnzimmer Pers\u00f6nlichkeit und W\u00e4rme hinzuf\u00fcgen, ohne die Koh\u00e4renz zu st\u00f6ren.<\/li>\n\n\n\n<li><strong>Materialien und Texturen<\/strong>: Die Wahl der Materialien und Texturen ist ausschlaggebend f\u00fcr ein einladendes und stimmiges Ambiente. Die Kombination von Holz, weichen Textilien und glatten Oberfl\u00e4chen sorgt f\u00fcr W\u00e4rme und Komfort. Werden bestimmte Materialien wie Holz in M\u00f6beln oder Marmor auf Oberfl\u00e4chen im Wohnzimmer, Esszimmer und der K\u00fcche wiederholt, st\u00e4rkt das die Einheitlichkeit des Raumes.<\/li>\n<\/ul>\n\n\n\n<p><strong>Funktionalit\u00e4t und Komfort:<\/strong><\/p>\n\n\n\n<figure class=\"wp-block-image size-full\"><img decoding=\"async\" width=\"935\" height=\"1400\" src=\"https:\/\/ainavalles.com\/wp-content\/uploads\/2024\/08\/pexels-element-digital-1125136-scaled.jpg\" alt=\"\" class=\"wp-image-1611\" srcset=\"https:\/\/ainavalles.com\/wp-content\/uploads\/2024\/08\/pexels-element-digital-1125136-scaled.jpg 935w, https:\/\/ainavalles.com\/wp-content\/uploads\/2024\/08\/pexels-element-digital-1125136-768x1151.jpg 768w, https:\/\/ainavalles.com\/wp-content\/uploads\/2024\/08\/pexels-element-digital-1125136-1025x1536.jpg 1025w, https:\/\/ainavalles.com\/wp-content\/uploads\/2024\/08\/pexels-element-digital-1125136-1367x2048.jpg 1367w\" sizes=\"(max-width: 935px) 100vw, 935px\" \/><\/figure>\n\n\n\n<p>Angemessene Beleuchtung:<\/p>\n\n\n\n<ul class=\"wp-block-list\">\n<li><strong>Beleuchtungsebenen:<\/strong> Die Beleuchtung in einem offenen Raum sollte vielseitig sein, um verschiedenen Aktivit\u00e4ten gerecht zu werden. Es ist ratsam, Allgemeinbeleuchtung wie Decken- oder Einbaustrahler mit gezielter Beleuchtung an bestimmten Stellen, zum Beispiel Leselampen am Sofa, sowie mit stimmungsvoller Beleuchtung f\u00fcr eine gem\u00fctliche Atmosph\u00e4re am Abend zu kombinieren. Beleuchtung kann au\u00dferdem genutzt werden, um dekorative Elemente hervorzuheben und die Architektur des Raumes zu betonen.<\/li>\n\n\n\n<li><strong>Nat\u00fcrliches Licht:<\/strong> Das optimale Nutzen von Tageslicht ist in offenen R\u00e4umen entscheidend. Gro\u00dfe Fenster, Glast\u00fcren oder Dachfenster k\u00f6nnen das Wohnzimmer mit nat\u00fcrlichem Licht durchfluten und so den Raum gr\u00f6\u00dfer und luftiger wirken lassen. Leichte Vorh\u00e4nge oder verstellbare Jalousien erm\u00f6glichen es, das Licht zu regulieren und Privatsph\u00e4re zu wahren, ohne dabei auf Helligkeit zu verzichten.<\/li>\n<\/ul>\n\n\n\n<p><strong>Verbindung zur Au\u00dfenwelt:<\/strong><\/p>\n\n\n\n<ul class=\"wp-block-list\">\n<li><strong>Sanfter \u00dcbergang<\/strong>: Wenn das Wohnzimmer direkten Zugang zum Au\u00dfenbereich hat, wie zu einer Terrasse oder einem Garten, ist es wichtig, dass das Design einen nahtlosen \u00dcbergang zwischen Innen- und Au\u00dfenbereich erm\u00f6glicht. Schiebet\u00fcren aus Glas, ein Bodenbelag, der sich nach drau\u00dfen fortsetzt, oder Gartenm\u00f6bel, die den Innenstil erg\u00e4nzen, k\u00f6nnen den Raum noch gro\u00dfz\u00fcgiger wirken lassen und die Verbindung zur Natur st\u00e4rken.<\/li>\n<\/ul>\n\n\n\n<figure class=\"wp-block-image size-full\"><img loading=\"lazy\" decoding=\"async\" width=\"1920\" height=\"1222\" src=\"https:\/\/ainavalles.com\/wp-content\/uploads\/2024\/08\/pexels-ben-mack-6775268-1-scaled.jpg\" alt=\"\" class=\"wp-image-1620\" srcset=\"https:\/\/ainavalles.com\/wp-content\/uploads\/2024\/08\/pexels-ben-mack-6775268-1-scaled.jpg 1920w, https:\/\/ainavalles.com\/wp-content\/uploads\/2024\/08\/pexels-ben-mack-6775268-1-768x489.jpg 768w, https:\/\/ainavalles.com\/wp-content\/uploads\/2024\/08\/pexels-ben-mack-6775268-1-1536x977.jpg 1536w, https:\/\/ainavalles.com\/wp-content\/uploads\/2024\/08\/pexels-ben-mack-6775268-1-2048x1303.jpg 2048w\" sizes=\"(max-width: 1920px) 100vw, 1920px\" \/><\/figure>\n\n\n\n<p>Das Wohnzimmerdesign, insbesondere in offenen Raumkonzepten, erfordert eine sorgf\u00e4ltige Planung, um eine Balance zwischen Funktionalit\u00e4t, Komfort und Stil zu erreichen. Jedes Element \u2013 von der M\u00f6belanordnung bis zur Wahl der Farben und Materialien \u2013 spielt eine entscheidende Rolle dabei, eine einladende und stimmige Umgebung zu schaffen.<\/p>\n\n\n\n<p>In einem Zuhause, in dem Wohnzimmer, Esszimmer und K\u00fcche miteinander verbunden sind, ist es essenziell, dass diese Bereiche harmonisch zusammenwirken und ein Gesamtbild ergeben, das den Lebensstil und die Bed\u00fcrfnisse der Bewohner widerspiegelt.<\/p>\n\n\n\n<p><strong>Denke daran<\/strong>: Ein gut gestaltetes Wohnzimmer ist mehr als nur ein Ort zum Entspannen \u2013 es ist das Herz des Zuhauses.<\/p>\n\n\n\n<p><\/p>\n","protected":false},"excerpt":{"rendered":"<p>Das Wohnzimmer ist das Zentrum jedes Zuhauses. Hier trifft sich die Familie, hier werden G\u00e4ste empfangen, und hier wird entspannt und unterhalten. Wenn das Wohnzimmer mit Esszimmer und K\u00fcche verbunden ist, gewinnt das Design noch mehr Bedeutung, da es mit dem \u00fcbrigen Raum harmonieren und gleichzeitig seine Hauptfunktion erf\u00fcllen muss: ein komfortabler und einladender Ort [&hellip;]<\/p>\n","protected":false},"author":2,"featured_media":3389,"comment_status":"closed","ping_status":"closed","sticky":false,"template":"","format":"standard","meta":{"_acf_changed":false,"footnotes":""},"categories":[25],"tags":[],"class_list":["post-3387","post","type-post","status-publish","format-standard","has-post-thumbnail","hentry","category-sin-categorizar-3"],"acf":[],"yoast_head":"<!-- This site is optimized with the Yoast SEO plugin v26.8 - https:\/\/yoast.com\/product\/yoast-seo-wordpress\/ -->\n<title>Das Wohnzimmer: Das Herz des Zuhauses, besonders in offenen Raumkonzepten - Aina Vall\u00e8s<\/title>\n<meta name=\"robots\" content=\"index, follow, max-snippet:-1, max-image-preview:large, max-video-preview:-1\" \/>\n<link rel=\"canonical\" href=\"https:\/\/ainavalles.com\/de\/la-sala-de-estar-el-corazon-del-hogar-especialmente-en-espacios-abiertos\/\" \/>\n<meta property=\"og:locale\" content=\"de_DE\" \/>\n<meta property=\"og:type\" content=\"article\" \/>\n<meta property=\"og:title\" content=\"Das Wohnzimmer: Das Herz des Zuhauses, besonders in offenen Raumkonzepten - Aina Vall\u00e8s\" \/>\n<meta property=\"og:description\" content=\"Das Wohnzimmer ist das Zentrum jedes Zuhauses. Hier trifft sich die Familie, hier werden G\u00e4ste empfangen, und hier wird entspannt und unterhalten. Wenn das Wohnzimmer mit Esszimmer und K\u00fcche verbunden ist, gewinnt das Design noch mehr Bedeutung, da es mit dem \u00fcbrigen Raum harmonieren und gleichzeitig seine Hauptfunktion erf\u00fcllen muss: ein komfortabler und einladender Ort [&hellip;]\" \/>\n<meta property=\"og:url\" content=\"https:\/\/ainavalles.com\/de\/la-sala-de-estar-el-corazon-del-hogar-especialmente-en-espacios-abiertos\/\" \/>\n<meta property=\"og:site_name\" content=\"Aina Vall\u00e8s\" \/>\n<meta property=\"article:publisher\" content=\"https:\/\/www.facebook.com\/people\/Aina-Valls\/100090582199736\/\" \/>\n<meta property=\"article:published_time\" content=\"2024-08-23T10:22:22+00:00\" \/>\n<meta property=\"article:modified_time\" content=\"2025-06-18T10:41:39+00:00\" \/>\n<meta property=\"og:image\" content=\"https:\/\/ainavalles.com\/wp-content\/uploads\/2024\/08\/pexels-home-decor-interiors-1827054-scaled.jpg\" \/>\n\t<meta property=\"og:image:width\" content=\"2560\" \/>\n\t<meta property=\"og:image:height\" content=\"1707\" \/>\n\t<meta property=\"og:image:type\" content=\"image\/jpeg\" \/>\n<meta name=\"author\" content=\"Aina Vall\u00e9s\" \/>\n<meta name=\"twitter:card\" content=\"summary_large_image\" \/>\n<meta name=\"twitter:label1\" content=\"Verfasst von\" \/>\n\t<meta name=\"twitter:data1\" content=\"Aina Vall\u00e9s\" \/>\n\t<meta name=\"twitter:label2\" content=\"Gesch\u00e4tzte Lesezeit\" \/>\n\t<meta name=\"twitter:data2\" content=\"4\u00a0Minuten\" \/>\n<script type=\"application\/ld+json\" class=\"yoast-schema-graph\">{\"@context\":\"https:\/\/schema.org\",\"@graph\":[{\"@type\":\"Article\",\"@id\":\"https:\/\/ainavalles.com\/de\/la-sala-de-estar-el-corazon-del-hogar-especialmente-en-espacios-abiertos\/#article\",\"isPartOf\":{\"@id\":\"https:\/\/ainavalles.com\/de\/la-sala-de-estar-el-corazon-del-hogar-especialmente-en-espacios-abiertos\/\"},\"author\":{\"name\":\"Aina Vall\u00e9s\",\"@id\":\"https:\/\/ainavalles.com\/#\/schema\/person\/66806b4f2c1fbd143b75d1a0b0cfee0b\"},\"headline\":\"Das Wohnzimmer: Das Herz des Zuhauses, besonders in offenen Raumkonzepten\",\"datePublished\":\"2024-08-23T10:22:22+00:00\",\"dateModified\":\"2025-06-18T10:41:39+00:00\",\"mainEntityOfPage\":{\"@id\":\"https:\/\/ainavalles.com\/de\/la-sala-de-estar-el-corazon-del-hogar-especialmente-en-espacios-abiertos\/\"},\"wordCount\":631,\"publisher\":{\"@id\":\"https:\/\/ainavalles.com\/#organization\"},\"image\":{\"@id\":\"https:\/\/ainavalles.com\/de\/la-sala-de-estar-el-corazon-del-hogar-especialmente-en-espacios-abiertos\/#primaryimage\"},\"thumbnailUrl\":\"https:\/\/ainavalles.com\/wp-content\/uploads\/2024\/08\/pexels-home-decor-interiors-1827054-scaled.jpg\",\"articleSection\":[\"Sin categorizar\"],\"inLanguage\":\"de\"},{\"@type\":\"WebPage\",\"@id\":\"https:\/\/ainavalles.com\/de\/la-sala-de-estar-el-corazon-del-hogar-especialmente-en-espacios-abiertos\/\",\"url\":\"https:\/\/ainavalles.com\/de\/la-sala-de-estar-el-corazon-del-hogar-especialmente-en-espacios-abiertos\/\",\"name\":\"Das Wohnzimmer: Das Herz des Zuhauses, besonders in offenen Raumkonzepten - Aina Vall\u00e8s\",\"isPartOf\":{\"@id\":\"https:\/\/ainavalles.com\/#website\"},\"primaryImageOfPage\":{\"@id\":\"https:\/\/ainavalles.com\/de\/la-sala-de-estar-el-corazon-del-hogar-especialmente-en-espacios-abiertos\/#primaryimage\"},\"image\":{\"@id\":\"https:\/\/ainavalles.com\/de\/la-sala-de-estar-el-corazon-del-hogar-especialmente-en-espacios-abiertos\/#primaryimage\"},\"thumbnailUrl\":\"https:\/\/ainavalles.com\/wp-content\/uploads\/2024\/08\/pexels-home-decor-interiors-1827054-scaled.jpg\",\"datePublished\":\"2024-08-23T10:22:22+00:00\",\"dateModified\":\"2025-06-18T10:41:39+00:00\",\"breadcrumb\":{\"@id\":\"https:\/\/ainavalles.com\/de\/la-sala-de-estar-el-corazon-del-hogar-especialmente-en-espacios-abiertos\/#breadcrumb\"},\"inLanguage\":\"de\",\"potentialAction\":[{\"@type\":\"ReadAction\",\"target\":[\"https:\/\/ainavalles.com\/de\/la-sala-de-estar-el-corazon-del-hogar-especialmente-en-espacios-abiertos\/\"]}]},{\"@type\":\"ImageObject\",\"inLanguage\":\"de\",\"@id\":\"https:\/\/ainavalles.com\/de\/la-sala-de-estar-el-corazon-del-hogar-especialmente-en-espacios-abiertos\/#primaryimage\",\"url\":\"https:\/\/ainavalles.com\/wp-content\/uploads\/2024\/08\/pexels-home-decor-interiors-1827054-scaled.jpg\",\"contentUrl\":\"https:\/\/ainavalles.com\/wp-content\/uploads\/2024\/08\/pexels-home-decor-interiors-1827054-scaled.jpg\",\"width\":2560,\"height\":1707},{\"@type\":\"BreadcrumbList\",\"@id\":\"https:\/\/ainavalles.com\/de\/la-sala-de-estar-el-corazon-del-hogar-especialmente-en-espacios-abiertos\/#breadcrumb\",\"itemListElement\":[{\"@type\":\"ListItem\",\"position\":1,\"name\":\"Portada\",\"item\":\"https:\/\/ainavalles.com\/de\/\"},{\"@type\":\"ListItem\",\"position\":2,\"name\":\"Das Wohnzimmer: Das Herz des Zuhauses, besonders in offenen Raumkonzepten\"}]},{\"@type\":\"WebSite\",\"@id\":\"https:\/\/ainavalles.com\/#website\",\"url\":\"https:\/\/ainavalles.com\/\",\"name\":\"Aina Vall\u00e8s\",\"description\":\"Interiorismo en Mallorca\",\"publisher\":{\"@id\":\"https:\/\/ainavalles.com\/#organization\"},\"potentialAction\":[{\"@type\":\"SearchAction\",\"target\":{\"@type\":\"EntryPoint\",\"urlTemplate\":\"https:\/\/ainavalles.com\/?s={search_term_string}\"},\"query-input\":{\"@type\":\"PropertyValueSpecification\",\"valueRequired\":true,\"valueName\":\"search_term_string\"}}],\"inLanguage\":\"de\"},{\"@type\":\"Organization\",\"@id\":\"https:\/\/ainavalles.com\/#organization\",\"name\":\"Aina Vall\u00e8s\",\"url\":\"https:\/\/ainavalles.com\/\",\"logo\":{\"@type\":\"ImageObject\",\"inLanguage\":\"de\",\"@id\":\"https:\/\/ainavalles.com\/#\/schema\/logo\/image\/\",\"url\":\"https:\/\/ainavalles.com\/wp-content\/uploads\/2023\/09\/logo.svg\",\"contentUrl\":\"https:\/\/ainavalles.com\/wp-content\/uploads\/2023\/09\/logo.svg\",\"width\":300,\"height\":244,\"caption\":\"Aina Vall\u00e8s\"},\"image\":{\"@id\":\"https:\/\/ainavalles.com\/#\/schema\/logo\/image\/\"},\"sameAs\":[\"https:\/\/www.facebook.com\/people\/Aina-Valls\/100090582199736\/\",\"https:\/\/www.instagram.com\/aina_valles\/\"]},{\"@type\":\"Person\",\"@id\":\"https:\/\/ainavalles.com\/#\/schema\/person\/66806b4f2c1fbd143b75d1a0b0cfee0b\",\"name\":\"Aina Vall\u00e9s\",\"sameAs\":[\"https:\/\/ainavalles.com\"]}]}<\/script>\n<!-- \/ Yoast SEO plugin. -->","yoast_head_json":{"title":"Das Wohnzimmer: Das Herz des Zuhauses, besonders in offenen Raumkonzepten - Aina Vall\u00e8s","robots":{"index":"index","follow":"follow","max-snippet":"max-snippet:-1","max-image-preview":"max-image-preview:large","max-video-preview":"max-video-preview:-1"},"canonical":"https:\/\/ainavalles.com\/de\/la-sala-de-estar-el-corazon-del-hogar-especialmente-en-espacios-abiertos\/","og_locale":"de_DE","og_type":"article","og_title":"Das Wohnzimmer: Das Herz des Zuhauses, besonders in offenen Raumkonzepten - Aina Vall\u00e8s","og_description":"Das Wohnzimmer ist das Zentrum jedes Zuhauses. Hier trifft sich die Familie, hier werden G\u00e4ste empfangen, und hier wird entspannt und unterhalten. Wenn das Wohnzimmer mit Esszimmer und K\u00fcche verbunden ist, gewinnt das Design noch mehr Bedeutung, da es mit dem \u00fcbrigen Raum harmonieren und gleichzeitig seine Hauptfunktion erf\u00fcllen muss: ein komfortabler und einladender Ort [&hellip;]","og_url":"https:\/\/ainavalles.com\/de\/la-sala-de-estar-el-corazon-del-hogar-especialmente-en-espacios-abiertos\/","og_site_name":"Aina Vall\u00e8s","article_publisher":"https:\/\/www.facebook.com\/people\/Aina-Valls\/100090582199736\/","article_published_time":"2024-08-23T10:22:22+00:00","article_modified_time":"2025-06-18T10:41:39+00:00","og_image":[{"width":2560,"height":1707,"url":"https:\/\/ainavalles.com\/wp-content\/uploads\/2024\/08\/pexels-home-decor-interiors-1827054-scaled.jpg","type":"image\/jpeg"}],"author":"Aina Vall\u00e9s","twitter_card":"summary_large_image","twitter_misc":{"Verfasst von":"Aina Vall\u00e9s","Gesch\u00e4tzte Lesezeit":"4\u00a0Minuten"},"schema":{"@context":"https:\/\/schema.org","@graph":[{"@type":"Article","@id":"https:\/\/ainavalles.com\/de\/la-sala-de-estar-el-corazon-del-hogar-especialmente-en-espacios-abiertos\/#article","isPartOf":{"@id":"https:\/\/ainavalles.com\/de\/la-sala-de-estar-el-corazon-del-hogar-especialmente-en-espacios-abiertos\/"},"author":{"name":"Aina Vall\u00e9s","@id":"https:\/\/ainavalles.com\/#\/schema\/person\/66806b4f2c1fbd143b75d1a0b0cfee0b"},"headline":"Das Wohnzimmer: Das Herz des Zuhauses, besonders in offenen Raumkonzepten","datePublished":"2024-08-23T10:22:22+00:00","dateModified":"2025-06-18T10:41:39+00:00","mainEntityOfPage":{"@id":"https:\/\/ainavalles.com\/de\/la-sala-de-estar-el-corazon-del-hogar-especialmente-en-espacios-abiertos\/"},"wordCount":631,"publisher":{"@id":"https:\/\/ainavalles.com\/#organization"},"image":{"@id":"https:\/\/ainavalles.com\/de\/la-sala-de-estar-el-corazon-del-hogar-especialmente-en-espacios-abiertos\/#primaryimage"},"thumbnailUrl":"https:\/\/ainavalles.com\/wp-content\/uploads\/2024\/08\/pexels-home-decor-interiors-1827054-scaled.jpg","articleSection":["Sin categorizar"],"inLanguage":"de"},{"@type":"WebPage","@id":"https:\/\/ainavalles.com\/de\/la-sala-de-estar-el-corazon-del-hogar-especialmente-en-espacios-abiertos\/","url":"https:\/\/ainavalles.com\/de\/la-sala-de-estar-el-corazon-del-hogar-especialmente-en-espacios-abiertos\/","name":"Das Wohnzimmer: Das Herz des Zuhauses, besonders in offenen Raumkonzepten - Aina Vall\u00e8s","isPartOf":{"@id":"https:\/\/ainavalles.com\/#website"},"primaryImageOfPage":{"@id":"https:\/\/ainavalles.com\/de\/la-sala-de-estar-el-corazon-del-hogar-especialmente-en-espacios-abiertos\/#primaryimage"},"image":{"@id":"https:\/\/ainavalles.com\/de\/la-sala-de-estar-el-corazon-del-hogar-especialmente-en-espacios-abiertos\/#primaryimage"},"thumbnailUrl":"https:\/\/ainavalles.com\/wp-content\/uploads\/2024\/08\/pexels-home-decor-interiors-1827054-scaled.jpg","datePublished":"2024-08-23T10:22:22+00:00","dateModified":"2025-06-18T10:41:39+00:00","breadcrumb":{"@id":"https:\/\/ainavalles.com\/de\/la-sala-de-estar-el-corazon-del-hogar-especialmente-en-espacios-abiertos\/#breadcrumb"},"inLanguage":"de","potentialAction":[{"@type":"ReadAction","target":["https:\/\/ainavalles.com\/de\/la-sala-de-estar-el-corazon-del-hogar-especialmente-en-espacios-abiertos\/"]}]},{"@type":"ImageObject","inLanguage":"de","@id":"https:\/\/ainavalles.com\/de\/la-sala-de-estar-el-corazon-del-hogar-especialmente-en-espacios-abiertos\/#primaryimage","url":"https:\/\/ainavalles.com\/wp-content\/uploads\/2024\/08\/pexels-home-decor-interiors-1827054-scaled.jpg","contentUrl":"https:\/\/ainavalles.com\/wp-content\/uploads\/2024\/08\/pexels-home-decor-interiors-1827054-scaled.jpg","width":2560,"height":1707},{"@type":"BreadcrumbList","@id":"https:\/\/ainavalles.com\/de\/la-sala-de-estar-el-corazon-del-hogar-especialmente-en-espacios-abiertos\/#breadcrumb","itemListElement":[{"@type":"ListItem","position":1,"name":"Portada","item":"https:\/\/ainavalles.com\/de\/"},{"@type":"ListItem","position":2,"name":"Das Wohnzimmer: Das Herz des Zuhauses, besonders in offenen Raumkonzepten"}]},{"@type":"WebSite","@id":"https:\/\/ainavalles.com\/#website","url":"https:\/\/ainavalles.com\/","name":"Aina Vall\u00e8s","description":"Interiorismo en Mallorca","publisher":{"@id":"https:\/\/ainavalles.com\/#organization"},"potentialAction":[{"@type":"SearchAction","target":{"@type":"EntryPoint","urlTemplate":"https:\/\/ainavalles.com\/?s={search_term_string}"},"query-input":{"@type":"PropertyValueSpecification","valueRequired":true,"valueName":"search_term_string"}}],"inLanguage":"de"},{"@type":"Organization","@id":"https:\/\/ainavalles.com\/#organization","name":"Aina Vall\u00e8s","url":"https:\/\/ainavalles.com\/","logo":{"@type":"ImageObject","inLanguage":"de","@id":"https:\/\/ainavalles.com\/#\/schema\/logo\/image\/","url":"https:\/\/ainavalles.com\/wp-content\/uploads\/2023\/09\/logo.svg","contentUrl":"https:\/\/ainavalles.com\/wp-content\/uploads\/2023\/09\/logo.svg","width":300,"height":244,"caption":"Aina Vall\u00e8s"},"image":{"@id":"https:\/\/ainavalles.com\/#\/schema\/logo\/image\/"},"sameAs":["https:\/\/www.facebook.com\/people\/Aina-Valls\/100090582199736\/","https:\/\/www.instagram.com\/aina_valles\/"]},{"@type":"Person","@id":"https:\/\/ainavalles.com\/#\/schema\/person\/66806b4f2c1fbd143b75d1a0b0cfee0b","name":"Aina Vall\u00e9s","sameAs":["https:\/\/ainavalles.com"]}]}},"_links":{"self":[{"href":"https:\/\/ainavalles.com\/de\/wp-json\/wp\/v2\/posts\/3387","targetHints":{"allow":["GET"]}}],"collection":[{"href":"https:\/\/ainavalles.com\/de\/wp-json\/wp\/v2\/posts"}],"about":[{"href":"https:\/\/ainavalles.com\/de\/wp-json\/wp\/v2\/types\/post"}],"author":[{"embeddable":true,"href":"https:\/\/ainavalles.com\/de\/wp-json\/wp\/v2\/users\/2"}],"replies":[{"embeddable":true,"href":"https:\/\/ainavalles.com\/de\/wp-json\/wp\/v2\/comments?post=3387"}],"version-history":[{"count":1,"href":"https:\/\/ainavalles.com\/de\/wp-json\/wp\/v2\/posts\/3387\/revisions"}],"predecessor-version":[{"id":3622,"href":"https:\/\/ainavalles.com\/de\/wp-json\/wp\/v2\/posts\/3387\/revisions\/3622"}],"wp:featuredmedia":[{"embeddable":true,"href":"https:\/\/ainavalles.com\/de\/wp-json\/wp\/v2\/media\/3389"}],"wp:attachment":[{"href":"https:\/\/ainavalles.com\/de\/wp-json\/wp\/v2\/media?parent=3387"}],"wp:term":[{"taxonomy":"category","embeddable":true,"href":"https:\/\/ainavalles.com\/de\/wp-json\/wp\/v2\/categories?post=3387"},{"taxonomy":"post_tag","embeddable":true,"href":"https:\/\/ainavalles.com\/de\/wp-json\/wp\/v2\/tags?post=3387"}],"curies":[{"name":"wp","href":"https:\/\/api.w.org\/{rel}","templated":true}]}}