{"id":3402,"date":"2024-07-18T10:17:51","date_gmt":"2024-07-18T08:17:51","guid":{"rendered":"https:\/\/ainavalles.com\/catalogo-de-materiales-para-mobiliario-en-nuestro-estudio-la-calidad-y-variedad-en-nuestros-proyectos\/"},"modified":"2025-06-19T10:15:08","modified_gmt":"2025-06-19T08:15:08","slug":"catalogo-de-materiales-para-mobiliario-en-nuestro-estudio-la-calidad-y-variedad-en-nuestros-proyectos","status":"publish","type":"post","link":"https:\/\/ainavalles.com\/de\/catalogo-de-materiales-para-mobiliario-en-nuestro-estudio-la-calidad-y-variedad-en-nuestros-proyectos\/","title":{"rendered":"Katalog der M\u00f6belmaterialien in unserem Studio: Qualit\u00e4t und Vielfalt in unseren Projekten"},"content":{"rendered":"\n<p>In unserem Studio <strong>\u201eAina Vall\u00e9s, mobles, espai i ordre\u201c<\/strong> bieten wir unseren Kundinnen und Kunden gerne eine breite Auswahl an hochwertigen Materialien f\u00fcr ihre M\u00f6belprojekte an.<br>Wir wissen, dass die Materialwahl entscheidend ist, um <strong>Langlebigkeit, \u00c4sthetik und Funktionalit\u00e4t<\/strong> zu gew\u00e4hrleisten.<\/p>\n\n\n\n<p>Dieser Katalog wurde erstellt, um einen <strong>detaillierten \u00dcberblick \u00fcber die Materialien<\/strong> zu geben, die wir am h\u00e4ufigsten verwenden \u2013 ideal f\u00fcr Architekt:innen, Bauunternehmen und alle, die unsere Designoptionen besser kennenlernen m\u00f6chten<\/p>\n\n\n\n<figure class=\"wp-block-image size-full\"><img fetchpriority=\"high\" decoding=\"async\" width=\"1920\" height=\"1280\" src=\"https:\/\/ainavalles.com\/wp-content\/uploads\/2024\/07\/AINA-LuciaMartiPhoto-72-scaled.jpg\" alt=\"\" class=\"wp-image-1487\" srcset=\"https:\/\/ainavalles.com\/wp-content\/uploads\/2024\/07\/AINA-LuciaMartiPhoto-72-scaled.jpg 1920w, https:\/\/ainavalles.com\/wp-content\/uploads\/2024\/07\/AINA-LuciaMartiPhoto-72-768x512.jpg 768w, https:\/\/ainavalles.com\/wp-content\/uploads\/2024\/07\/AINA-LuciaMartiPhoto-72-1536x1024.jpg 1536w, https:\/\/ainavalles.com\/wp-content\/uploads\/2024\/07\/AINA-LuciaMartiPhoto-72-2048x1365.jpg 2048w\" sizes=\"(max-width: 1920px) 100vw, 1920px\" \/><\/figure>\n\n\n\n<p><strong>Innenausstattung der M\u00f6bel: Melamin (am h\u00e4ufigsten verwendet)<\/strong><br>Die Innenr\u00e4ume unserer M\u00f6bel bestehen \u00fcberwiegend aus <strong>Melamin<\/strong>, einem vielseitigen und widerstandsf\u00e4higen Material. Wir bieten eine gro\u00dfe Auswahl an Oberfl\u00e4chen \u2013 von glatt bis strukturiert \u2013 einschlie\u00dflich Ausf\u00fchrungen, die Holz oder Stoff nachahmen. Melamin ist eine beliebte Wahl aufgrund seiner <strong>Langlebigkeit und einfachen Pflege<\/strong> und bietet eine praktische sowie \u00e4sthetisch ansprechende L\u00f6sung.<\/p>\n\n\n\n<p><strong>M\u00f6belfronten: verschiedene Optionen (am h\u00e4ufigsten verwendet)<\/strong><br>F\u00fcr die T\u00fcren unserer M\u00f6bel bieten wir verschiedene M\u00f6glichkeiten, um den <strong>individuellen Bed\u00fcrfnissen und dem Geschmack<\/strong> unserer Kundinnen und Kunden gerecht zu werden:<\/p>\n\n\n\n<ul class=\"wp-block-list\">\n<li><strong>Laminat:<\/strong> Laminat ist bekannt f\u00fcr seine Widerstandsf\u00e4higkeit und eignet sich besonders f\u00fcr stark beanspruchte Bereiche, in denen <strong>Robustheit<\/strong> im Vordergrund steht. Die Auswahl an Oberfl\u00e4chen ist begrenzt, aber es ist eine <strong>sehr langlebige Option<\/strong>.<\/li>\n<\/ul>\n\n\n\n<figure class=\"wp-block-image size-full\"><img decoding=\"async\" width=\"1920\" height=\"1280\" src=\"https:\/\/ainavalles.com\/wp-content\/uploads\/2024\/07\/AV-LuciaMartiPhoto-19-scaled.jpg\" alt=\"\" class=\"wp-image-1483\" srcset=\"https:\/\/ainavalles.com\/wp-content\/uploads\/2024\/07\/AV-LuciaMartiPhoto-19-scaled.jpg 1920w, https:\/\/ainavalles.com\/wp-content\/uploads\/2024\/07\/AV-LuciaMartiPhoto-19-768x512.jpg 768w, https:\/\/ainavalles.com\/wp-content\/uploads\/2024\/07\/AV-LuciaMartiPhoto-19-1536x1024.jpg 1536w, https:\/\/ainavalles.com\/wp-content\/uploads\/2024\/07\/AV-LuciaMartiPhoto-19-2048x1365.jpg 2048w\" sizes=\"(max-width: 1920px) 100vw, 1920px\" \/><\/figure>\n\n\n\n<ul class=\"wp-block-list\">\n<li><strong>Lackierung<\/strong>:Wir bieten die M\u00f6glichkeit, M\u00f6bel in <strong>jeder gew\u00fcnschten Farbe zu lackieren<\/strong>, was eine <strong>vollst\u00e4ndige Personalisierung<\/strong> erm\u00f6glicht. So kann der Farbton perfekt an das gew\u00fcnschte Design angepasst werden.<\/li>\n\n\n\n<li><strong>Echtholzfurniere<\/strong>: Wir verwenden haupts\u00e4chlich <strong>Eiche und Nussbaum<\/strong>, die f\u00fcr ihre W\u00e4rme und nat\u00fcrliche Sch\u00f6nheit gesch\u00e4tzt werden. Je nach Wunsch k\u00f6nnen wir Holz mit oder ohne \u00c4ste verarbeiten. Es ist wichtig zu wissen, dass <strong>naturbelassenes Holz<\/strong> \u2013 als nat\u00fcrliches Material \u2013 in <strong>Farbe und Maserung variieren<\/strong> kann<\/li>\n<\/ul>\n\n\n\n<p>Auf Wunsch kann das Holz zus\u00e4tzlich <strong>lackiert werden<\/strong>, um es farblich exakt an den Kundenwunsch anzupassen.<\/p>\n\n\n\n<figure class=\"wp-block-image size-full\"><img decoding=\"async\" width=\"1920\" height=\"1280\" src=\"https:\/\/ainavalles.com\/wp-content\/uploads\/2024\/07\/AINA-LuciaMartiPhoto-2-scaled.jpg\" alt=\"\" class=\"wp-image-1489\" srcset=\"https:\/\/ainavalles.com\/wp-content\/uploads\/2024\/07\/AINA-LuciaMartiPhoto-2-scaled.jpg 1920w, https:\/\/ainavalles.com\/wp-content\/uploads\/2024\/07\/AINA-LuciaMartiPhoto-2-768x512.jpg 768w, https:\/\/ainavalles.com\/wp-content\/uploads\/2024\/07\/AINA-LuciaMartiPhoto-2-1536x1024.jpg 1536w, https:\/\/ainavalles.com\/wp-content\/uploads\/2024\/07\/AINA-LuciaMartiPhoto-2-2048x1365.jpg 2048w\" sizes=\"(max-width: 1920px) 100vw, 1920px\" \/><\/figure>\n\n\n\n<ul class=\"wp-block-list\">\n<li><strong>Massivholz:<\/strong> Wir verwenden <strong>Mehrschichtplatten oder \u00e4hnliche Materialien<\/strong>, um maximale <strong>Qualit\u00e4t und Widerstandsf\u00e4higkeit<\/strong> zu garantieren. Sie sorgen f\u00fcr ein <strong>elegantes und langlebiges Ergebnis<\/strong>.<\/li>\n<\/ul>\n\n\n\n<figure class=\"wp-block-image size-full\"><img loading=\"lazy\" decoding=\"async\" width=\"1920\" height=\"1280\" src=\"https:\/\/ainavalles.com\/wp-content\/uploads\/2024\/07\/AINA-LuciaMartiPhoto-90-scaled.jpg\" alt=\"\" class=\"wp-image-1485\" srcset=\"https:\/\/ainavalles.com\/wp-content\/uploads\/2024\/07\/AINA-LuciaMartiPhoto-90-scaled.jpg 1920w, https:\/\/ainavalles.com\/wp-content\/uploads\/2024\/07\/AINA-LuciaMartiPhoto-90-768x512.jpg 768w, https:\/\/ainavalles.com\/wp-content\/uploads\/2024\/07\/AINA-LuciaMartiPhoto-90-1536x1024.jpg 1536w, https:\/\/ainavalles.com\/wp-content\/uploads\/2024\/07\/AINA-LuciaMartiPhoto-90-2048x1365.jpg 2048w\" sizes=\"(max-width: 1920px) 100vw, 1920px\" \/><\/figure>\n\n\n\n<p><strong>Beschl\u00e4ge: Marke Grass (meiste Optionen)<\/strong><br>Die Beschl\u00e4ge sind entscheidend f\u00fcr die Funktionalit\u00e4t und Langlebigkeit der M\u00f6bel. Bei <strong>Aina Vall\u00e9s<\/strong> verwenden wir Beschl\u00e4ge der Marke <strong>Grass<\/strong>, die f\u00fcr ihre Zuverl\u00e4ssigkeit und ihr innovatives Design bekannt ist. Diese Beschl\u00e4ge garantieren eine <strong>reibungslose und problemlose Nutzung<\/strong> und erg\u00e4nzen die Qualit\u00e4t unserer M\u00f6bel perfekt.<\/p>\n\n\n\n<p><strong>Arbeitsplatten und Verkleidungen: Granite, Marmor und Feinsteinzeug<\/strong><br>F\u00fcr Arbeitsplatten und Verkleidungen bieten wir Materialien, die <strong>Sch\u00f6nheit und Funktionalit\u00e4t<\/strong> vereinen:<\/p>\n\n\n\n<ul class=\"wp-block-list\">\n<li><strong>Granite und Marmore:<\/strong> Bekannt f\u00fcr ihre <strong>nat\u00fcrliche Eleganz<\/strong> und <strong>Langlebigkeit<\/strong>.<\/li>\n\n\n\n<li><strong>Feinsteinzeug:<\/strong> Unsere beliebteste Wahl dank ihrer <strong>hohen Widerstandsf\u00e4higkeit<\/strong> und der gro\u00dfen Vielfalt an Oberfl\u00e4chen. Feinsteinzeug bietet eine <strong>robuste, flecken- und kratzfeste Oberfl\u00e4che<\/strong>, ideal f\u00fcr jede K\u00fcche.<\/li>\n<\/ul>\n\n\n\n<figure class=\"wp-block-image size-full\"><img loading=\"lazy\" decoding=\"async\" width=\"1920\" height=\"1280\" src=\"https:\/\/ainavalles.com\/wp-content\/uploads\/2024\/07\/AV-LuciaMartiPhoto-27-scaled.jpg\" alt=\"\" class=\"wp-image-1477\" srcset=\"https:\/\/ainavalles.com\/wp-content\/uploads\/2024\/07\/AV-LuciaMartiPhoto-27-scaled.jpg 1920w, https:\/\/ainavalles.com\/wp-content\/uploads\/2024\/07\/AV-LuciaMartiPhoto-27-768x512.jpg 768w, https:\/\/ainavalles.com\/wp-content\/uploads\/2024\/07\/AV-LuciaMartiPhoto-27-1536x1024.jpg 1536w, https:\/\/ainavalles.com\/wp-content\/uploads\/2024\/07\/AV-LuciaMartiPhoto-27-2048x1365.jpg 2048w\" sizes=\"(max-width: 1920px) 100vw, 1920px\" \/><\/figure>\n\n\n\n<figure class=\"wp-block-image size-full\"><img loading=\"lazy\" decoding=\"async\" width=\"1920\" height=\"1280\" src=\"https:\/\/ainavalles.com\/wp-content\/uploads\/2024\/07\/AV-LuciaMartiPhoto-51-scaled.jpg\" alt=\"\" class=\"wp-image-1479\" srcset=\"https:\/\/ainavalles.com\/wp-content\/uploads\/2024\/07\/AV-LuciaMartiPhoto-51-scaled.jpg 1920w, https:\/\/ainavalles.com\/wp-content\/uploads\/2024\/07\/AV-LuciaMartiPhoto-51-768x512.jpg 768w, https:\/\/ainavalles.com\/wp-content\/uploads\/2024\/07\/AV-LuciaMartiPhoto-51-1536x1024.jpg 1536w, https:\/\/ainavalles.com\/wp-content\/uploads\/2024\/07\/AV-LuciaMartiPhoto-51-2048x1365.jpg 2048w\" sizes=\"(max-width: 1920px) 100vw, 1920px\" \/><\/figure>\n\n\n\n<p><strong>Griffe: Marke Viefe und Sonderanfertigungen<\/strong><\/p>\n\n\n\n<p>Griffe sind das <strong>letzte Detail<\/strong>, das ein M\u00f6belst\u00fcck komplett ver\u00e4ndern kann.<br>Wir verwenden in der Regel <strong>Griffe der Marke Viefe<\/strong>, bekannt f\u00fcr ihr modernes Design und ihre Funktionalit\u00e4t.<br>Auf Wunsch bieten wir auch eine <strong>gro\u00dfe Auswahl anderer Marken<\/strong> und <strong>ma\u00dfgeschneiderte Optionen<\/strong>, um die <strong>individuellen Bed\u00fcrfnisse<\/strong> jeder Kundin und jedes Kunden zu erf\u00fcllen.<\/p>\n\n\n\n<figure class=\"wp-block-image size-full\"><img loading=\"lazy\" decoding=\"async\" width=\"1920\" height=\"1280\" src=\"https:\/\/ainavalles.com\/wp-content\/uploads\/2024\/07\/AINA-LuciaMartiPhoto-3-scaled.jpg\" alt=\"\" class=\"wp-image-1481\" srcset=\"https:\/\/ainavalles.com\/wp-content\/uploads\/2024\/07\/AINA-LuciaMartiPhoto-3-scaled.jpg 1920w, https:\/\/ainavalles.com\/wp-content\/uploads\/2024\/07\/AINA-LuciaMartiPhoto-3-768x512.jpg 768w, https:\/\/ainavalles.com\/wp-content\/uploads\/2024\/07\/AINA-LuciaMartiPhoto-3-1536x1024.jpg 1536w, https:\/\/ainavalles.com\/wp-content\/uploads\/2024\/07\/AINA-LuciaMartiPhoto-3-2048x1365.jpg 2048w\" sizes=\"(max-width: 1920px) 100vw, 1920px\" \/><\/figure>\n\n\n\n<figure class=\"wp-block-image size-full\"><img loading=\"lazy\" decoding=\"async\" width=\"1920\" height=\"1280\" src=\"https:\/\/ainavalles.com\/wp-content\/uploads\/2024\/07\/AV-LuciaMartiPhoto-108-scaled.jpg\" alt=\"\" class=\"wp-image-1493\" srcset=\"https:\/\/ainavalles.com\/wp-content\/uploads\/2024\/07\/AV-LuciaMartiPhoto-108-scaled.jpg 1920w, https:\/\/ainavalles.com\/wp-content\/uploads\/2024\/07\/AV-LuciaMartiPhoto-108-768x512.jpg 768w, https:\/\/ainavalles.com\/wp-content\/uploads\/2024\/07\/AV-LuciaMartiPhoto-108-1536x1024.jpg 1536w, https:\/\/ainavalles.com\/wp-content\/uploads\/2024\/07\/AV-LuciaMartiPhoto-108-2048x1365.jpg 2048w\" sizes=\"(max-width: 1920px) 100vw, 1920px\" \/><\/figure>\n\n\n\n<p>Bei <strong>Aina Vall\u00e9s<\/strong> setzen wir auf <strong>Qualit\u00e4t und Individualisierung<\/strong> in jedem M\u00f6belprojekt.<br>Wir wissen, dass <strong>jede Kundin und jeder Kunde einzigartig<\/strong> ist \u2013 deshalb bieten wir eine <strong>gro\u00dfe Auswahl an Materialien und Oberfl\u00e4chen<\/strong>, um sicherzustellen, dass jedes Design <strong>perfekt<\/strong> ist.<\/p>\n\n\n\n<figure class=\"wp-block-image size-full\"><img loading=\"lazy\" decoding=\"async\" width=\"1920\" height=\"1280\" src=\"https:\/\/ainavalles.com\/wp-content\/uploads\/2024\/07\/AV-LuciaMartiPhoto-38-scaled.jpg\" alt=\"\" class=\"wp-image-1491\" srcset=\"https:\/\/ainavalles.com\/wp-content\/uploads\/2024\/07\/AV-LuciaMartiPhoto-38-scaled.jpg 1920w, https:\/\/ainavalles.com\/wp-content\/uploads\/2024\/07\/AV-LuciaMartiPhoto-38-768x512.jpg 768w, https:\/\/ainavalles.com\/wp-content\/uploads\/2024\/07\/AV-LuciaMartiPhoto-38-1536x1024.jpg 1536w, https:\/\/ainavalles.com\/wp-content\/uploads\/2024\/07\/AV-LuciaMartiPhoto-38-2048x1365.jpg 2048w\" sizes=\"(max-width: 1920px) 100vw, 1920px\" \/><\/figure>\n\n\n\n<p>Wir k\u00f6nnen <strong>ma\u00dfgeschneiderte Muster anfertigen<\/strong> und <strong>neue Oberfl\u00e4chen erforschen<\/strong>.<\/p>\n\n\n\n<p>Wenn Sie Architekt:in, Bauunternehmer:in sind oder einfach mehr \u00fcber unsere Materialien erfahren m\u00f6chten, laden wir Sie ein, unsere Optionen zu entdecken \u2013 und herauszufinden, wie wir Ihnen helfen k\u00f6nnen, <strong>au\u00dfergew\u00f6hnliche R\u00e4ume zu gestalten<\/strong>.<\/p>\n\n\n\n<p><strong>M\u00f6chten Sie mehr erfahren oder ein Projekt mit uns starten?<\/strong><br>Z\u00f6gern Sie nicht, uns f\u00fcr eine <strong>pers\u00f6nliche Beratung<\/strong> zu kontaktieren.<br>Unser Expertenteam hilft Ihnen gerne dabei, <strong>Ihre Designideen Wirklichkeit werden zu lassen.<\/strong><\/p>\n\n\n\n<p><\/p>\n","protected":false},"excerpt":{"rendered":"<p>In unserem Studio \u201eAina Vall\u00e9s, mobles, espai i ordre\u201c bieten wir unseren Kundinnen und Kunden gerne eine breite Auswahl an hochwertigen Materialien f\u00fcr ihre M\u00f6belprojekte an.Wir wissen, dass die Materialwahl entscheidend ist, um Langlebigkeit, \u00c4sthetik und Funktionalit\u00e4t zu gew\u00e4hrleisten. Dieser Katalog wurde erstellt, um einen detaillierten \u00dcberblick \u00fcber die Materialien zu geben, die wir am [&hellip;]<\/p>\n","protected":false},"author":2,"featured_media":3404,"comment_status":"closed","ping_status":"closed","sticky":false,"template":"","format":"standard","meta":{"_acf_changed":false,"footnotes":""},"categories":[25],"tags":[],"class_list":["post-3402","post","type-post","status-publish","format-standard","has-post-thumbnail","hentry","category-sin-categorizar-3"],"acf":[],"yoast_head":"<!-- This site is optimized with the Yoast SEO plugin v26.8 - https:\/\/yoast.com\/product\/yoast-seo-wordpress\/ -->\n<title>Katalog der M\u00f6belmaterialien in unserem Studio: Qualit\u00e4t und Vielfalt in unseren Projekten - Aina Vall\u00e8s<\/title>\n<meta name=\"robots\" content=\"index, follow, max-snippet:-1, max-image-preview:large, max-video-preview:-1\" \/>\n<link rel=\"canonical\" href=\"https:\/\/ainavalles.com\/de\/catalogo-de-materiales-para-mobiliario-en-nuestro-estudio-la-calidad-y-variedad-en-nuestros-proyectos\/\" \/>\n<meta property=\"og:locale\" content=\"de_DE\" \/>\n<meta property=\"og:type\" content=\"article\" \/>\n<meta property=\"og:title\" content=\"Katalog der M\u00f6belmaterialien in unserem Studio: Qualit\u00e4t und Vielfalt in unseren Projekten - Aina Vall\u00e8s\" \/>\n<meta property=\"og:description\" content=\"In unserem Studio \u201eAina Vall\u00e9s, mobles, espai i ordre\u201c bieten wir unseren Kundinnen und Kunden gerne eine breite Auswahl an hochwertigen Materialien f\u00fcr ihre M\u00f6belprojekte an.Wir wissen, dass die Materialwahl entscheidend ist, um Langlebigkeit, \u00c4sthetik und Funktionalit\u00e4t zu gew\u00e4hrleisten. Dieser Katalog wurde erstellt, um einen detaillierten \u00dcberblick \u00fcber die Materialien zu geben, die wir am [&hellip;]\" \/>\n<meta property=\"og:url\" content=\"https:\/\/ainavalles.com\/de\/catalogo-de-materiales-para-mobiliario-en-nuestro-estudio-la-calidad-y-variedad-en-nuestros-proyectos\/\" \/>\n<meta property=\"og:site_name\" content=\"Aina Vall\u00e8s\" \/>\n<meta property=\"article:publisher\" content=\"https:\/\/www.facebook.com\/people\/Aina-Valls\/100090582199736\/\" \/>\n<meta property=\"article:published_time\" content=\"2024-07-18T08:17:51+00:00\" \/>\n<meta property=\"article:modified_time\" content=\"2025-06-19T08:15:08+00:00\" \/>\n<meta property=\"og:image\" content=\"https:\/\/ainavalles.com\/wp-content\/uploads\/2024\/07\/AINA-LuciaMartiPhoto-72-scaled.jpg\" \/>\n\t<meta property=\"og:image:width\" content=\"2560\" \/>\n\t<meta property=\"og:image:height\" content=\"1707\" \/>\n\t<meta property=\"og:image:type\" content=\"image\/jpeg\" \/>\n<meta name=\"author\" content=\"Aina Vall\u00e9s\" \/>\n<meta name=\"twitter:card\" content=\"summary_large_image\" \/>\n<meta name=\"twitter:label1\" content=\"Verfasst von\" \/>\n\t<meta name=\"twitter:data1\" content=\"Aina Vall\u00e9s\" \/>\n\t<meta name=\"twitter:label2\" content=\"Gesch\u00e4tzte Lesezeit\" \/>\n\t<meta name=\"twitter:data2\" content=\"5\u00a0Minuten\" \/>\n<script type=\"application\/ld+json\" class=\"yoast-schema-graph\">{\"@context\":\"https:\/\/schema.org\",\"@graph\":[{\"@type\":\"Article\",\"@id\":\"https:\/\/ainavalles.com\/de\/catalogo-de-materiales-para-mobiliario-en-nuestro-estudio-la-calidad-y-variedad-en-nuestros-proyectos\/#article\",\"isPartOf\":{\"@id\":\"https:\/\/ainavalles.com\/de\/catalogo-de-materiales-para-mobiliario-en-nuestro-estudio-la-calidad-y-variedad-en-nuestros-proyectos\/\"},\"author\":{\"name\":\"Aina Vall\u00e9s\",\"@id\":\"https:\/\/ainavalles.com\/#\/schema\/person\/66806b4f2c1fbd143b75d1a0b0cfee0b\"},\"headline\":\"Katalog der M\u00f6belmaterialien in unserem Studio: Qualit\u00e4t und Vielfalt in unseren Projekten\",\"datePublished\":\"2024-07-18T08:17:51+00:00\",\"dateModified\":\"2025-06-19T08:15:08+00:00\",\"mainEntityOfPage\":{\"@id\":\"https:\/\/ainavalles.com\/de\/catalogo-de-materiales-para-mobiliario-en-nuestro-estudio-la-calidad-y-variedad-en-nuestros-proyectos\/\"},\"wordCount\":688,\"publisher\":{\"@id\":\"https:\/\/ainavalles.com\/#organization\"},\"image\":{\"@id\":\"https:\/\/ainavalles.com\/de\/catalogo-de-materiales-para-mobiliario-en-nuestro-estudio-la-calidad-y-variedad-en-nuestros-proyectos\/#primaryimage\"},\"thumbnailUrl\":\"https:\/\/ainavalles.com\/wp-content\/uploads\/2024\/07\/AINA-LuciaMartiPhoto-72-scaled.jpg\",\"articleSection\":[\"Sin categorizar\"],\"inLanguage\":\"de\"},{\"@type\":\"WebPage\",\"@id\":\"https:\/\/ainavalles.com\/de\/catalogo-de-materiales-para-mobiliario-en-nuestro-estudio-la-calidad-y-variedad-en-nuestros-proyectos\/\",\"url\":\"https:\/\/ainavalles.com\/de\/catalogo-de-materiales-para-mobiliario-en-nuestro-estudio-la-calidad-y-variedad-en-nuestros-proyectos\/\",\"name\":\"Katalog der M\u00f6belmaterialien in unserem Studio: Qualit\u00e4t und Vielfalt in unseren Projekten - Aina Vall\u00e8s\",\"isPartOf\":{\"@id\":\"https:\/\/ainavalles.com\/#website\"},\"primaryImageOfPage\":{\"@id\":\"https:\/\/ainavalles.com\/de\/catalogo-de-materiales-para-mobiliario-en-nuestro-estudio-la-calidad-y-variedad-en-nuestros-proyectos\/#primaryimage\"},\"image\":{\"@id\":\"https:\/\/ainavalles.com\/de\/catalogo-de-materiales-para-mobiliario-en-nuestro-estudio-la-calidad-y-variedad-en-nuestros-proyectos\/#primaryimage\"},\"thumbnailUrl\":\"https:\/\/ainavalles.com\/wp-content\/uploads\/2024\/07\/AINA-LuciaMartiPhoto-72-scaled.jpg\",\"datePublished\":\"2024-07-18T08:17:51+00:00\",\"dateModified\":\"2025-06-19T08:15:08+00:00\",\"breadcrumb\":{\"@id\":\"https:\/\/ainavalles.com\/de\/catalogo-de-materiales-para-mobiliario-en-nuestro-estudio-la-calidad-y-variedad-en-nuestros-proyectos\/#breadcrumb\"},\"inLanguage\":\"de\",\"potentialAction\":[{\"@type\":\"ReadAction\",\"target\":[\"https:\/\/ainavalles.com\/de\/catalogo-de-materiales-para-mobiliario-en-nuestro-estudio-la-calidad-y-variedad-en-nuestros-proyectos\/\"]}]},{\"@type\":\"ImageObject\",\"inLanguage\":\"de\",\"@id\":\"https:\/\/ainavalles.com\/de\/catalogo-de-materiales-para-mobiliario-en-nuestro-estudio-la-calidad-y-variedad-en-nuestros-proyectos\/#primaryimage\",\"url\":\"https:\/\/ainavalles.com\/wp-content\/uploads\/2024\/07\/AINA-LuciaMartiPhoto-72-scaled.jpg\",\"contentUrl\":\"https:\/\/ainavalles.com\/wp-content\/uploads\/2024\/07\/AINA-LuciaMartiPhoto-72-scaled.jpg\",\"width\":2560,\"height\":1707},{\"@type\":\"BreadcrumbList\",\"@id\":\"https:\/\/ainavalles.com\/de\/catalogo-de-materiales-para-mobiliario-en-nuestro-estudio-la-calidad-y-variedad-en-nuestros-proyectos\/#breadcrumb\",\"itemListElement\":[{\"@type\":\"ListItem\",\"position\":1,\"name\":\"Portada\",\"item\":\"https:\/\/ainavalles.com\/de\/\"},{\"@type\":\"ListItem\",\"position\":2,\"name\":\"Katalog der M\u00f6belmaterialien in unserem Studio: Qualit\u00e4t und Vielfalt in unseren Projekten\"}]},{\"@type\":\"WebSite\",\"@id\":\"https:\/\/ainavalles.com\/#website\",\"url\":\"https:\/\/ainavalles.com\/\",\"name\":\"Aina Vall\u00e8s\",\"description\":\"Interiorismo en Mallorca\",\"publisher\":{\"@id\":\"https:\/\/ainavalles.com\/#organization\"},\"potentialAction\":[{\"@type\":\"SearchAction\",\"target\":{\"@type\":\"EntryPoint\",\"urlTemplate\":\"https:\/\/ainavalles.com\/?s={search_term_string}\"},\"query-input\":{\"@type\":\"PropertyValueSpecification\",\"valueRequired\":true,\"valueName\":\"search_term_string\"}}],\"inLanguage\":\"de\"},{\"@type\":\"Organization\",\"@id\":\"https:\/\/ainavalles.com\/#organization\",\"name\":\"Aina Vall\u00e8s\",\"url\":\"https:\/\/ainavalles.com\/\",\"logo\":{\"@type\":\"ImageObject\",\"inLanguage\":\"de\",\"@id\":\"https:\/\/ainavalles.com\/#\/schema\/logo\/image\/\",\"url\":\"https:\/\/ainavalles.com\/wp-content\/uploads\/2023\/09\/logo.svg\",\"contentUrl\":\"https:\/\/ainavalles.com\/wp-content\/uploads\/2023\/09\/logo.svg\",\"width\":300,\"height\":244,\"caption\":\"Aina Vall\u00e8s\"},\"image\":{\"@id\":\"https:\/\/ainavalles.com\/#\/schema\/logo\/image\/\"},\"sameAs\":[\"https:\/\/www.facebook.com\/people\/Aina-Valls\/100090582199736\/\",\"https:\/\/www.instagram.com\/aina_valles\/\"]},{\"@type\":\"Person\",\"@id\":\"https:\/\/ainavalles.com\/#\/schema\/person\/66806b4f2c1fbd143b75d1a0b0cfee0b\",\"name\":\"Aina Vall\u00e9s\",\"sameAs\":[\"https:\/\/ainavalles.com\"]}]}<\/script>\n<!-- \/ Yoast SEO plugin. -->","yoast_head_json":{"title":"Katalog der M\u00f6belmaterialien in unserem Studio: Qualit\u00e4t und Vielfalt in unseren Projekten - Aina Vall\u00e8s","robots":{"index":"index","follow":"follow","max-snippet":"max-snippet:-1","max-image-preview":"max-image-preview:large","max-video-preview":"max-video-preview:-1"},"canonical":"https:\/\/ainavalles.com\/de\/catalogo-de-materiales-para-mobiliario-en-nuestro-estudio-la-calidad-y-variedad-en-nuestros-proyectos\/","og_locale":"de_DE","og_type":"article","og_title":"Katalog der M\u00f6belmaterialien in unserem Studio: Qualit\u00e4t und Vielfalt in unseren Projekten - Aina Vall\u00e8s","og_description":"In unserem Studio \u201eAina Vall\u00e9s, mobles, espai i ordre\u201c bieten wir unseren Kundinnen und Kunden gerne eine breite Auswahl an hochwertigen Materialien f\u00fcr ihre M\u00f6belprojekte an.Wir wissen, dass die Materialwahl entscheidend ist, um Langlebigkeit, \u00c4sthetik und Funktionalit\u00e4t zu gew\u00e4hrleisten. Dieser Katalog wurde erstellt, um einen detaillierten \u00dcberblick \u00fcber die Materialien zu geben, die wir am [&hellip;]","og_url":"https:\/\/ainavalles.com\/de\/catalogo-de-materiales-para-mobiliario-en-nuestro-estudio-la-calidad-y-variedad-en-nuestros-proyectos\/","og_site_name":"Aina Vall\u00e8s","article_publisher":"https:\/\/www.facebook.com\/people\/Aina-Valls\/100090582199736\/","article_published_time":"2024-07-18T08:17:51+00:00","article_modified_time":"2025-06-19T08:15:08+00:00","og_image":[{"width":2560,"height":1707,"url":"https:\/\/ainavalles.com\/wp-content\/uploads\/2024\/07\/AINA-LuciaMartiPhoto-72-scaled.jpg","type":"image\/jpeg"}],"author":"Aina Vall\u00e9s","twitter_card":"summary_large_image","twitter_misc":{"Verfasst von":"Aina Vall\u00e9s","Gesch\u00e4tzte Lesezeit":"5\u00a0Minuten"},"schema":{"@context":"https:\/\/schema.org","@graph":[{"@type":"Article","@id":"https:\/\/ainavalles.com\/de\/catalogo-de-materiales-para-mobiliario-en-nuestro-estudio-la-calidad-y-variedad-en-nuestros-proyectos\/#article","isPartOf":{"@id":"https:\/\/ainavalles.com\/de\/catalogo-de-materiales-para-mobiliario-en-nuestro-estudio-la-calidad-y-variedad-en-nuestros-proyectos\/"},"author":{"name":"Aina Vall\u00e9s","@id":"https:\/\/ainavalles.com\/#\/schema\/person\/66806b4f2c1fbd143b75d1a0b0cfee0b"},"headline":"Katalog der M\u00f6belmaterialien in unserem Studio: Qualit\u00e4t und Vielfalt in unseren Projekten","datePublished":"2024-07-18T08:17:51+00:00","dateModified":"2025-06-19T08:15:08+00:00","mainEntityOfPage":{"@id":"https:\/\/ainavalles.com\/de\/catalogo-de-materiales-para-mobiliario-en-nuestro-estudio-la-calidad-y-variedad-en-nuestros-proyectos\/"},"wordCount":688,"publisher":{"@id":"https:\/\/ainavalles.com\/#organization"},"image":{"@id":"https:\/\/ainavalles.com\/de\/catalogo-de-materiales-para-mobiliario-en-nuestro-estudio-la-calidad-y-variedad-en-nuestros-proyectos\/#primaryimage"},"thumbnailUrl":"https:\/\/ainavalles.com\/wp-content\/uploads\/2024\/07\/AINA-LuciaMartiPhoto-72-scaled.jpg","articleSection":["Sin categorizar"],"inLanguage":"de"},{"@type":"WebPage","@id":"https:\/\/ainavalles.com\/de\/catalogo-de-materiales-para-mobiliario-en-nuestro-estudio-la-calidad-y-variedad-en-nuestros-proyectos\/","url":"https:\/\/ainavalles.com\/de\/catalogo-de-materiales-para-mobiliario-en-nuestro-estudio-la-calidad-y-variedad-en-nuestros-proyectos\/","name":"Katalog der M\u00f6belmaterialien in unserem Studio: Qualit\u00e4t und Vielfalt in unseren Projekten - Aina Vall\u00e8s","isPartOf":{"@id":"https:\/\/ainavalles.com\/#website"},"primaryImageOfPage":{"@id":"https:\/\/ainavalles.com\/de\/catalogo-de-materiales-para-mobiliario-en-nuestro-estudio-la-calidad-y-variedad-en-nuestros-proyectos\/#primaryimage"},"image":{"@id":"https:\/\/ainavalles.com\/de\/catalogo-de-materiales-para-mobiliario-en-nuestro-estudio-la-calidad-y-variedad-en-nuestros-proyectos\/#primaryimage"},"thumbnailUrl":"https:\/\/ainavalles.com\/wp-content\/uploads\/2024\/07\/AINA-LuciaMartiPhoto-72-scaled.jpg","datePublished":"2024-07-18T08:17:51+00:00","dateModified":"2025-06-19T08:15:08+00:00","breadcrumb":{"@id":"https:\/\/ainavalles.com\/de\/catalogo-de-materiales-para-mobiliario-en-nuestro-estudio-la-calidad-y-variedad-en-nuestros-proyectos\/#breadcrumb"},"inLanguage":"de","potentialAction":[{"@type":"ReadAction","target":["https:\/\/ainavalles.com\/de\/catalogo-de-materiales-para-mobiliario-en-nuestro-estudio-la-calidad-y-variedad-en-nuestros-proyectos\/"]}]},{"@type":"ImageObject","inLanguage":"de","@id":"https:\/\/ainavalles.com\/de\/catalogo-de-materiales-para-mobiliario-en-nuestro-estudio-la-calidad-y-variedad-en-nuestros-proyectos\/#primaryimage","url":"https:\/\/ainavalles.com\/wp-content\/uploads\/2024\/07\/AINA-LuciaMartiPhoto-72-scaled.jpg","contentUrl":"https:\/\/ainavalles.com\/wp-content\/uploads\/2024\/07\/AINA-LuciaMartiPhoto-72-scaled.jpg","width":2560,"height":1707},{"@type":"BreadcrumbList","@id":"https:\/\/ainavalles.com\/de\/catalogo-de-materiales-para-mobiliario-en-nuestro-estudio-la-calidad-y-variedad-en-nuestros-proyectos\/#breadcrumb","itemListElement":[{"@type":"ListItem","position":1,"name":"Portada","item":"https:\/\/ainavalles.com\/de\/"},{"@type":"ListItem","position":2,"name":"Katalog der M\u00f6belmaterialien in unserem Studio: Qualit\u00e4t und Vielfalt in unseren Projekten"}]},{"@type":"WebSite","@id":"https:\/\/ainavalles.com\/#website","url":"https:\/\/ainavalles.com\/","name":"Aina Vall\u00e8s","description":"Interiorismo en Mallorca","publisher":{"@id":"https:\/\/ainavalles.com\/#organization"},"potentialAction":[{"@type":"SearchAction","target":{"@type":"EntryPoint","urlTemplate":"https:\/\/ainavalles.com\/?s={search_term_string}"},"query-input":{"@type":"PropertyValueSpecification","valueRequired":true,"valueName":"search_term_string"}}],"inLanguage":"de"},{"@type":"Organization","@id":"https:\/\/ainavalles.com\/#organization","name":"Aina Vall\u00e8s","url":"https:\/\/ainavalles.com\/","logo":{"@type":"ImageObject","inLanguage":"de","@id":"https:\/\/ainavalles.com\/#\/schema\/logo\/image\/","url":"https:\/\/ainavalles.com\/wp-content\/uploads\/2023\/09\/logo.svg","contentUrl":"https:\/\/ainavalles.com\/wp-content\/uploads\/2023\/09\/logo.svg","width":300,"height":244,"caption":"Aina Vall\u00e8s"},"image":{"@id":"https:\/\/ainavalles.com\/#\/schema\/logo\/image\/"},"sameAs":["https:\/\/www.facebook.com\/people\/Aina-Valls\/100090582199736\/","https:\/\/www.instagram.com\/aina_valles\/"]},{"@type":"Person","@id":"https:\/\/ainavalles.com\/#\/schema\/person\/66806b4f2c1fbd143b75d1a0b0cfee0b","name":"Aina Vall\u00e9s","sameAs":["https:\/\/ainavalles.com"]}]}},"_links":{"self":[{"href":"https:\/\/ainavalles.com\/de\/wp-json\/wp\/v2\/posts\/3402","targetHints":{"allow":["GET"]}}],"collection":[{"href":"https:\/\/ainavalles.com\/de\/wp-json\/wp\/v2\/posts"}],"about":[{"href":"https:\/\/ainavalles.com\/de\/wp-json\/wp\/v2\/types\/post"}],"author":[{"embeddable":true,"href":"https:\/\/ainavalles.com\/de\/wp-json\/wp\/v2\/users\/2"}],"replies":[{"embeddable":true,"href":"https:\/\/ainavalles.com\/de\/wp-json\/wp\/v2\/comments?post=3402"}],"version-history":[{"count":1,"href":"https:\/\/ainavalles.com\/de\/wp-json\/wp\/v2\/posts\/3402\/revisions"}],"predecessor-version":[{"id":3652,"href":"https:\/\/ainavalles.com\/de\/wp-json\/wp\/v2\/posts\/3402\/revisions\/3652"}],"wp:featuredmedia":[{"embeddable":true,"href":"https:\/\/ainavalles.com\/de\/wp-json\/wp\/v2\/media\/3404"}],"wp:attachment":[{"href":"https:\/\/ainavalles.com\/de\/wp-json\/wp\/v2\/media?parent=3402"}],"wp:term":[{"taxonomy":"category","embeddable":true,"href":"https:\/\/ainavalles.com\/de\/wp-json\/wp\/v2\/categories?post=3402"},{"taxonomy":"post_tag","embeddable":true,"href":"https:\/\/ainavalles.com\/de\/wp-json\/wp\/v2\/tags?post=3402"}],"curies":[{"name":"wp","href":"https:\/\/api.w.org\/{rel}","templated":true}]}}