{"id":3405,"date":"2024-07-09T12:08:44","date_gmt":"2024-07-09T10:08:44","guid":{"rendered":"https:\/\/ainavalles.com\/propuesta-de-agenda-visual-para-el-diseno-e-instalacion-de-cocinas\/"},"modified":"2025-06-19T10:22:13","modified_gmt":"2025-06-19T08:22:13","slug":"propuesta-de-agenda-visual-para-el-diseno-e-instalacion-de-cocinas","status":"publish","type":"post","link":"https:\/\/ainavalles.com\/de\/propuesta-de-agenda-visual-para-el-diseno-e-instalacion-de-cocinas\/","title":{"rendered":"Vorgeschlagene visuelle Agenda f\u00fcr K\u00fcchenplanung und -montage"},"content":{"rendered":"\n<p><strong>1. <strong>Planungsphase<\/strong><\/strong><\/p>\n\n\n\n<p><strong>Dauer: 3\u20134 Wochen<\/strong> (abh\u00e4ngig von der Verf\u00fcgbarkeit des Kunden und den bereitgestellten Informationen).<\/p>\n\n\n\n<ul class=\"wp-block-list\">\n<li><strong>Erstes Treffen mit dem Kunden (1\u20132 Tage):<\/strong> Verst\u00e4ndnis der W\u00fcnsche und Bed\u00fcrfnisse des Kunden.<\/li>\n\n\n\n<li><strong>Entwicklung des Vorentwurfs (2 Wochen):<\/strong> Erstellung von ersten Skizzen und Modellen.<\/li>\n\n\n\n<li><strong>Design\u00fcberpr\u00fcfung und Anpassungen (1 Woche):<\/strong> \u00c4nderungen basierend auf dem Feedback des Kunden.<\/li>\n<\/ul>\n\n\n\n<p><strong>2. Freigabephase<\/strong><\/p>\n\n\n\n<p><strong>Dauer: 1\u20132 Wochen<\/strong><br><strong>Aktivit\u00e4ten:<\/strong><\/p>\n\n\n\n<ul class=\"wp-block-list\">\n<li><strong>Pr\u00e4sentation des endg\u00fcltigen Designs (1 Woche)<\/strong>: Dem Kunden das finale Design mit konkreten Details zeigen.<\/li>\n\n\n\n<li><strong>Kundenfreigabe (1 Woche)<\/strong>: Zeit f\u00fcr den Kunden, das Design zu \u00fcberpr\u00fcfen und freizugeben.<\/li>\n\n\n\n<li>Endg\u00fcltiges Aufma\u00df beim Kunden zu Hause.<\/li>\n<\/ul>\n\n\n\n<p><strong>3. <strong>Produktionsphase<\/strong><br>Duration: 8-12 weeks (depending on the material chosen)<\/strong><\/p>\n\n\n\n<p><strong><strong>Aktivit\u00e4ten<\/strong>:<\/strong><\/p>\n\n\n\n<ul class=\"wp-block-list\">\n<li><strong>M\u00f6belproduktion (7 Wochen)<\/strong>: Herstellung der K\u00fcchenm\u00f6bel gem\u00e4\u00df dem freigegebenen Design.<\/li>\n\n\n\n<li><strong>Qualit\u00e4tskontrolle und Vorbereitung (1 Woche)<\/strong>: Sicherstellen, dass alle Komponenten bereit f\u00fcr die Montage sind.<\/li>\n<\/ul>\n\n\n\n<p><strong>4. Montagephase<\/strong><\/p>\n\n\n\n<p><strong>Dauer:<\/strong> 1\u20132 Wochen<\/p>\n\n\n\n<p><strong>Aktivit\u00e4ten:<\/strong><\/p>\n\n\n\n<ul class=\"wp-block-list\">\n<li><strong>Vorbereitung der Baustelle (1\u20132 Tage):<\/strong> Vorbereitung des Raums f\u00fcr die Montage, Transport der M\u00f6bel.<\/li>\n\n\n\n<li><strong>Montage von M\u00f6beln und Ger\u00e4ten (1\u20132 Tage):<\/strong> Aufbau und Einbau der M\u00f6bel und Elektroger\u00e4te.<\/li>\n\n\n\n<li><strong>Endkontrolle und Anpassungen (2\u20133 Tage):<\/strong> Sicherstellen, dass alles perfekt ist, und eventuelle Korrekturen vornehmen.<\/li>\n\n\n\n<li><strong>Arbeitsplattenmontage (10\u201315 Tage):<\/strong> Abh\u00e4ngig vom Material. Einbau beim Kunden: 1 Tag.<\/li>\n<\/ul>\n\n\n\n<p><strong>5. Abschlussphase<\/strong><\/p>\n\n\n\n<p><strong>Dauer:<\/strong> 1 Woche<\/p>\n\n\n\n<p><strong>Aktivit\u00e4ten:<\/strong><\/p>\n\n\n\n<ul class=\"wp-block-list\">\n<li>Treffen mit dem Kunden zur Durchsicht aller Details<\/li>\n\n\n\n<li>\u00dcbergabe der Schlussrechnung und der Garantie f\u00fcr die K\u00fcche<\/li>\n<\/ul>\n\n\n\n<p><strong>Die Zeiten k\u00f6nnen variieren, wenn:<\/strong><\/p>\n\n\n\n<ul class=\"wp-block-list\">\n<li>Feiertage wie Weihnachten oder der August dazwischenfallen<\/li>\n\n\n\n<li>sich die Arbeiten aufgrund \u00e4u\u00dferer Umst\u00e4nde verz\u00f6gern<\/li>\n\n\n\n<li>das vorgeschlagene Design nicht passt und weitere Optionen entworfen werden m\u00fcssen<\/li>\n\n\n\n<li>usw.<\/li>\n<\/ul>\n\n\n\n<figure class=\"wp-block-image size-full\"><img fetchpriority=\"high\" decoding=\"async\" width=\"1024\" height=\"292\" src=\"https:\/\/ainavalles.com\/wp-content\/uploads\/2024\/07\/diagrama-tiempos-cocina-1.jpg\" alt=\"\" class=\"wp-image-1461\" srcset=\"https:\/\/ainavalles.com\/wp-content\/uploads\/2024\/07\/diagrama-tiempos-cocina-1.jpg 1024w, https:\/\/ainavalles.com\/wp-content\/uploads\/2024\/07\/diagrama-tiempos-cocina-1-768x219.jpg 768w\" sizes=\"(max-width: 1024px) 100vw, 1024px\" \/><\/figure>\n\n\n\n<p><\/p>\n","protected":false},"excerpt":{"rendered":"<p>1. Planungsphase Dauer: 3\u20134 Wochen (abh\u00e4ngig von der Verf\u00fcgbarkeit des Kunden und den bereitgestellten Informationen). 2. Freigabephase Dauer: 1\u20132 WochenAktivit\u00e4ten: 3. ProduktionsphaseDuration: 8-12 weeks (depending on the material chosen) Aktivit\u00e4ten: 4. Montagephase Dauer: 1\u20132 Wochen Aktivit\u00e4ten: 5. Abschlussphase Dauer: 1 Woche Aktivit\u00e4ten: Die Zeiten k\u00f6nnen variieren, wenn:<\/p>\n","protected":false},"author":2,"featured_media":3407,"comment_status":"closed","ping_status":"closed","sticky":false,"template":"","format":"standard","meta":{"_acf_changed":false,"footnotes":""},"categories":[25],"tags":[],"class_list":["post-3405","post","type-post","status-publish","format-standard","has-post-thumbnail","hentry","category-sin-categorizar-3"],"acf":[],"yoast_head":"<!-- This site is optimized with the Yoast SEO plugin v26.8 - https:\/\/yoast.com\/product\/yoast-seo-wordpress\/ -->\n<title>Vorgeschlagene visuelle Agenda f\u00fcr K\u00fcchenplanung und -montage - Aina Vall\u00e8s<\/title>\n<meta name=\"robots\" content=\"index, follow, max-snippet:-1, max-image-preview:large, max-video-preview:-1\" \/>\n<link rel=\"canonical\" href=\"https:\/\/ainavalles.com\/de\/propuesta-de-agenda-visual-para-el-diseno-e-instalacion-de-cocinas\/\" \/>\n<meta property=\"og:locale\" content=\"de_DE\" \/>\n<meta property=\"og:type\" content=\"article\" \/>\n<meta property=\"og:title\" content=\"Vorgeschlagene visuelle Agenda f\u00fcr K\u00fcchenplanung und -montage - Aina Vall\u00e8s\" \/>\n<meta property=\"og:description\" content=\"1. Planungsphase Dauer: 3\u20134 Wochen (abh\u00e4ngig von der Verf\u00fcgbarkeit des Kunden und den bereitgestellten Informationen). 2. Freigabephase Dauer: 1\u20132 WochenAktivit\u00e4ten: 3. ProduktionsphaseDuration: 8-12 weeks (depending on the material chosen) Aktivit\u00e4ten: 4. Montagephase Dauer: 1\u20132 Wochen Aktivit\u00e4ten: 5. Abschlussphase Dauer: 1 Woche Aktivit\u00e4ten: Die Zeiten k\u00f6nnen variieren, wenn:\" \/>\n<meta property=\"og:url\" content=\"https:\/\/ainavalles.com\/de\/propuesta-de-agenda-visual-para-el-diseno-e-instalacion-de-cocinas\/\" \/>\n<meta property=\"og:site_name\" content=\"Aina Vall\u00e8s\" \/>\n<meta property=\"article:publisher\" content=\"https:\/\/www.facebook.com\/people\/Aina-Valls\/100090582199736\/\" \/>\n<meta property=\"article:published_time\" content=\"2024-07-09T10:08:44+00:00\" \/>\n<meta property=\"article:modified_time\" content=\"2025-06-19T08:22:13+00:00\" \/>\n<meta property=\"og:image\" content=\"https:\/\/ainavalles.com\/wp-content\/uploads\/2024\/07\/pexels-jeshootscom-834892-scaled.jpg\" \/>\n\t<meta property=\"og:image:width\" content=\"2560\" \/>\n\t<meta property=\"og:image:height\" content=\"1707\" \/>\n\t<meta property=\"og:image:type\" content=\"image\/jpeg\" \/>\n<meta name=\"author\" content=\"Aina Vall\u00e9s\" \/>\n<meta name=\"twitter:card\" content=\"summary_large_image\" \/>\n<meta name=\"twitter:label1\" content=\"Verfasst von\" \/>\n\t<meta name=\"twitter:data1\" content=\"Aina Vall\u00e9s\" \/>\n\t<meta name=\"twitter:label2\" content=\"Gesch\u00e4tzte Lesezeit\" \/>\n\t<meta name=\"twitter:data2\" content=\"2\u00a0Minuten\" \/>\n<script type=\"application\/ld+json\" class=\"yoast-schema-graph\">{\"@context\":\"https:\/\/schema.org\",\"@graph\":[{\"@type\":\"Article\",\"@id\":\"https:\/\/ainavalles.com\/de\/propuesta-de-agenda-visual-para-el-diseno-e-instalacion-de-cocinas\/#article\",\"isPartOf\":{\"@id\":\"https:\/\/ainavalles.com\/de\/propuesta-de-agenda-visual-para-el-diseno-e-instalacion-de-cocinas\/\"},\"author\":{\"name\":\"Aina Vall\u00e9s\",\"@id\":\"https:\/\/ainavalles.com\/#\/schema\/person\/66806b4f2c1fbd143b75d1a0b0cfee0b\"},\"headline\":\"Vorgeschlagene visuelle Agenda f\u00fcr K\u00fcchenplanung und -montage\",\"datePublished\":\"2024-07-09T10:08:44+00:00\",\"dateModified\":\"2025-06-19T08:22:13+00:00\",\"mainEntityOfPage\":{\"@id\":\"https:\/\/ainavalles.com\/de\/propuesta-de-agenda-visual-para-el-diseno-e-instalacion-de-cocinas\/\"},\"wordCount\":263,\"publisher\":{\"@id\":\"https:\/\/ainavalles.com\/#organization\"},\"image\":{\"@id\":\"https:\/\/ainavalles.com\/de\/propuesta-de-agenda-visual-para-el-diseno-e-instalacion-de-cocinas\/#primaryimage\"},\"thumbnailUrl\":\"https:\/\/ainavalles.com\/wp-content\/uploads\/2024\/07\/pexels-jeshootscom-834892-scaled.jpg\",\"articleSection\":[\"Sin categorizar\"],\"inLanguage\":\"de\"},{\"@type\":\"WebPage\",\"@id\":\"https:\/\/ainavalles.com\/de\/propuesta-de-agenda-visual-para-el-diseno-e-instalacion-de-cocinas\/\",\"url\":\"https:\/\/ainavalles.com\/de\/propuesta-de-agenda-visual-para-el-diseno-e-instalacion-de-cocinas\/\",\"name\":\"Vorgeschlagene visuelle Agenda f\u00fcr K\u00fcchenplanung und -montage - Aina Vall\u00e8s\",\"isPartOf\":{\"@id\":\"https:\/\/ainavalles.com\/#website\"},\"primaryImageOfPage\":{\"@id\":\"https:\/\/ainavalles.com\/de\/propuesta-de-agenda-visual-para-el-diseno-e-instalacion-de-cocinas\/#primaryimage\"},\"image\":{\"@id\":\"https:\/\/ainavalles.com\/de\/propuesta-de-agenda-visual-para-el-diseno-e-instalacion-de-cocinas\/#primaryimage\"},\"thumbnailUrl\":\"https:\/\/ainavalles.com\/wp-content\/uploads\/2024\/07\/pexels-jeshootscom-834892-scaled.jpg\",\"datePublished\":\"2024-07-09T10:08:44+00:00\",\"dateModified\":\"2025-06-19T08:22:13+00:00\",\"breadcrumb\":{\"@id\":\"https:\/\/ainavalles.com\/de\/propuesta-de-agenda-visual-para-el-diseno-e-instalacion-de-cocinas\/#breadcrumb\"},\"inLanguage\":\"de\",\"potentialAction\":[{\"@type\":\"ReadAction\",\"target\":[\"https:\/\/ainavalles.com\/de\/propuesta-de-agenda-visual-para-el-diseno-e-instalacion-de-cocinas\/\"]}]},{\"@type\":\"ImageObject\",\"inLanguage\":\"de\",\"@id\":\"https:\/\/ainavalles.com\/de\/propuesta-de-agenda-visual-para-el-diseno-e-instalacion-de-cocinas\/#primaryimage\",\"url\":\"https:\/\/ainavalles.com\/wp-content\/uploads\/2024\/07\/pexels-jeshootscom-834892-scaled.jpg\",\"contentUrl\":\"https:\/\/ainavalles.com\/wp-content\/uploads\/2024\/07\/pexels-jeshootscom-834892-scaled.jpg\",\"width\":2560,\"height\":1707},{\"@type\":\"BreadcrumbList\",\"@id\":\"https:\/\/ainavalles.com\/de\/propuesta-de-agenda-visual-para-el-diseno-e-instalacion-de-cocinas\/#breadcrumb\",\"itemListElement\":[{\"@type\":\"ListItem\",\"position\":1,\"name\":\"Portada\",\"item\":\"https:\/\/ainavalles.com\/de\/\"},{\"@type\":\"ListItem\",\"position\":2,\"name\":\"Vorgeschlagene visuelle Agenda f\u00fcr K\u00fcchenplanung und -montage\"}]},{\"@type\":\"WebSite\",\"@id\":\"https:\/\/ainavalles.com\/#website\",\"url\":\"https:\/\/ainavalles.com\/\",\"name\":\"Aina Vall\u00e8s\",\"description\":\"Interiorismo en Mallorca\",\"publisher\":{\"@id\":\"https:\/\/ainavalles.com\/#organization\"},\"potentialAction\":[{\"@type\":\"SearchAction\",\"target\":{\"@type\":\"EntryPoint\",\"urlTemplate\":\"https:\/\/ainavalles.com\/?s={search_term_string}\"},\"query-input\":{\"@type\":\"PropertyValueSpecification\",\"valueRequired\":true,\"valueName\":\"search_term_string\"}}],\"inLanguage\":\"de\"},{\"@type\":\"Organization\",\"@id\":\"https:\/\/ainavalles.com\/#organization\",\"name\":\"Aina Vall\u00e8s\",\"url\":\"https:\/\/ainavalles.com\/\",\"logo\":{\"@type\":\"ImageObject\",\"inLanguage\":\"de\",\"@id\":\"https:\/\/ainavalles.com\/#\/schema\/logo\/image\/\",\"url\":\"https:\/\/ainavalles.com\/wp-content\/uploads\/2023\/09\/logo.svg\",\"contentUrl\":\"https:\/\/ainavalles.com\/wp-content\/uploads\/2023\/09\/logo.svg\",\"width\":300,\"height\":244,\"caption\":\"Aina Vall\u00e8s\"},\"image\":{\"@id\":\"https:\/\/ainavalles.com\/#\/schema\/logo\/image\/\"},\"sameAs\":[\"https:\/\/www.facebook.com\/people\/Aina-Valls\/100090582199736\/\",\"https:\/\/www.instagram.com\/aina_valles\/\"]},{\"@type\":\"Person\",\"@id\":\"https:\/\/ainavalles.com\/#\/schema\/person\/66806b4f2c1fbd143b75d1a0b0cfee0b\",\"name\":\"Aina Vall\u00e9s\",\"sameAs\":[\"https:\/\/ainavalles.com\"]}]}<\/script>\n<!-- \/ Yoast SEO plugin. -->","yoast_head_json":{"title":"Vorgeschlagene visuelle Agenda f\u00fcr K\u00fcchenplanung und -montage - Aina Vall\u00e8s","robots":{"index":"index","follow":"follow","max-snippet":"max-snippet:-1","max-image-preview":"max-image-preview:large","max-video-preview":"max-video-preview:-1"},"canonical":"https:\/\/ainavalles.com\/de\/propuesta-de-agenda-visual-para-el-diseno-e-instalacion-de-cocinas\/","og_locale":"de_DE","og_type":"article","og_title":"Vorgeschlagene visuelle Agenda f\u00fcr K\u00fcchenplanung und -montage - Aina Vall\u00e8s","og_description":"1. Planungsphase Dauer: 3\u20134 Wochen (abh\u00e4ngig von der Verf\u00fcgbarkeit des Kunden und den bereitgestellten Informationen). 2. Freigabephase Dauer: 1\u20132 WochenAktivit\u00e4ten: 3. ProduktionsphaseDuration: 8-12 weeks (depending on the material chosen) Aktivit\u00e4ten: 4. Montagephase Dauer: 1\u20132 Wochen Aktivit\u00e4ten: 5. Abschlussphase Dauer: 1 Woche Aktivit\u00e4ten: Die Zeiten k\u00f6nnen variieren, wenn:","og_url":"https:\/\/ainavalles.com\/de\/propuesta-de-agenda-visual-para-el-diseno-e-instalacion-de-cocinas\/","og_site_name":"Aina Vall\u00e8s","article_publisher":"https:\/\/www.facebook.com\/people\/Aina-Valls\/100090582199736\/","article_published_time":"2024-07-09T10:08:44+00:00","article_modified_time":"2025-06-19T08:22:13+00:00","og_image":[{"width":2560,"height":1707,"url":"https:\/\/ainavalles.com\/wp-content\/uploads\/2024\/07\/pexels-jeshootscom-834892-scaled.jpg","type":"image\/jpeg"}],"author":"Aina Vall\u00e9s","twitter_card":"summary_large_image","twitter_misc":{"Verfasst von":"Aina Vall\u00e9s","Gesch\u00e4tzte Lesezeit":"2\u00a0Minuten"},"schema":{"@context":"https:\/\/schema.org","@graph":[{"@type":"Article","@id":"https:\/\/ainavalles.com\/de\/propuesta-de-agenda-visual-para-el-diseno-e-instalacion-de-cocinas\/#article","isPartOf":{"@id":"https:\/\/ainavalles.com\/de\/propuesta-de-agenda-visual-para-el-diseno-e-instalacion-de-cocinas\/"},"author":{"name":"Aina Vall\u00e9s","@id":"https:\/\/ainavalles.com\/#\/schema\/person\/66806b4f2c1fbd143b75d1a0b0cfee0b"},"headline":"Vorgeschlagene visuelle Agenda f\u00fcr K\u00fcchenplanung und -montage","datePublished":"2024-07-09T10:08:44+00:00","dateModified":"2025-06-19T08:22:13+00:00","mainEntityOfPage":{"@id":"https:\/\/ainavalles.com\/de\/propuesta-de-agenda-visual-para-el-diseno-e-instalacion-de-cocinas\/"},"wordCount":263,"publisher":{"@id":"https:\/\/ainavalles.com\/#organization"},"image":{"@id":"https:\/\/ainavalles.com\/de\/propuesta-de-agenda-visual-para-el-diseno-e-instalacion-de-cocinas\/#primaryimage"},"thumbnailUrl":"https:\/\/ainavalles.com\/wp-content\/uploads\/2024\/07\/pexels-jeshootscom-834892-scaled.jpg","articleSection":["Sin categorizar"],"inLanguage":"de"},{"@type":"WebPage","@id":"https:\/\/ainavalles.com\/de\/propuesta-de-agenda-visual-para-el-diseno-e-instalacion-de-cocinas\/","url":"https:\/\/ainavalles.com\/de\/propuesta-de-agenda-visual-para-el-diseno-e-instalacion-de-cocinas\/","name":"Vorgeschlagene visuelle Agenda f\u00fcr K\u00fcchenplanung und -montage - Aina Vall\u00e8s","isPartOf":{"@id":"https:\/\/ainavalles.com\/#website"},"primaryImageOfPage":{"@id":"https:\/\/ainavalles.com\/de\/propuesta-de-agenda-visual-para-el-diseno-e-instalacion-de-cocinas\/#primaryimage"},"image":{"@id":"https:\/\/ainavalles.com\/de\/propuesta-de-agenda-visual-para-el-diseno-e-instalacion-de-cocinas\/#primaryimage"},"thumbnailUrl":"https:\/\/ainavalles.com\/wp-content\/uploads\/2024\/07\/pexels-jeshootscom-834892-scaled.jpg","datePublished":"2024-07-09T10:08:44+00:00","dateModified":"2025-06-19T08:22:13+00:00","breadcrumb":{"@id":"https:\/\/ainavalles.com\/de\/propuesta-de-agenda-visual-para-el-diseno-e-instalacion-de-cocinas\/#breadcrumb"},"inLanguage":"de","potentialAction":[{"@type":"ReadAction","target":["https:\/\/ainavalles.com\/de\/propuesta-de-agenda-visual-para-el-diseno-e-instalacion-de-cocinas\/"]}]},{"@type":"ImageObject","inLanguage":"de","@id":"https:\/\/ainavalles.com\/de\/propuesta-de-agenda-visual-para-el-diseno-e-instalacion-de-cocinas\/#primaryimage","url":"https:\/\/ainavalles.com\/wp-content\/uploads\/2024\/07\/pexels-jeshootscom-834892-scaled.jpg","contentUrl":"https:\/\/ainavalles.com\/wp-content\/uploads\/2024\/07\/pexels-jeshootscom-834892-scaled.jpg","width":2560,"height":1707},{"@type":"BreadcrumbList","@id":"https:\/\/ainavalles.com\/de\/propuesta-de-agenda-visual-para-el-diseno-e-instalacion-de-cocinas\/#breadcrumb","itemListElement":[{"@type":"ListItem","position":1,"name":"Portada","item":"https:\/\/ainavalles.com\/de\/"},{"@type":"ListItem","position":2,"name":"Vorgeschlagene visuelle Agenda f\u00fcr K\u00fcchenplanung und -montage"}]},{"@type":"WebSite","@id":"https:\/\/ainavalles.com\/#website","url":"https:\/\/ainavalles.com\/","name":"Aina Vall\u00e8s","description":"Interiorismo en Mallorca","publisher":{"@id":"https:\/\/ainavalles.com\/#organization"},"potentialAction":[{"@type":"SearchAction","target":{"@type":"EntryPoint","urlTemplate":"https:\/\/ainavalles.com\/?s={search_term_string}"},"query-input":{"@type":"PropertyValueSpecification","valueRequired":true,"valueName":"search_term_string"}}],"inLanguage":"de"},{"@type":"Organization","@id":"https:\/\/ainavalles.com\/#organization","name":"Aina Vall\u00e8s","url":"https:\/\/ainavalles.com\/","logo":{"@type":"ImageObject","inLanguage":"de","@id":"https:\/\/ainavalles.com\/#\/schema\/logo\/image\/","url":"https:\/\/ainavalles.com\/wp-content\/uploads\/2023\/09\/logo.svg","contentUrl":"https:\/\/ainavalles.com\/wp-content\/uploads\/2023\/09\/logo.svg","width":300,"height":244,"caption":"Aina Vall\u00e8s"},"image":{"@id":"https:\/\/ainavalles.com\/#\/schema\/logo\/image\/"},"sameAs":["https:\/\/www.facebook.com\/people\/Aina-Valls\/100090582199736\/","https:\/\/www.instagram.com\/aina_valles\/"]},{"@type":"Person","@id":"https:\/\/ainavalles.com\/#\/schema\/person\/66806b4f2c1fbd143b75d1a0b0cfee0b","name":"Aina Vall\u00e9s","sameAs":["https:\/\/ainavalles.com"]}]}},"_links":{"self":[{"href":"https:\/\/ainavalles.com\/de\/wp-json\/wp\/v2\/posts\/3405","targetHints":{"allow":["GET"]}}],"collection":[{"href":"https:\/\/ainavalles.com\/de\/wp-json\/wp\/v2\/posts"}],"about":[{"href":"https:\/\/ainavalles.com\/de\/wp-json\/wp\/v2\/types\/post"}],"author":[{"embeddable":true,"href":"https:\/\/ainavalles.com\/de\/wp-json\/wp\/v2\/users\/2"}],"replies":[{"embeddable":true,"href":"https:\/\/ainavalles.com\/de\/wp-json\/wp\/v2\/comments?post=3405"}],"version-history":[{"count":1,"href":"https:\/\/ainavalles.com\/de\/wp-json\/wp\/v2\/posts\/3405\/revisions"}],"predecessor-version":[{"id":3655,"href":"https:\/\/ainavalles.com\/de\/wp-json\/wp\/v2\/posts\/3405\/revisions\/3655"}],"wp:featuredmedia":[{"embeddable":true,"href":"https:\/\/ainavalles.com\/de\/wp-json\/wp\/v2\/media\/3407"}],"wp:attachment":[{"href":"https:\/\/ainavalles.com\/de\/wp-json\/wp\/v2\/media?parent=3405"}],"wp:term":[{"taxonomy":"category","embeddable":true,"href":"https:\/\/ainavalles.com\/de\/wp-json\/wp\/v2\/categories?post=3405"},{"taxonomy":"post_tag","embeddable":true,"href":"https:\/\/ainavalles.com\/de\/wp-json\/wp\/v2\/tags?post=3405"}],"curies":[{"name":"wp","href":"https:\/\/api.w.org\/{rel}","templated":true}]}}