{"id":3428,"date":"2024-01-02T14:03:31","date_gmt":"2024-01-02T12:03:31","guid":{"rendered":"https:\/\/ainavalles.com\/la-magia-del-orden-guia-para-disenar-y-organizar-tu-espacio-inspirada-en-marie-kondo\/"},"modified":"2025-06-19T11:03:19","modified_gmt":"2025-06-19T09:03:19","slug":"la-magia-del-orden-guia-para-disenar-y-organizar-tu-espacio-inspirada-en-marie-kondo","status":"publish","type":"post","link":"https:\/\/ainavalles.com\/de\/la-magia-del-orden-guia-para-disenar-y-organizar-tu-espacio-inspirada-en-marie-kondo\/","title":{"rendered":"\u201eDie Magie der Ordnung: Ein Leitfaden zur Gestaltung und Organisation Ihres Raums.\u201c"},"content":{"rendered":"\n<p>Wenn ich einen Raum gestalte, achte ich darauf, <strong>was der Kunde wirklich braucht<\/strong>. Warum wird in jedem Raum ein M\u00f6belst\u00fcck ben\u00f6tigt \u2013 und <strong>was m\u00f6chte man darin aufbewahren<\/strong>?<br>So vermeiden wir es, <strong>unn\u00f6tige Bereiche zu schaffen<\/strong>, die keinen echten Zweck erf\u00fcllen.<\/p>\n\n\n\n<p>Entdecken Sie, wie <strong>die Kunst der Ordnung<\/strong> Ihr Zuhause in einen <strong>harmonischen und funktionalen Raum<\/strong> verwandeln kann.<br>Dieser Leitfaden hilft Ihnen dabei, <strong>zentrale Prinzipien von Organisation und Design<\/strong> anzuwenden, um eine Umgebung zu schaffen, die nicht nur <strong>\u00e4sthetisch ansprechend<\/strong>, sondern auch <strong>ruhig und sinnvoll<\/strong> ist.<\/p>\n\n\n\n<p>In unserem Team unterst\u00fctzen wir Sie gerne <strong>ganz pers\u00f6nlich<\/strong>.<br>Wenn Sie m\u00f6chten, dass eine <strong>Professional Organizer<\/strong> zu Ihnen nach Hause kommt und Sie <strong>Schritt f\u00fcr Schritt begleitet<\/strong>, haben wir in unserem Team <strong>Cristina Crespi<\/strong>, Spezialistin f\u00fcr <strong>Organisation und Ordnung<\/strong>.<br>Cristina kann Sie in <strong>jedem Bereich Ihres Zuhauses oder Arbeitsplatzes<\/strong> unterst\u00fctzen \u2013 <strong>gemeinsam bilden wir ein gro\u00dfartiges Team!<\/strong><\/p>\n\n\n\n<figure class=\"wp-block-image size-full\"><img fetchpriority=\"high\" decoding=\"async\" width=\"2000\" height=\"1545\" src=\"https:\/\/ainavalles.com\/wp-content\/uploads\/2024\/01\/20231227_144922_0000.png\" alt=\"\" class=\"wp-image-1215\" srcset=\"https:\/\/ainavalles.com\/wp-content\/uploads\/2024\/01\/20231227_144922_0000.png 2000w, https:\/\/ainavalles.com\/wp-content\/uploads\/2024\/01\/20231227_144922_0000-768x593.png 768w, https:\/\/ainavalles.com\/wp-content\/uploads\/2024\/01\/20231227_144922_0000-1536x1187.png 1536w\" sizes=\"(max-width: 2000px) 100vw, 2000px\" \/><\/figure>\n\n\n\n<figure class=\"wp-block-image size-full\"><img decoding=\"async\" width=\"2000\" height=\"1545\" src=\"https:\/\/ainavalles.com\/wp-content\/uploads\/2024\/01\/20231227_144922_0001.png\" alt=\"\" class=\"wp-image-1217\" srcset=\"https:\/\/ainavalles.com\/wp-content\/uploads\/2024\/01\/20231227_144922_0001.png 2000w, https:\/\/ainavalles.com\/wp-content\/uploads\/2024\/01\/20231227_144922_0001-768x593.png 768w, https:\/\/ainavalles.com\/wp-content\/uploads\/2024\/01\/20231227_144922_0001-1536x1187.png 1536w\" sizes=\"(max-width: 2000px) 100vw, 2000px\" \/><\/figure>\n\n\n\n<p>Dies sind f\u00fcr uns \u2013 nach den Prinzipien von <strong>Organisation und Ordnung<\/strong> \u2013 die Punkte, die ber\u00fccksichtigt werden sollten:<\/p>\n\n\n\n<hr class=\"wp-block-separator has-alpha-channel-opacity\"\/>\n\n\n\n<h3 class=\"wp-block-heading\"><strong>Die Bedeutung der Intention:<\/strong><\/h3>\n\n\n\n<p>Bevor man einen Raum gestaltet, ist es wichtig, \u00fcber den <strong>Zweck<\/strong> nachzudenken, den dieser erf\u00fcllen soll.<br>Soll es ein <strong>Bereich zum Entspannen<\/strong>, <strong>Arbeiten<\/strong> oder <strong>Beisammensein<\/strong> sein?<\/p>\n\n\n\n<p>Wenden Sie die Philosophie von <strong>Organisation und Ordnung<\/strong> an:<br><strong>Behalten Sie nur, was Sie gl\u00fccklich macht<\/strong> und einen klaren Platz in Ihrem Leben hat.<br>Wenn Sie es nicht brauchen, nimmt es wahrscheinlich <strong>unn\u00f6tig Raum<\/strong> ein.<\/p>\n\n\n\n<hr class=\"wp-block-separator has-alpha-channel-opacity\"\/>\n\n\n\n<h3 class=\"wp-block-heading\"><strong>R\u00e4ume vereinfachen:<\/strong><\/h3>\n\n\n\n<ul class=\"wp-block-list\">\n<li><strong>\u00dcberschuss entfernen:<\/strong><br>Befreien Sie sich von Gegenst\u00e4nden und M\u00f6beln, die <strong>keinen Wert oder keine Freude<\/strong> bringen.<\/li>\n\n\n\n<li><strong>Nach Kategorien ordnen:<\/strong><br>Wenden Sie eine Methode an, bei der <strong>Gegenst\u00e4nde nach Kategorien<\/strong> organisiert werden.<\/li>\n<\/ul>\n\n\n\n<p>So behalten wir nur, <strong>was wir wirklich brauchen<\/strong>, und f\u00f6rdern gleichzeitig <strong>alle f\u00fcnf Sinne<\/strong>.<\/p>\n\n\n\n<figure class=\"wp-block-image size-full\"><img decoding=\"async\" width=\"1640\" height=\"1400\" src=\"https:\/\/ainavalles.com\/wp-content\/uploads\/2024\/01\/mk-s-WXhBCm3qbsQ-unsplash-scaled.jpg\" alt=\"\" class=\"wp-image-1221\" srcset=\"https:\/\/ainavalles.com\/wp-content\/uploads\/2024\/01\/mk-s-WXhBCm3qbsQ-unsplash-scaled.jpg 1640w, https:\/\/ainavalles.com\/wp-content\/uploads\/2024\/01\/mk-s-WXhBCm3qbsQ-unsplash-768x656.jpg 768w, https:\/\/ainavalles.com\/wp-content\/uploads\/2024\/01\/mk-s-WXhBCm3qbsQ-unsplash-1536x1311.jpg 1536w, https:\/\/ainavalles.com\/wp-content\/uploads\/2024\/01\/mk-s-WXhBCm3qbsQ-unsplash-2048x1748.jpg 2048w\" sizes=\"(max-width: 1640px) 100vw, 1640px\" \/><\/figure>\n\n\n\n<p><strong>Funktionales Design:<\/strong><\/p>\n\n\n\n<p>Organisieren Sie Ihren Raum so, dass <strong>jedes Element eine bestimmte Funktion<\/strong> erf\u00fcllt und zum <strong>Zweck des Bereichs<\/strong> beitr\u00e4gt.<\/p>\n\n\n\n<p>Ber\u00fccksichtigen Sie <strong>Flexibilit\u00e4t im Design<\/strong>, um sich an verschiedene Aktivit\u00e4ten anpassen zu k\u00f6nnen.<\/p>\n\n\n\n<hr class=\"wp-block-separator has-alpha-channel-opacity\"\/>\n\n\n\n<h3 class=\"wp-block-heading\"><strong>Clevere Aufbewahrung:<\/strong><\/h3>\n\n\n\n<p>Verwenden Sie <strong>intelligente L\u00f6sungen<\/strong> wie modulare Regale, Ordnungsboxen und M\u00f6bel mit <strong>integriertem Stauraum<\/strong>.<\/p>\n\n\n\n<p>Schaffen Sie <strong>spezifische Aufbewahrungsbereiche<\/strong> f\u00fcr unterschiedliche Objektkategorien.<\/p>\n\n\n\n<hr class=\"wp-block-separator has-alpha-channel-opacity\"\/>\n\n\n\n<h3 class=\"wp-block-heading\"><strong>Die Magie des Faltens:<\/strong><\/h3>\n\n\n\n<p>Lernen Sie die <strong>Faltmethode von Marie Kondo<\/strong>, um den Platz in Schubladen zu maximieren und ein ordentliches Erscheinungsbild zu schaffen.<\/p>\n\n\n\n<p>Ordnen Sie Kleidung und andere Textilien <strong>senkrecht<\/strong>, damit sie leichter erkennbar und zug\u00e4nglich sind.<\/p>\n\n\n\n<hr class=\"wp-block-separator has-alpha-channel-opacity\"\/>\n\n\n\n<h3 class=\"wp-block-heading\"><strong>Gestalterische Harmonie:<\/strong><\/h3>\n\n\n\n<p>Schaffen Sie <strong>flie\u00dfende \u00dcberg\u00e4nge<\/strong> zwischen verbundenen R\u00e4umen, um ein <strong>einheitliches Raumgef\u00fchl<\/strong> zu f\u00f6rdern.<\/p>\n\n\n\n<p>Verwenden Sie <strong>einheitliche Farben und Materialien<\/strong>, um eine durchg\u00e4ngige \u00c4sthetik zu bewahren.<\/p>\n\n\n\n<hr class=\"wp-block-separator has-alpha-channel-opacity\"\/>\n\n\n\n<h3 class=\"wp-block-heading\"><strong>Pflege und Neubewertung:<\/strong><\/h3>\n\n\n\n<p>Planen Sie <strong>regelm\u00e4\u00dfige \u00dcberpr\u00fcfungen<\/strong>, um zu beurteilen, ob die aktuellen Gegenst\u00e4nde und das Design noch <strong>sinnvoll und funktional<\/strong> sind.<\/p>\n\n\n\n<p>Passen Sie an und verbessern Sie, um sich <strong>an Ver\u00e4nderungen in Ihrem Lebensstil<\/strong> anzupassen.<\/p>\n\n\n\n<hr class=\"wp-block-separator has-alpha-channel-opacity\"\/>\n\n\n\n<p><strong>Entdecken Sie die Freude und Ruhe<\/strong>, die aus einem <strong>organisierten und bewusst gestalteten Zuhause<\/strong> entstehen.<br>Mit diesen Tipps schaffen Sie einen Raum, der <strong>Ihren Lebensstil widerspiegelt<\/strong> und Ihnen echtes <strong>Wohlbefinden<\/strong> schenkt.<\/p>\n\n\n\n<p>Ich empfehle Ihnen diese Website, um Elemente zur <strong>Organisation Ihres Wohnraums<\/strong> zu finden:<br><em>(Bitte gib mir die Website an, wenn du m\u00f6chtest, que la incluya.)<\/em>your interior spaces well:<\/p>\n\n\n\n<p><a href=\"https:\/\/pepapaper.com\/categoria\/cajas\/pon-orden\">https:\/\/pepapaper.com\/categoria\/cajas\/pon-orden<\/a><\/p>\n\n\n\n<p><\/p>\n","protected":false},"excerpt":{"rendered":"<p>Wenn ich einen Raum gestalte, achte ich darauf, was der Kunde wirklich braucht. Warum wird in jedem Raum ein M\u00f6belst\u00fcck ben\u00f6tigt \u2013 und was m\u00f6chte man darin aufbewahren?So vermeiden wir es, unn\u00f6tige Bereiche zu schaffen, die keinen echten Zweck erf\u00fcllen. Entdecken Sie, wie die Kunst der Ordnung Ihr Zuhause in einen harmonischen und funktionalen Raum [&hellip;]<\/p>\n","protected":false},"author":2,"featured_media":3430,"comment_status":"closed","ping_status":"closed","sticky":false,"template":"","format":"standard","meta":{"_acf_changed":false,"footnotes":""},"categories":[29],"tags":[],"class_list":["post-3428","post","type-post","status-publish","format-standard","has-post-thumbnail","hentry","category-noticias-de"],"acf":[],"yoast_head":"<!-- This site is optimized with the Yoast SEO plugin v26.8 - https:\/\/yoast.com\/product\/yoast-seo-wordpress\/ -->\n<title>\u201eDie Magie der Ordnung: Ein Leitfaden zur Gestaltung und Organisation Ihres Raums.\u201c - Aina Vall\u00e8s<\/title>\n<meta name=\"robots\" content=\"index, follow, max-snippet:-1, max-image-preview:large, max-video-preview:-1\" \/>\n<link rel=\"canonical\" href=\"https:\/\/ainavalles.com\/de\/la-magia-del-orden-guia-para-disenar-y-organizar-tu-espacio-inspirada-en-marie-kondo\/\" \/>\n<meta property=\"og:locale\" content=\"de_DE\" \/>\n<meta property=\"og:type\" content=\"article\" \/>\n<meta property=\"og:title\" content=\"\u201eDie Magie der Ordnung: Ein Leitfaden zur Gestaltung und Organisation Ihres Raums.\u201c - Aina Vall\u00e8s\" \/>\n<meta property=\"og:description\" content=\"Wenn ich einen Raum gestalte, achte ich darauf, was der Kunde wirklich braucht. Warum wird in jedem Raum ein M\u00f6belst\u00fcck ben\u00f6tigt \u2013 und was m\u00f6chte man darin aufbewahren?So vermeiden wir es, unn\u00f6tige Bereiche zu schaffen, die keinen echten Zweck erf\u00fcllen. Entdecken Sie, wie die Kunst der Ordnung Ihr Zuhause in einen harmonischen und funktionalen Raum [&hellip;]\" \/>\n<meta property=\"og:url\" content=\"https:\/\/ainavalles.com\/de\/la-magia-del-orden-guia-para-disenar-y-organizar-tu-espacio-inspirada-en-marie-kondo\/\" \/>\n<meta property=\"og:site_name\" content=\"Aina Vall\u00e8s\" \/>\n<meta property=\"article:publisher\" content=\"https:\/\/www.facebook.com\/people\/Aina-Valls\/100090582199736\/\" \/>\n<meta property=\"article:published_time\" content=\"2024-01-02T12:03:31+00:00\" \/>\n<meta property=\"article:modified_time\" content=\"2025-06-19T09:03:19+00:00\" \/>\n<meta property=\"og:image\" content=\"https:\/\/ainavalles.com\/wp-content\/uploads\/2023\/10\/aina-valles-proyecto-nueve-05.jpg\" \/>\n\t<meta property=\"og:image:width\" content=\"933\" \/>\n\t<meta property=\"og:image:height\" content=\"1400\" \/>\n\t<meta property=\"og:image:type\" content=\"image\/jpeg\" \/>\n<meta name=\"author\" content=\"Aina Vall\u00e9s\" \/>\n<meta name=\"twitter:card\" content=\"summary_large_image\" \/>\n<meta name=\"twitter:label1\" content=\"Verfasst von\" \/>\n\t<meta name=\"twitter:data1\" content=\"Aina Vall\u00e9s\" \/>\n\t<meta name=\"twitter:label2\" content=\"Gesch\u00e4tzte Lesezeit\" \/>\n\t<meta name=\"twitter:data2\" content=\"4\u00a0Minuten\" \/>\n<script type=\"application\/ld+json\" class=\"yoast-schema-graph\">{\"@context\":\"https:\/\/schema.org\",\"@graph\":[{\"@type\":\"Article\",\"@id\":\"https:\/\/ainavalles.com\/de\/la-magia-del-orden-guia-para-disenar-y-organizar-tu-espacio-inspirada-en-marie-kondo\/#article\",\"isPartOf\":{\"@id\":\"https:\/\/ainavalles.com\/de\/la-magia-del-orden-guia-para-disenar-y-organizar-tu-espacio-inspirada-en-marie-kondo\/\"},\"author\":{\"name\":\"Aina Vall\u00e9s\",\"@id\":\"https:\/\/ainavalles.com\/#\/schema\/person\/66806b4f2c1fbd143b75d1a0b0cfee0b\"},\"headline\":\"\u201eDie Magie der Ordnung: Ein Leitfaden zur Gestaltung und Organisation Ihres Raums.\u201c\",\"datePublished\":\"2024-01-02T12:03:31+00:00\",\"dateModified\":\"2025-06-19T09:03:19+00:00\",\"mainEntityOfPage\":{\"@id\":\"https:\/\/ainavalles.com\/de\/la-magia-del-orden-guia-para-disenar-y-organizar-tu-espacio-inspirada-en-marie-kondo\/\"},\"wordCount\":549,\"publisher\":{\"@id\":\"https:\/\/ainavalles.com\/#organization\"},\"image\":{\"@id\":\"https:\/\/ainavalles.com\/de\/la-magia-del-orden-guia-para-disenar-y-organizar-tu-espacio-inspirada-en-marie-kondo\/#primaryimage\"},\"thumbnailUrl\":\"https:\/\/ainavalles.com\/wp-content\/uploads\/2023\/10\/aina-valles-proyecto-nueve-05.jpg\",\"articleSection\":[\"Noticias\"],\"inLanguage\":\"de\"},{\"@type\":\"WebPage\",\"@id\":\"https:\/\/ainavalles.com\/de\/la-magia-del-orden-guia-para-disenar-y-organizar-tu-espacio-inspirada-en-marie-kondo\/\",\"url\":\"https:\/\/ainavalles.com\/de\/la-magia-del-orden-guia-para-disenar-y-organizar-tu-espacio-inspirada-en-marie-kondo\/\",\"name\":\"\u201eDie Magie der Ordnung: Ein Leitfaden zur Gestaltung und Organisation Ihres Raums.\u201c - Aina Vall\u00e8s\",\"isPartOf\":{\"@id\":\"https:\/\/ainavalles.com\/#website\"},\"primaryImageOfPage\":{\"@id\":\"https:\/\/ainavalles.com\/de\/la-magia-del-orden-guia-para-disenar-y-organizar-tu-espacio-inspirada-en-marie-kondo\/#primaryimage\"},\"image\":{\"@id\":\"https:\/\/ainavalles.com\/de\/la-magia-del-orden-guia-para-disenar-y-organizar-tu-espacio-inspirada-en-marie-kondo\/#primaryimage\"},\"thumbnailUrl\":\"https:\/\/ainavalles.com\/wp-content\/uploads\/2023\/10\/aina-valles-proyecto-nueve-05.jpg\",\"datePublished\":\"2024-01-02T12:03:31+00:00\",\"dateModified\":\"2025-06-19T09:03:19+00:00\",\"breadcrumb\":{\"@id\":\"https:\/\/ainavalles.com\/de\/la-magia-del-orden-guia-para-disenar-y-organizar-tu-espacio-inspirada-en-marie-kondo\/#breadcrumb\"},\"inLanguage\":\"de\",\"potentialAction\":[{\"@type\":\"ReadAction\",\"target\":[\"https:\/\/ainavalles.com\/de\/la-magia-del-orden-guia-para-disenar-y-organizar-tu-espacio-inspirada-en-marie-kondo\/\"]}]},{\"@type\":\"ImageObject\",\"inLanguage\":\"de\",\"@id\":\"https:\/\/ainavalles.com\/de\/la-magia-del-orden-guia-para-disenar-y-organizar-tu-espacio-inspirada-en-marie-kondo\/#primaryimage\",\"url\":\"https:\/\/ainavalles.com\/wp-content\/uploads\/2023\/10\/aina-valles-proyecto-nueve-05.jpg\",\"contentUrl\":\"https:\/\/ainavalles.com\/wp-content\/uploads\/2023\/10\/aina-valles-proyecto-nueve-05.jpg\",\"width\":933,\"height\":1400},{\"@type\":\"BreadcrumbList\",\"@id\":\"https:\/\/ainavalles.com\/de\/la-magia-del-orden-guia-para-disenar-y-organizar-tu-espacio-inspirada-en-marie-kondo\/#breadcrumb\",\"itemListElement\":[{\"@type\":\"ListItem\",\"position\":1,\"name\":\"Portada\",\"item\":\"https:\/\/ainavalles.com\/de\/\"},{\"@type\":\"ListItem\",\"position\":2,\"name\":\"\u201eDie Magie der Ordnung: Ein Leitfaden zur Gestaltung und Organisation Ihres Raums.\u201c\"}]},{\"@type\":\"WebSite\",\"@id\":\"https:\/\/ainavalles.com\/#website\",\"url\":\"https:\/\/ainavalles.com\/\",\"name\":\"Aina Vall\u00e8s\",\"description\":\"Interiorismo en Mallorca\",\"publisher\":{\"@id\":\"https:\/\/ainavalles.com\/#organization\"},\"potentialAction\":[{\"@type\":\"SearchAction\",\"target\":{\"@type\":\"EntryPoint\",\"urlTemplate\":\"https:\/\/ainavalles.com\/?s={search_term_string}\"},\"query-input\":{\"@type\":\"PropertyValueSpecification\",\"valueRequired\":true,\"valueName\":\"search_term_string\"}}],\"inLanguage\":\"de\"},{\"@type\":\"Organization\",\"@id\":\"https:\/\/ainavalles.com\/#organization\",\"name\":\"Aina Vall\u00e8s\",\"url\":\"https:\/\/ainavalles.com\/\",\"logo\":{\"@type\":\"ImageObject\",\"inLanguage\":\"de\",\"@id\":\"https:\/\/ainavalles.com\/#\/schema\/logo\/image\/\",\"url\":\"https:\/\/ainavalles.com\/wp-content\/uploads\/2023\/09\/logo.svg\",\"contentUrl\":\"https:\/\/ainavalles.com\/wp-content\/uploads\/2023\/09\/logo.svg\",\"width\":300,\"height\":244,\"caption\":\"Aina Vall\u00e8s\"},\"image\":{\"@id\":\"https:\/\/ainavalles.com\/#\/schema\/logo\/image\/\"},\"sameAs\":[\"https:\/\/www.facebook.com\/people\/Aina-Valls\/100090582199736\/\",\"https:\/\/www.instagram.com\/aina_valles\/\"]},{\"@type\":\"Person\",\"@id\":\"https:\/\/ainavalles.com\/#\/schema\/person\/66806b4f2c1fbd143b75d1a0b0cfee0b\",\"name\":\"Aina Vall\u00e9s\",\"sameAs\":[\"https:\/\/ainavalles.com\"]}]}<\/script>\n<!-- \/ Yoast SEO plugin. -->","yoast_head_json":{"title":"\u201eDie Magie der Ordnung: Ein Leitfaden zur Gestaltung und Organisation Ihres Raums.\u201c - Aina Vall\u00e8s","robots":{"index":"index","follow":"follow","max-snippet":"max-snippet:-1","max-image-preview":"max-image-preview:large","max-video-preview":"max-video-preview:-1"},"canonical":"https:\/\/ainavalles.com\/de\/la-magia-del-orden-guia-para-disenar-y-organizar-tu-espacio-inspirada-en-marie-kondo\/","og_locale":"de_DE","og_type":"article","og_title":"\u201eDie Magie der Ordnung: Ein Leitfaden zur Gestaltung und Organisation Ihres Raums.\u201c - Aina Vall\u00e8s","og_description":"Wenn ich einen Raum gestalte, achte ich darauf, was der Kunde wirklich braucht. Warum wird in jedem Raum ein M\u00f6belst\u00fcck ben\u00f6tigt \u2013 und was m\u00f6chte man darin aufbewahren?So vermeiden wir es, unn\u00f6tige Bereiche zu schaffen, die keinen echten Zweck erf\u00fcllen. Entdecken Sie, wie die Kunst der Ordnung Ihr Zuhause in einen harmonischen und funktionalen Raum [&hellip;]","og_url":"https:\/\/ainavalles.com\/de\/la-magia-del-orden-guia-para-disenar-y-organizar-tu-espacio-inspirada-en-marie-kondo\/","og_site_name":"Aina Vall\u00e8s","article_publisher":"https:\/\/www.facebook.com\/people\/Aina-Valls\/100090582199736\/","article_published_time":"2024-01-02T12:03:31+00:00","article_modified_time":"2025-06-19T09:03:19+00:00","og_image":[{"width":933,"height":1400,"url":"https:\/\/ainavalles.com\/wp-content\/uploads\/2023\/10\/aina-valles-proyecto-nueve-05.jpg","type":"image\/jpeg"}],"author":"Aina Vall\u00e9s","twitter_card":"summary_large_image","twitter_misc":{"Verfasst von":"Aina Vall\u00e9s","Gesch\u00e4tzte Lesezeit":"4\u00a0Minuten"},"schema":{"@context":"https:\/\/schema.org","@graph":[{"@type":"Article","@id":"https:\/\/ainavalles.com\/de\/la-magia-del-orden-guia-para-disenar-y-organizar-tu-espacio-inspirada-en-marie-kondo\/#article","isPartOf":{"@id":"https:\/\/ainavalles.com\/de\/la-magia-del-orden-guia-para-disenar-y-organizar-tu-espacio-inspirada-en-marie-kondo\/"},"author":{"name":"Aina Vall\u00e9s","@id":"https:\/\/ainavalles.com\/#\/schema\/person\/66806b4f2c1fbd143b75d1a0b0cfee0b"},"headline":"\u201eDie Magie der Ordnung: Ein Leitfaden zur Gestaltung und Organisation Ihres Raums.\u201c","datePublished":"2024-01-02T12:03:31+00:00","dateModified":"2025-06-19T09:03:19+00:00","mainEntityOfPage":{"@id":"https:\/\/ainavalles.com\/de\/la-magia-del-orden-guia-para-disenar-y-organizar-tu-espacio-inspirada-en-marie-kondo\/"},"wordCount":549,"publisher":{"@id":"https:\/\/ainavalles.com\/#organization"},"image":{"@id":"https:\/\/ainavalles.com\/de\/la-magia-del-orden-guia-para-disenar-y-organizar-tu-espacio-inspirada-en-marie-kondo\/#primaryimage"},"thumbnailUrl":"https:\/\/ainavalles.com\/wp-content\/uploads\/2023\/10\/aina-valles-proyecto-nueve-05.jpg","articleSection":["Noticias"],"inLanguage":"de"},{"@type":"WebPage","@id":"https:\/\/ainavalles.com\/de\/la-magia-del-orden-guia-para-disenar-y-organizar-tu-espacio-inspirada-en-marie-kondo\/","url":"https:\/\/ainavalles.com\/de\/la-magia-del-orden-guia-para-disenar-y-organizar-tu-espacio-inspirada-en-marie-kondo\/","name":"\u201eDie Magie der Ordnung: Ein Leitfaden zur Gestaltung und Organisation Ihres Raums.\u201c - Aina Vall\u00e8s","isPartOf":{"@id":"https:\/\/ainavalles.com\/#website"},"primaryImageOfPage":{"@id":"https:\/\/ainavalles.com\/de\/la-magia-del-orden-guia-para-disenar-y-organizar-tu-espacio-inspirada-en-marie-kondo\/#primaryimage"},"image":{"@id":"https:\/\/ainavalles.com\/de\/la-magia-del-orden-guia-para-disenar-y-organizar-tu-espacio-inspirada-en-marie-kondo\/#primaryimage"},"thumbnailUrl":"https:\/\/ainavalles.com\/wp-content\/uploads\/2023\/10\/aina-valles-proyecto-nueve-05.jpg","datePublished":"2024-01-02T12:03:31+00:00","dateModified":"2025-06-19T09:03:19+00:00","breadcrumb":{"@id":"https:\/\/ainavalles.com\/de\/la-magia-del-orden-guia-para-disenar-y-organizar-tu-espacio-inspirada-en-marie-kondo\/#breadcrumb"},"inLanguage":"de","potentialAction":[{"@type":"ReadAction","target":["https:\/\/ainavalles.com\/de\/la-magia-del-orden-guia-para-disenar-y-organizar-tu-espacio-inspirada-en-marie-kondo\/"]}]},{"@type":"ImageObject","inLanguage":"de","@id":"https:\/\/ainavalles.com\/de\/la-magia-del-orden-guia-para-disenar-y-organizar-tu-espacio-inspirada-en-marie-kondo\/#primaryimage","url":"https:\/\/ainavalles.com\/wp-content\/uploads\/2023\/10\/aina-valles-proyecto-nueve-05.jpg","contentUrl":"https:\/\/ainavalles.com\/wp-content\/uploads\/2023\/10\/aina-valles-proyecto-nueve-05.jpg","width":933,"height":1400},{"@type":"BreadcrumbList","@id":"https:\/\/ainavalles.com\/de\/la-magia-del-orden-guia-para-disenar-y-organizar-tu-espacio-inspirada-en-marie-kondo\/#breadcrumb","itemListElement":[{"@type":"ListItem","position":1,"name":"Portada","item":"https:\/\/ainavalles.com\/de\/"},{"@type":"ListItem","position":2,"name":"\u201eDie Magie der Ordnung: Ein Leitfaden zur Gestaltung und Organisation Ihres Raums.\u201c"}]},{"@type":"WebSite","@id":"https:\/\/ainavalles.com\/#website","url":"https:\/\/ainavalles.com\/","name":"Aina Vall\u00e8s","description":"Interiorismo en Mallorca","publisher":{"@id":"https:\/\/ainavalles.com\/#organization"},"potentialAction":[{"@type":"SearchAction","target":{"@type":"EntryPoint","urlTemplate":"https:\/\/ainavalles.com\/?s={search_term_string}"},"query-input":{"@type":"PropertyValueSpecification","valueRequired":true,"valueName":"search_term_string"}}],"inLanguage":"de"},{"@type":"Organization","@id":"https:\/\/ainavalles.com\/#organization","name":"Aina Vall\u00e8s","url":"https:\/\/ainavalles.com\/","logo":{"@type":"ImageObject","inLanguage":"de","@id":"https:\/\/ainavalles.com\/#\/schema\/logo\/image\/","url":"https:\/\/ainavalles.com\/wp-content\/uploads\/2023\/09\/logo.svg","contentUrl":"https:\/\/ainavalles.com\/wp-content\/uploads\/2023\/09\/logo.svg","width":300,"height":244,"caption":"Aina Vall\u00e8s"},"image":{"@id":"https:\/\/ainavalles.com\/#\/schema\/logo\/image\/"},"sameAs":["https:\/\/www.facebook.com\/people\/Aina-Valls\/100090582199736\/","https:\/\/www.instagram.com\/aina_valles\/"]},{"@type":"Person","@id":"https:\/\/ainavalles.com\/#\/schema\/person\/66806b4f2c1fbd143b75d1a0b0cfee0b","name":"Aina Vall\u00e9s","sameAs":["https:\/\/ainavalles.com"]}]}},"_links":{"self":[{"href":"https:\/\/ainavalles.com\/de\/wp-json\/wp\/v2\/posts\/3428","targetHints":{"allow":["GET"]}}],"collection":[{"href":"https:\/\/ainavalles.com\/de\/wp-json\/wp\/v2\/posts"}],"about":[{"href":"https:\/\/ainavalles.com\/de\/wp-json\/wp\/v2\/types\/post"}],"author":[{"embeddable":true,"href":"https:\/\/ainavalles.com\/de\/wp-json\/wp\/v2\/users\/2"}],"replies":[{"embeddable":true,"href":"https:\/\/ainavalles.com\/de\/wp-json\/wp\/v2\/comments?post=3428"}],"version-history":[{"count":1,"href":"https:\/\/ainavalles.com\/de\/wp-json\/wp\/v2\/posts\/3428\/revisions"}],"predecessor-version":[{"id":3713,"href":"https:\/\/ainavalles.com\/de\/wp-json\/wp\/v2\/posts\/3428\/revisions\/3713"}],"wp:featuredmedia":[{"embeddable":true,"href":"https:\/\/ainavalles.com\/de\/wp-json\/wp\/v2\/media\/3430"}],"wp:attachment":[{"href":"https:\/\/ainavalles.com\/de\/wp-json\/wp\/v2\/media?parent=3428"}],"wp:term":[{"taxonomy":"category","embeddable":true,"href":"https:\/\/ainavalles.com\/de\/wp-json\/wp\/v2\/categories?post=3428"},{"taxonomy":"post_tag","embeddable":true,"href":"https:\/\/ainavalles.com\/de\/wp-json\/wp\/v2\/tags?post=3428"}],"curies":[{"name":"wp","href":"https:\/\/api.w.org\/{rel}","templated":true}]}}