{"id":3453,"date":"2025-06-09T10:44:03","date_gmt":"2025-06-09T08:44:03","guid":{"rendered":"https:\/\/ainavalles.com\/aprovechar-zonas-muertas-bajo-escaleras-altillos-y-huecos\/"},"modified":"2025-06-09T11:02:16","modified_gmt":"2025-06-09T09:02:16","slug":"aprovechar-zonas-muertas-bajo-escaleras-altillos-y-huecos","status":"publish","type":"post","link":"https:\/\/ainavalles.com\/de\/aprovechar-zonas-muertas-bajo-escaleras-altillos-y-huecos\/","title":{"rendered":"Tote R\u00e4ume nutzen: unter Treppen, Hochbetten und Nischen"},"content":{"rendered":"\n<p>Bei Aina Vall\u00e9s lassen wir beim Gestalten eines Raums kein Eckchen ungenutzt. Viele Wohnungen haben tote Bereiche, die oft \u00fcbersehen werden: unter der Treppe, leere Hochbetten, Nischen zwischen W\u00e4nden \u2026 Und genau dort, wenn man es richtig plant, lassen sich Stauraum, Ordnung und \u00c4sthetik schaffen, die den Unterschied machen.<br><br>Von unserem Studio in S\u00f3ller, Mallorca, aus entwerfen, fertigen und installieren wir ma\u00dfgefertigte M\u00f6bel, die diese vergessenen R\u00e4ume in praktische und sch\u00f6ne Ecken verwandeln.<\/p>\n\n\n\n<h2 class=\"wp-block-heading\"><strong>Unter Treppen: mehr als nur ein Durchgang<\/strong><\/h2>\n\n\n\n<p>Der Raum unter der Treppe kann umgewandelt werden in:<\/p>\n\n\n\n<ul class=\"wp-block-list\">\n<li>Ma\u00dfgefertigte, geschlossene Schr\u00e4nke mit glatten, integrierten T\u00fcren<\/li>\n\n\n\n<li>Offene Regale \u2013 ideal f\u00fcr B\u00fccher, K\u00f6rbe oder Deko<\/li>\n\n\n\n<li>Kompakte Waschecke<\/li>\n\n\n\n<li>Platz f\u00fcr einen Schreibtisch oder eine gem\u00fctliche Leseecke<\/li>\n\n\n\n<li>Sitzbank mit verstecktem Stauraum<\/li>\n<\/ul>\n\n\n\n<p>Wir gestalten K\u00fcchenmodule und M\u00f6bel, die sich dem Winkel jeder Treppe anpassen, um Tiefe und H\u00f6he optimal zu nutzen, ohne die Harmonie zu verlieren.<\/p>\n\n\n<div class=\"wp-block-image\">\n<figure class=\"aligncenter size-full is-resized\"><img fetchpriority=\"high\" decoding=\"async\" width=\"933\" height=\"1400\" src=\"https:\/\/ainavalles.com\/wp-content\/uploads\/2025\/06\/eb5944c8-d70c-4805-8e22-9623081851dd.png\" alt=\"\" class=\"wp-image-3440\" style=\"width:405px;height:auto\" srcset=\"https:\/\/ainavalles.com\/wp-content\/uploads\/2025\/06\/eb5944c8-d70c-4805-8e22-9623081851dd.png 933w, https:\/\/ainavalles.com\/wp-content\/uploads\/2025\/06\/eb5944c8-d70c-4805-8e22-9623081851dd-768x1152.png 768w\" sizes=\"(max-width: 933px) 100vw, 933px\" \/><\/figure>\n<\/div>\n\n\n<h2 class=\"wp-block-heading\"><strong>Hochbetten: vertikaler Stauraum<\/strong><\/h2>\n\n\n\n<p>In Wohnungen mit hohen Decken \u2013 besonders in traditionellen mallorquinischen H\u00e4usern \u2013 sind Hochbetten die perfekte L\u00f6sung, um selten genutzte Dinge aufzubewahren, ohne wertvollen Wohnraum zu verlieren.<br><br>Wir schaffen:<\/p>\n\n\n\n<ul class=\"wp-block-list\">\n<li>Obere Schr\u00e4nke in Ankleiden oder Fluren<\/li>\n\n\n\n<li>Hohe Regale mit integriertem Zugang<\/li>\n\n\n\n<li>K\u00fcchenschr\u00e4nke bis zur Decke<\/li>\n\n\n\n<li>Versteckte Systeme, die die Gesamt\u00e4sthetik respektieren<\/li>\n<\/ul>\n\n\n<div class=\"wp-block-image\">\n<figure class=\"aligncenter size-full is-resized\"><img decoding=\"async\" width=\"933\" height=\"1400\" src=\"https:\/\/ainavalles.com\/wp-content\/uploads\/2025\/06\/f4609744-0101-46db-8741-9cffc9fbd954.png\" alt=\"\" class=\"wp-image-3444\" style=\"width:411px;height:auto\" srcset=\"https:\/\/ainavalles.com\/wp-content\/uploads\/2025\/06\/f4609744-0101-46db-8741-9cffc9fbd954.png 933w, https:\/\/ainavalles.com\/wp-content\/uploads\/2025\/06\/f4609744-0101-46db-8741-9cffc9fbd954-768x1152.png 768w\" sizes=\"(max-width: 933px) 100vw, 933px\" \/><\/figure>\n<\/div>\n\n\n<p><br>Wichtig ist, das visuelle Gleichgewicht nicht zu verlieren. Daher setzen wir auf neutrale Farben, grifflosen T\u00fcren oder integrierte Strukturen, die sich dem Gesamtdesign des Hauses anpassen.<\/p>\n\n\n\n<h2 class=\"wp-block-heading\"><strong>Nischen zwischen W\u00e4nden, Pfeilern oder Ecken<\/strong><\/h2>\n\n\n\n<p>Diese schwierigen Bereiche k\u00f6nnen umgewandelt werden in:<\/p>\n\n\n\n<ul class=\"wp-block-list\">\n<li>Vertikale Schuhregale<\/li>\n\n\n\n<li>Module f\u00fcr Putzmittel oder Vorr\u00e4te<\/li>\n\n\n\n<li>Kleine Schr\u00e4nke mit Schiebet\u00fcren<\/li>\n\n\n\n<li>Regale f\u00fcr Bad oder Eingangsbereich<\/li>\n\n\n\n<li>Orte zum Aufh\u00e4ngen, Verstauen oder sogar Sitzen<\/li>\n<\/ul>\n\n\n\n<p>Jede Nische hat Potenzial \u2013 sie braucht nur ein durchdachtes Design mit ma\u00dfgefertigten M\u00f6beln, die Ordnung und Sch\u00f6nheit bringen.<\/p>\n\n\n<div class=\"wp-block-image\">\n<figure class=\"aligncenter size-full is-resized\"><img decoding=\"async\" width=\"933\" height=\"1400\" src=\"https:\/\/ainavalles.com\/wp-content\/uploads\/2025\/06\/fb4d832e-8e6f-4d4e-a294-ae86ea824af2.png\" alt=\"\" class=\"wp-image-3448\" style=\"width:416px;height:auto\" srcset=\"https:\/\/ainavalles.com\/wp-content\/uploads\/2025\/06\/fb4d832e-8e6f-4d4e-a294-ae86ea824af2.png 933w, https:\/\/ainavalles.com\/wp-content\/uploads\/2025\/06\/fb4d832e-8e6f-4d4e-a294-ae86ea824af2-768x1152.png 768w\" sizes=\"(max-width: 933px) 100vw, 933px\" \/><\/figure>\n<\/div>\n\n\n<h2 class=\"wp-block-heading\">Hast du eine ungenutzte Ecke?<\/h2>\n\n\n\n<p>Bei Aina Vall\u00e9s verwandeln wir jeden Winkel in eine Chance. Wir lieben es, L\u00f6sungen zu entwerfen, die dir mehr Platz, Ordnung und Lebensqualit\u00e4t bringen \u2013 ohne auf \u00c4sthetik zu verzichten.<br><br>Erz\u00e4hl uns von deinem Raum \u2013 wir verwandeln ihn in etwas N\u00fctzliches, Sch\u00f6nes und ganz auf dich abgestimmtes. S\u00f3ller, Mallorca. Design mit Sinn.<\/p>\n\n\n\n<p><\/p>\n","protected":false},"excerpt":{"rendered":"<p>Bei Aina Vall\u00e9s lassen wir beim Gestalten eines Raums kein Eckchen ungenutzt. Viele Wohnungen haben tote Bereiche, die oft \u00fcbersehen werden: unter der Treppe, leere Hochbetten, Nischen zwischen W\u00e4nden \u2026 Und genau dort, wenn man es richtig plant, lassen sich Stauraum, Ordnung und \u00c4sthetik schaffen, die den Unterschied machen. Von unserem Studio in S\u00f3ller, Mallorca, [&hellip;]<\/p>\n","protected":false},"author":2,"featured_media":3447,"comment_status":"closed","ping_status":"closed","sticky":false,"template":"","format":"standard","meta":{"_acf_changed":false,"footnotes":""},"categories":[25],"tags":[],"class_list":["post-3453","post","type-post","status-publish","format-standard","has-post-thumbnail","hentry","category-sin-categorizar-3"],"acf":[],"yoast_head":"<!-- This site is optimized with the Yoast SEO plugin v26.8 - https:\/\/yoast.com\/product\/yoast-seo-wordpress\/ -->\n<title>Tote R\u00e4ume nutzen: unter Treppen, Hochbetten und Nischen - Aina Vall\u00e8s<\/title>\n<meta name=\"robots\" content=\"index, follow, max-snippet:-1, max-image-preview:large, max-video-preview:-1\" \/>\n<link rel=\"canonical\" href=\"https:\/\/ainavalles.com\/de\/aprovechar-zonas-muertas-bajo-escaleras-altillos-y-huecos\/\" \/>\n<meta property=\"og:locale\" content=\"de_DE\" \/>\n<meta property=\"og:type\" content=\"article\" \/>\n<meta property=\"og:title\" content=\"Tote R\u00e4ume nutzen: unter Treppen, Hochbetten und Nischen - Aina Vall\u00e8s\" \/>\n<meta property=\"og:description\" content=\"Bei Aina Vall\u00e9s lassen wir beim Gestalten eines Raums kein Eckchen ungenutzt. Viele Wohnungen haben tote Bereiche, die oft \u00fcbersehen werden: unter der Treppe, leere Hochbetten, Nischen zwischen W\u00e4nden \u2026 Und genau dort, wenn man es richtig plant, lassen sich Stauraum, Ordnung und \u00c4sthetik schaffen, die den Unterschied machen. Von unserem Studio in S\u00f3ller, Mallorca, [&hellip;]\" \/>\n<meta property=\"og:url\" content=\"https:\/\/ainavalles.com\/de\/aprovechar-zonas-muertas-bajo-escaleras-altillos-y-huecos\/\" \/>\n<meta property=\"og:site_name\" content=\"Aina Vall\u00e8s\" \/>\n<meta property=\"article:publisher\" content=\"https:\/\/www.facebook.com\/people\/Aina-Valls\/100090582199736\/\" \/>\n<meta property=\"article:published_time\" content=\"2025-06-09T08:44:03+00:00\" \/>\n<meta property=\"article:modified_time\" content=\"2025-06-09T09:02:16+00:00\" \/>\n<meta property=\"og:image\" content=\"https:\/\/ainavalles.com\/wp-content\/uploads\/2025\/06\/f4609744-0101-46db-8741-9cffc9fbd954.png\" \/>\n\t<meta property=\"og:image:width\" content=\"1024\" \/>\n\t<meta property=\"og:image:height\" content=\"1536\" \/>\n\t<meta property=\"og:image:type\" content=\"image\/png\" \/>\n<meta name=\"author\" content=\"Aina Vall\u00e9s\" \/>\n<meta name=\"twitter:card\" content=\"summary_large_image\" \/>\n<meta name=\"twitter:label1\" content=\"Verfasst von\" \/>\n\t<meta name=\"twitter:data1\" content=\"Aina Vall\u00e9s\" \/>\n\t<meta name=\"twitter:label2\" content=\"Gesch\u00e4tzte Lesezeit\" \/>\n\t<meta name=\"twitter:data2\" content=\"3\u00a0Minuten\" \/>\n<script type=\"application\/ld+json\" class=\"yoast-schema-graph\">{\"@context\":\"https:\/\/schema.org\",\"@graph\":[{\"@type\":\"Article\",\"@id\":\"https:\/\/ainavalles.com\/de\/aprovechar-zonas-muertas-bajo-escaleras-altillos-y-huecos\/#article\",\"isPartOf\":{\"@id\":\"https:\/\/ainavalles.com\/de\/aprovechar-zonas-muertas-bajo-escaleras-altillos-y-huecos\/\"},\"author\":{\"name\":\"Aina Vall\u00e9s\",\"@id\":\"https:\/\/ainavalles.com\/#\/schema\/person\/66806b4f2c1fbd143b75d1a0b0cfee0b\"},\"headline\":\"Tote R\u00e4ume nutzen: unter Treppen, Hochbetten und Nischen\",\"datePublished\":\"2025-06-09T08:44:03+00:00\",\"dateModified\":\"2025-06-09T09:02:16+00:00\",\"mainEntityOfPage\":{\"@id\":\"https:\/\/ainavalles.com\/de\/aprovechar-zonas-muertas-bajo-escaleras-altillos-y-huecos\/\"},\"wordCount\":380,\"publisher\":{\"@id\":\"https:\/\/ainavalles.com\/#organization\"},\"image\":{\"@id\":\"https:\/\/ainavalles.com\/de\/aprovechar-zonas-muertas-bajo-escaleras-altillos-y-huecos\/#primaryimage\"},\"thumbnailUrl\":\"https:\/\/ainavalles.com\/wp-content\/uploads\/2025\/06\/f4609744-0101-46db-8741-9cffc9fbd954.png\",\"articleSection\":[\"Sin categorizar\"],\"inLanguage\":\"de\"},{\"@type\":\"WebPage\",\"@id\":\"https:\/\/ainavalles.com\/de\/aprovechar-zonas-muertas-bajo-escaleras-altillos-y-huecos\/\",\"url\":\"https:\/\/ainavalles.com\/de\/aprovechar-zonas-muertas-bajo-escaleras-altillos-y-huecos\/\",\"name\":\"Tote R\u00e4ume nutzen: unter Treppen, Hochbetten und Nischen - Aina Vall\u00e8s\",\"isPartOf\":{\"@id\":\"https:\/\/ainavalles.com\/#website\"},\"primaryImageOfPage\":{\"@id\":\"https:\/\/ainavalles.com\/de\/aprovechar-zonas-muertas-bajo-escaleras-altillos-y-huecos\/#primaryimage\"},\"image\":{\"@id\":\"https:\/\/ainavalles.com\/de\/aprovechar-zonas-muertas-bajo-escaleras-altillos-y-huecos\/#primaryimage\"},\"thumbnailUrl\":\"https:\/\/ainavalles.com\/wp-content\/uploads\/2025\/06\/f4609744-0101-46db-8741-9cffc9fbd954.png\",\"datePublished\":\"2025-06-09T08:44:03+00:00\",\"dateModified\":\"2025-06-09T09:02:16+00:00\",\"breadcrumb\":{\"@id\":\"https:\/\/ainavalles.com\/de\/aprovechar-zonas-muertas-bajo-escaleras-altillos-y-huecos\/#breadcrumb\"},\"inLanguage\":\"de\",\"potentialAction\":[{\"@type\":\"ReadAction\",\"target\":[\"https:\/\/ainavalles.com\/de\/aprovechar-zonas-muertas-bajo-escaleras-altillos-y-huecos\/\"]}]},{\"@type\":\"ImageObject\",\"inLanguage\":\"de\",\"@id\":\"https:\/\/ainavalles.com\/de\/aprovechar-zonas-muertas-bajo-escaleras-altillos-y-huecos\/#primaryimage\",\"url\":\"https:\/\/ainavalles.com\/wp-content\/uploads\/2025\/06\/f4609744-0101-46db-8741-9cffc9fbd954.png\",\"contentUrl\":\"https:\/\/ainavalles.com\/wp-content\/uploads\/2025\/06\/f4609744-0101-46db-8741-9cffc9fbd954.png\",\"width\":1024,\"height\":1536},{\"@type\":\"BreadcrumbList\",\"@id\":\"https:\/\/ainavalles.com\/de\/aprovechar-zonas-muertas-bajo-escaleras-altillos-y-huecos\/#breadcrumb\",\"itemListElement\":[{\"@type\":\"ListItem\",\"position\":1,\"name\":\"Portada\",\"item\":\"https:\/\/ainavalles.com\/de\/\"},{\"@type\":\"ListItem\",\"position\":2,\"name\":\"Tote R\u00e4ume nutzen: unter Treppen, Hochbetten und Nischen\"}]},{\"@type\":\"WebSite\",\"@id\":\"https:\/\/ainavalles.com\/#website\",\"url\":\"https:\/\/ainavalles.com\/\",\"name\":\"Aina Vall\u00e8s\",\"description\":\"Interiorismo en Mallorca\",\"publisher\":{\"@id\":\"https:\/\/ainavalles.com\/#organization\"},\"potentialAction\":[{\"@type\":\"SearchAction\",\"target\":{\"@type\":\"EntryPoint\",\"urlTemplate\":\"https:\/\/ainavalles.com\/?s={search_term_string}\"},\"query-input\":{\"@type\":\"PropertyValueSpecification\",\"valueRequired\":true,\"valueName\":\"search_term_string\"}}],\"inLanguage\":\"de\"},{\"@type\":\"Organization\",\"@id\":\"https:\/\/ainavalles.com\/#organization\",\"name\":\"Aina Vall\u00e8s\",\"url\":\"https:\/\/ainavalles.com\/\",\"logo\":{\"@type\":\"ImageObject\",\"inLanguage\":\"de\",\"@id\":\"https:\/\/ainavalles.com\/#\/schema\/logo\/image\/\",\"url\":\"https:\/\/ainavalles.com\/wp-content\/uploads\/2023\/09\/logo.svg\",\"contentUrl\":\"https:\/\/ainavalles.com\/wp-content\/uploads\/2023\/09\/logo.svg\",\"width\":300,\"height\":244,\"caption\":\"Aina Vall\u00e8s\"},\"image\":{\"@id\":\"https:\/\/ainavalles.com\/#\/schema\/logo\/image\/\"},\"sameAs\":[\"https:\/\/www.facebook.com\/people\/Aina-Valls\/100090582199736\/\",\"https:\/\/www.instagram.com\/aina_valles\/\"]},{\"@type\":\"Person\",\"@id\":\"https:\/\/ainavalles.com\/#\/schema\/person\/66806b4f2c1fbd143b75d1a0b0cfee0b\",\"name\":\"Aina Vall\u00e9s\",\"sameAs\":[\"https:\/\/ainavalles.com\"]}]}<\/script>\n<!-- \/ Yoast SEO plugin. -->","yoast_head_json":{"title":"Tote R\u00e4ume nutzen: unter Treppen, Hochbetten und Nischen - Aina Vall\u00e8s","robots":{"index":"index","follow":"follow","max-snippet":"max-snippet:-1","max-image-preview":"max-image-preview:large","max-video-preview":"max-video-preview:-1"},"canonical":"https:\/\/ainavalles.com\/de\/aprovechar-zonas-muertas-bajo-escaleras-altillos-y-huecos\/","og_locale":"de_DE","og_type":"article","og_title":"Tote R\u00e4ume nutzen: unter Treppen, Hochbetten und Nischen - Aina Vall\u00e8s","og_description":"Bei Aina Vall\u00e9s lassen wir beim Gestalten eines Raums kein Eckchen ungenutzt. Viele Wohnungen haben tote Bereiche, die oft \u00fcbersehen werden: unter der Treppe, leere Hochbetten, Nischen zwischen W\u00e4nden \u2026 Und genau dort, wenn man es richtig plant, lassen sich Stauraum, Ordnung und \u00c4sthetik schaffen, die den Unterschied machen. Von unserem Studio in S\u00f3ller, Mallorca, [&hellip;]","og_url":"https:\/\/ainavalles.com\/de\/aprovechar-zonas-muertas-bajo-escaleras-altillos-y-huecos\/","og_site_name":"Aina Vall\u00e8s","article_publisher":"https:\/\/www.facebook.com\/people\/Aina-Valls\/100090582199736\/","article_published_time":"2025-06-09T08:44:03+00:00","article_modified_time":"2025-06-09T09:02:16+00:00","og_image":[{"url":"https:\/\/ainavalles.com\/wp-content\/uploads\/2025\/06\/f4609744-0101-46db-8741-9cffc9fbd954.png","width":1024,"height":1536,"type":"image\/png"}],"author":"Aina Vall\u00e9s","twitter_card":"summary_large_image","twitter_misc":{"Verfasst von":"Aina Vall\u00e9s","Gesch\u00e4tzte Lesezeit":"3\u00a0Minuten"},"schema":{"@context":"https:\/\/schema.org","@graph":[{"@type":"Article","@id":"https:\/\/ainavalles.com\/de\/aprovechar-zonas-muertas-bajo-escaleras-altillos-y-huecos\/#article","isPartOf":{"@id":"https:\/\/ainavalles.com\/de\/aprovechar-zonas-muertas-bajo-escaleras-altillos-y-huecos\/"},"author":{"name":"Aina Vall\u00e9s","@id":"https:\/\/ainavalles.com\/#\/schema\/person\/66806b4f2c1fbd143b75d1a0b0cfee0b"},"headline":"Tote R\u00e4ume nutzen: unter Treppen, Hochbetten und Nischen","datePublished":"2025-06-09T08:44:03+00:00","dateModified":"2025-06-09T09:02:16+00:00","mainEntityOfPage":{"@id":"https:\/\/ainavalles.com\/de\/aprovechar-zonas-muertas-bajo-escaleras-altillos-y-huecos\/"},"wordCount":380,"publisher":{"@id":"https:\/\/ainavalles.com\/#organization"},"image":{"@id":"https:\/\/ainavalles.com\/de\/aprovechar-zonas-muertas-bajo-escaleras-altillos-y-huecos\/#primaryimage"},"thumbnailUrl":"https:\/\/ainavalles.com\/wp-content\/uploads\/2025\/06\/f4609744-0101-46db-8741-9cffc9fbd954.png","articleSection":["Sin categorizar"],"inLanguage":"de"},{"@type":"WebPage","@id":"https:\/\/ainavalles.com\/de\/aprovechar-zonas-muertas-bajo-escaleras-altillos-y-huecos\/","url":"https:\/\/ainavalles.com\/de\/aprovechar-zonas-muertas-bajo-escaleras-altillos-y-huecos\/","name":"Tote R\u00e4ume nutzen: unter Treppen, Hochbetten und Nischen - Aina Vall\u00e8s","isPartOf":{"@id":"https:\/\/ainavalles.com\/#website"},"primaryImageOfPage":{"@id":"https:\/\/ainavalles.com\/de\/aprovechar-zonas-muertas-bajo-escaleras-altillos-y-huecos\/#primaryimage"},"image":{"@id":"https:\/\/ainavalles.com\/de\/aprovechar-zonas-muertas-bajo-escaleras-altillos-y-huecos\/#primaryimage"},"thumbnailUrl":"https:\/\/ainavalles.com\/wp-content\/uploads\/2025\/06\/f4609744-0101-46db-8741-9cffc9fbd954.png","datePublished":"2025-06-09T08:44:03+00:00","dateModified":"2025-06-09T09:02:16+00:00","breadcrumb":{"@id":"https:\/\/ainavalles.com\/de\/aprovechar-zonas-muertas-bajo-escaleras-altillos-y-huecos\/#breadcrumb"},"inLanguage":"de","potentialAction":[{"@type":"ReadAction","target":["https:\/\/ainavalles.com\/de\/aprovechar-zonas-muertas-bajo-escaleras-altillos-y-huecos\/"]}]},{"@type":"ImageObject","inLanguage":"de","@id":"https:\/\/ainavalles.com\/de\/aprovechar-zonas-muertas-bajo-escaleras-altillos-y-huecos\/#primaryimage","url":"https:\/\/ainavalles.com\/wp-content\/uploads\/2025\/06\/f4609744-0101-46db-8741-9cffc9fbd954.png","contentUrl":"https:\/\/ainavalles.com\/wp-content\/uploads\/2025\/06\/f4609744-0101-46db-8741-9cffc9fbd954.png","width":1024,"height":1536},{"@type":"BreadcrumbList","@id":"https:\/\/ainavalles.com\/de\/aprovechar-zonas-muertas-bajo-escaleras-altillos-y-huecos\/#breadcrumb","itemListElement":[{"@type":"ListItem","position":1,"name":"Portada","item":"https:\/\/ainavalles.com\/de\/"},{"@type":"ListItem","position":2,"name":"Tote R\u00e4ume nutzen: unter Treppen, Hochbetten und Nischen"}]},{"@type":"WebSite","@id":"https:\/\/ainavalles.com\/#website","url":"https:\/\/ainavalles.com\/","name":"Aina Vall\u00e8s","description":"Interiorismo en Mallorca","publisher":{"@id":"https:\/\/ainavalles.com\/#organization"},"potentialAction":[{"@type":"SearchAction","target":{"@type":"EntryPoint","urlTemplate":"https:\/\/ainavalles.com\/?s={search_term_string}"},"query-input":{"@type":"PropertyValueSpecification","valueRequired":true,"valueName":"search_term_string"}}],"inLanguage":"de"},{"@type":"Organization","@id":"https:\/\/ainavalles.com\/#organization","name":"Aina Vall\u00e8s","url":"https:\/\/ainavalles.com\/","logo":{"@type":"ImageObject","inLanguage":"de","@id":"https:\/\/ainavalles.com\/#\/schema\/logo\/image\/","url":"https:\/\/ainavalles.com\/wp-content\/uploads\/2023\/09\/logo.svg","contentUrl":"https:\/\/ainavalles.com\/wp-content\/uploads\/2023\/09\/logo.svg","width":300,"height":244,"caption":"Aina Vall\u00e8s"},"image":{"@id":"https:\/\/ainavalles.com\/#\/schema\/logo\/image\/"},"sameAs":["https:\/\/www.facebook.com\/people\/Aina-Valls\/100090582199736\/","https:\/\/www.instagram.com\/aina_valles\/"]},{"@type":"Person","@id":"https:\/\/ainavalles.com\/#\/schema\/person\/66806b4f2c1fbd143b75d1a0b0cfee0b","name":"Aina Vall\u00e9s","sameAs":["https:\/\/ainavalles.com"]}]}},"_links":{"self":[{"href":"https:\/\/ainavalles.com\/de\/wp-json\/wp\/v2\/posts\/3453","targetHints":{"allow":["GET"]}}],"collection":[{"href":"https:\/\/ainavalles.com\/de\/wp-json\/wp\/v2\/posts"}],"about":[{"href":"https:\/\/ainavalles.com\/de\/wp-json\/wp\/v2\/types\/post"}],"author":[{"embeddable":true,"href":"https:\/\/ainavalles.com\/de\/wp-json\/wp\/v2\/users\/2"}],"replies":[{"embeddable":true,"href":"https:\/\/ainavalles.com\/de\/wp-json\/wp\/v2\/comments?post=3453"}],"version-history":[{"count":1,"href":"https:\/\/ainavalles.com\/de\/wp-json\/wp\/v2\/posts\/3453\/revisions"}],"predecessor-version":[{"id":3455,"href":"https:\/\/ainavalles.com\/de\/wp-json\/wp\/v2\/posts\/3453\/revisions\/3455"}],"wp:featuredmedia":[{"embeddable":true,"href":"https:\/\/ainavalles.com\/de\/wp-json\/wp\/v2\/media\/3447"}],"wp:attachment":[{"href":"https:\/\/ainavalles.com\/de\/wp-json\/wp\/v2\/media?parent=3453"}],"wp:term":[{"taxonomy":"category","embeddable":true,"href":"https:\/\/ainavalles.com\/de\/wp-json\/wp\/v2\/categories?post=3453"},{"taxonomy":"post_tag","embeddable":true,"href":"https:\/\/ainavalles.com\/de\/wp-json\/wp\/v2\/tags?post=3453"}],"curies":[{"name":"wp","href":"https:\/\/api.w.org\/{rel}","templated":true}]}}