{"id":3832,"date":"2025-06-30T11:34:23","date_gmt":"2025-06-30T09:34:23","guid":{"rendered":"https:\/\/ainavalles.com\/ideas-para-muebles-de-bano-a-medida\/"},"modified":"2025-06-30T12:28:43","modified_gmt":"2025-06-30T10:28:43","slug":"ideas-para-muebles-de-bano-a-medida","status":"publish","type":"post","link":"https:\/\/ainavalles.com\/de\/ideas-para-muebles-de-bano-a-medida\/","title":{"rendered":"Ideen f\u00fcr ma\u00dfgefertigte Badezimmerm\u00f6bel"},"content":{"rendered":"\n<p>Bei Aina Vall\u00e9s glauben wir, dass das Badezimmer nicht nur ein Durchgangsraum ist, sondern ein Ort, an dem du auch an Ordnung, \u00c4sthetik und Wohlbefinden gewinnen kannst. Deshalb entwerfen, fertigen und installieren wir ma\u00dfgefertigte Badezimmerm\u00f6bel, die zu dir, deinem Raum und deinem Lebensstil passen.<\/p>\n\n\n\n<p>Von unserem Studio in S\u00f3ller, Mallorca aus achten wir auf jedes Detail, damit dein Badezimmer sowohl innen als auch au\u00dfen Sinn ergibt.<\/p>\n\n\n\n<h2 class=\"wp-block-heading\"><strong>H\u00e4ngem\u00f6bel: mehr visuelle Leichtigkeit<\/strong><\/h2>\n\n\n\n<p>H\u00e4ngende Badezimmerm\u00f6bel sind ideal f\u00fcr kleine oder enge B\u00e4der. Da sie vom Boden abgehoben sind, wirken sie leichter, erleichtern die Reinigung und lassen den Raum gr\u00f6\u00dfer erscheinen. Du kannst sie kombinieren mit:<\/p>\n\n\n\n<ul class=\"wp-block-list\">\n<li>Arbeitsplatten aus Naturstein oder Mikrozement<\/li>\n\n\n\n<li>Schubladen mit Innenunterteilungen<\/li>\n\n\n\n<li>Integrierten oder Aufsatzwaschbecken<\/li>\n<\/ul>\n\n\n<div class=\"wp-block-image\">\n<figure class=\"aligncenter size-full is-resized\"><img fetchpriority=\"high\" decoding=\"async\" width=\"933\" height=\"1400\" src=\"https:\/\/ainavalles.com\/wp-content\/uploads\/2025\/06\/5b43114c-e0c4-4522-9338-4981d2ab4a38.png\" alt=\"\" class=\"wp-image-3805\" style=\"width:404px;height:auto\" srcset=\"https:\/\/ainavalles.com\/wp-content\/uploads\/2025\/06\/5b43114c-e0c4-4522-9338-4981d2ab4a38.png 933w, https:\/\/ainavalles.com\/wp-content\/uploads\/2025\/06\/5b43114c-e0c4-4522-9338-4981d2ab4a38-768x1152.png 768w\" sizes=\"(max-width: 933px) 100vw, 933px\" \/><\/figure>\n<\/div>\n\n\n<h2 class=\"wp-block-heading\"><strong>L\u00f6sungen f\u00fcr kleine Badezimmer<\/strong><\/h2>\n\n\n\n<p>Wenn der Platz begrenzt ist, macht das Design den Unterschied. Einige Ideen:<\/p>\n\n\n\n<ul class=\"wp-block-list\">\n<li>Ma\u00dfm\u00f6bel f\u00fcr Nischen oder schwierige Ecken<\/li>\n\n\n\n<li>Geringe Tiefe (unter 40 cm), ohne Stauraum zu verlieren<\/li>\n\n\n\n<li>Spiegelschr\u00e4nke, die Licht und Raum verdoppeln<\/li>\n\n\n\n<li>Vertikale Regale oder in die Wand integrierte Nischen<\/li>\n<\/ul>\n\n\n\n<p>In kleinen B\u00e4dern z\u00e4hlt jeder Zentimeter \u2013 und gutes Design ver\u00e4ndert alles.<\/p>\n\n\n\n<h2 class=\"wp-block-heading\"><strong>Doppelwaschbecken mit Stauraum<\/strong><\/h2>\n\n\n<div class=\"wp-block-image\">\n<figure class=\"aligncenter size-full is-resized\"><img decoding=\"async\" width=\"933\" height=\"1400\" src=\"https:\/\/ainavalles.com\/wp-content\/uploads\/2025\/06\/4605815f-facb-479f-9bb7-dfafd9149ff4.png\" alt=\"\" class=\"wp-image-3813\" style=\"width:411px;height:auto\" srcset=\"https:\/\/ainavalles.com\/wp-content\/uploads\/2025\/06\/4605815f-facb-479f-9bb7-dfafd9149ff4.png 933w, https:\/\/ainavalles.com\/wp-content\/uploads\/2025\/06\/4605815f-facb-479f-9bb7-dfafd9149ff4-768x1152.png 768w\" sizes=\"(max-width: 933px) 100vw, 933px\" \/><\/figure>\n<\/div>\n\n\n<p>In gemeinsam genutzten Badezimmern sorgen Doppelwaschbecken f\u00fcr mehr Komfort. Wir gestalten sie mit:<\/p>\n\n\n\n<ul class=\"wp-block-list\">\n<li>Zwei integrierten Becken oder Doppel-Aufsatzwaschbecken<\/li>\n\n\n\n<li>Unabh\u00e4ngigen Unterschr\u00e4nken \u2013 f\u00fcr jede Person einen<\/li>\n\n\n\n<li>Vollst\u00e4ndig ausziehbaren Schubladen mit Unterteilungen<\/li>\n<\/ul>\n\n\n\n<p>So hat jeder seinen eigenen Bereich, alles bleibt ordentlich und das Bad funktioniert ohne Stress.<\/p>\n\n\n\n<h2 class=\"wp-block-heading\"><strong>Offene M\u00f6bel und integrierte Regale<\/strong><\/h2>\n\n\n\n<p>Offene M\u00f6belst\u00fccke und integrierte Regale bringen W\u00e4rme und Nat\u00fcrlichkeit ins Badezimmer. Perfekt geeignet f\u00fcr:<\/p>\n\n\n\n<ul class=\"wp-block-list\">\n<li>Dekorative Details, die den Raum pers\u00f6nlicher machen<\/li>\n\n\n\n<li>Aufgerollte Handt\u00fccher<\/li>\n\n\n\n<li>K\u00f6rbe aus Naturfasern<\/li>\n\n\n\n<li>Alltagsprodukte griffbereit<\/li>\n<\/ul>\n\n\n<div class=\"wp-block-image\">\n<figure class=\"aligncenter size-full is-resized\"><img decoding=\"async\" width=\"933\" height=\"1400\" src=\"https:\/\/ainavalles.com\/wp-content\/uploads\/2025\/06\/f5590c74-a118-4e5a-a42f-96706d0ca3df.png\" alt=\"\" class=\"wp-image-3809\" style=\"width:404px;height:auto\" srcset=\"https:\/\/ainavalles.com\/wp-content\/uploads\/2025\/06\/f5590c74-a118-4e5a-a42f-96706d0ca3df.png 933w, https:\/\/ainavalles.com\/wp-content\/uploads\/2025\/06\/f5590c74-a118-4e5a-a42f-96706d0ca3df-768x1152.png 768w\" sizes=\"(max-width: 933px) 100vw, 933px\" \/><\/figure>\n<\/div>\n\n\n<p><br><br>Wir kombinieren sie mit glatten Fronten oder Naturh\u00f6lzern, um eine visuelle Harmonie zu bewahren.<\/p>\n\n\n\n<h2 class=\"wp-block-heading\"><strong>Langlebige Materialien und Oberfl\u00e4chen<\/strong><\/h2>\n\n\n\n<p>Ein gutes ma\u00dfgefertigtes Badm\u00f6belst\u00fcck soll nicht nur sch\u00f6n sein: Es muss Feuchtigkeit, t\u00e4glicher Nutzung und der Zeit standhalten. In unserer Werkstatt arbeiten wir mit:<\/p>\n\n\n\n<ul class=\"wp-block-list\">\n<li>Feuchtigkeitsresistenten Platten<\/li>\n\n\n\n<li>Hochbest\u00e4ndigen Oberfl\u00e4chen<\/li>\n\n\n\n<li>Nat\u00fcrlichen, wasserbasierten Lacken<\/li>\n\n\n\n<li>Langlebigen und leichtg\u00e4ngigen Beschl\u00e4gen<\/li>\n<\/ul>\n\n\n\n<p>Und das alles, ohne auf ein klares, sorgf\u00e4ltiges und individuelles Design zu verzichten.<\/p>\n\n\n<div class=\"wp-block-image\">\n<figure class=\"aligncenter size-full is-resized\"><img loading=\"lazy\" decoding=\"async\" width=\"933\" height=\"1400\" src=\"https:\/\/ainavalles.com\/wp-content\/uploads\/2025\/06\/1fef29cf-3dbb-4162-8b3c-212ee6b46b28-1.png\" alt=\"\" class=\"wp-image-3821\" style=\"width:375px;height:auto\" srcset=\"https:\/\/ainavalles.com\/wp-content\/uploads\/2025\/06\/1fef29cf-3dbb-4162-8b3c-212ee6b46b28-1.png 933w, https:\/\/ainavalles.com\/wp-content\/uploads\/2025\/06\/1fef29cf-3dbb-4162-8b3c-212ee6b46b28-1-768x1152.png 768w\" sizes=\"(max-width: 933px) 100vw, 933px\" \/><\/figure>\n<\/div>\n\n\n<h2 class=\"wp-block-heading\"><strong>M\u00f6chtest du dein Bad mit uns planen?<\/strong><\/h2>\n\n\n\n<p>Erz\u00e4hl uns von deinem Raum, deinem Geschmack und deinen Bed\u00fcrfnissen.<br>Bei Aina Vall\u00e9s entwerfen wir ma\u00dfgefertigte Badezimmerm\u00f6bel, die dir das Leben erleichtern und dich jeden Tag wohlf\u00fchlen lassen.<\/p>\n\n\n\n<p>Wir entwerfen, fertigen und montieren dein Traumbad in S\u00f3ller, Mallorca.<\/p>\n","protected":false},"excerpt":{"rendered":"<p>Bei Aina Vall\u00e9s glauben wir, dass das Badezimmer nicht nur ein Durchgangsraum ist, sondern ein Ort, an dem du auch an Ordnung, \u00c4sthetik und Wohlbefinden gewinnen kannst. Deshalb entwerfen, fertigen und installieren wir ma\u00dfgefertigte Badezimmerm\u00f6bel, die zu dir, deinem Raum und deinem Lebensstil passen. Von unserem Studio in S\u00f3ller, Mallorca aus achten wir auf jedes [&hellip;]<\/p>\n","protected":false},"author":2,"featured_media":3824,"comment_status":"closed","ping_status":"closed","sticky":false,"template":"","format":"standard","meta":{"_acf_changed":false,"footnotes":""},"categories":[25],"tags":[],"class_list":["post-3832","post","type-post","status-publish","format-standard","has-post-thumbnail","hentry","category-sin-categorizar-3"],"acf":[],"yoast_head":"<!-- This site is optimized with the Yoast SEO plugin v26.8 - https:\/\/yoast.com\/product\/yoast-seo-wordpress\/ -->\n<title>Ideen f\u00fcr ma\u00dfgefertigte Badezimmerm\u00f6bel - Aina Vall\u00e8s<\/title>\n<meta name=\"robots\" content=\"index, follow, max-snippet:-1, max-image-preview:large, max-video-preview:-1\" \/>\n<link rel=\"canonical\" href=\"https:\/\/ainavalles.com\/de\/ideas-para-muebles-de-bano-a-medida\/\" \/>\n<meta property=\"og:locale\" content=\"de_DE\" \/>\n<meta property=\"og:type\" content=\"article\" \/>\n<meta property=\"og:title\" content=\"Ideen f\u00fcr ma\u00dfgefertigte Badezimmerm\u00f6bel - Aina Vall\u00e8s\" \/>\n<meta property=\"og:description\" content=\"Bei Aina Vall\u00e9s glauben wir, dass das Badezimmer nicht nur ein Durchgangsraum ist, sondern ein Ort, an dem du auch an Ordnung, \u00c4sthetik und Wohlbefinden gewinnen kannst. Deshalb entwerfen, fertigen und installieren wir ma\u00dfgefertigte Badezimmerm\u00f6bel, die zu dir, deinem Raum und deinem Lebensstil passen. Von unserem Studio in S\u00f3ller, Mallorca aus achten wir auf jedes [&hellip;]\" \/>\n<meta property=\"og:url\" content=\"https:\/\/ainavalles.com\/de\/ideas-para-muebles-de-bano-a-medida\/\" \/>\n<meta property=\"og:site_name\" content=\"Aina Vall\u00e8s\" \/>\n<meta property=\"article:publisher\" content=\"https:\/\/www.facebook.com\/people\/Aina-Valls\/100090582199736\/\" \/>\n<meta property=\"article:published_time\" content=\"2025-06-30T09:34:23+00:00\" \/>\n<meta property=\"article:modified_time\" content=\"2025-06-30T10:28:43+00:00\" \/>\n<meta property=\"og:image\" content=\"https:\/\/ainavalles.com\/wp-content\/uploads\/2025\/06\/1fef29cf-3dbb-4162-8b3c-212ee6b46b28-1.png\" \/>\n\t<meta property=\"og:image:width\" content=\"1024\" \/>\n\t<meta property=\"og:image:height\" content=\"1536\" \/>\n\t<meta property=\"og:image:type\" content=\"image\/png\" \/>\n<meta name=\"author\" content=\"Aina Vall\u00e9s\" \/>\n<meta name=\"twitter:card\" content=\"summary_large_image\" \/>\n<meta name=\"twitter:label1\" content=\"Verfasst von\" \/>\n\t<meta name=\"twitter:data1\" content=\"Aina Vall\u00e9s\" \/>\n\t<meta name=\"twitter:label2\" content=\"Gesch\u00e4tzte Lesezeit\" \/>\n\t<meta name=\"twitter:data2\" content=\"3\u00a0Minuten\" \/>\n<script type=\"application\/ld+json\" class=\"yoast-schema-graph\">{\"@context\":\"https:\/\/schema.org\",\"@graph\":[{\"@type\":\"Article\",\"@id\":\"https:\/\/ainavalles.com\/de\/ideas-para-muebles-de-bano-a-medida\/#article\",\"isPartOf\":{\"@id\":\"https:\/\/ainavalles.com\/de\/ideas-para-muebles-de-bano-a-medida\/\"},\"author\":{\"name\":\"Aina Vall\u00e9s\",\"@id\":\"https:\/\/ainavalles.com\/#\/schema\/person\/66806b4f2c1fbd143b75d1a0b0cfee0b\"},\"headline\":\"Ideen f\u00fcr ma\u00dfgefertigte Badezimmerm\u00f6bel\",\"datePublished\":\"2025-06-30T09:34:23+00:00\",\"dateModified\":\"2025-06-30T10:28:43+00:00\",\"mainEntityOfPage\":{\"@id\":\"https:\/\/ainavalles.com\/de\/ideas-para-muebles-de-bano-a-medida\/\"},\"wordCount\":422,\"publisher\":{\"@id\":\"https:\/\/ainavalles.com\/#organization\"},\"image\":{\"@id\":\"https:\/\/ainavalles.com\/de\/ideas-para-muebles-de-bano-a-medida\/#primaryimage\"},\"thumbnailUrl\":\"https:\/\/ainavalles.com\/wp-content\/uploads\/2025\/06\/1fef29cf-3dbb-4162-8b3c-212ee6b46b28-1.png\",\"articleSection\":[\"Sin categorizar\"],\"inLanguage\":\"de\"},{\"@type\":\"WebPage\",\"@id\":\"https:\/\/ainavalles.com\/de\/ideas-para-muebles-de-bano-a-medida\/\",\"url\":\"https:\/\/ainavalles.com\/de\/ideas-para-muebles-de-bano-a-medida\/\",\"name\":\"Ideen f\u00fcr ma\u00dfgefertigte Badezimmerm\u00f6bel - Aina Vall\u00e8s\",\"isPartOf\":{\"@id\":\"https:\/\/ainavalles.com\/#website\"},\"primaryImageOfPage\":{\"@id\":\"https:\/\/ainavalles.com\/de\/ideas-para-muebles-de-bano-a-medida\/#primaryimage\"},\"image\":{\"@id\":\"https:\/\/ainavalles.com\/de\/ideas-para-muebles-de-bano-a-medida\/#primaryimage\"},\"thumbnailUrl\":\"https:\/\/ainavalles.com\/wp-content\/uploads\/2025\/06\/1fef29cf-3dbb-4162-8b3c-212ee6b46b28-1.png\",\"datePublished\":\"2025-06-30T09:34:23+00:00\",\"dateModified\":\"2025-06-30T10:28:43+00:00\",\"breadcrumb\":{\"@id\":\"https:\/\/ainavalles.com\/de\/ideas-para-muebles-de-bano-a-medida\/#breadcrumb\"},\"inLanguage\":\"de\",\"potentialAction\":[{\"@type\":\"ReadAction\",\"target\":[\"https:\/\/ainavalles.com\/de\/ideas-para-muebles-de-bano-a-medida\/\"]}]},{\"@type\":\"ImageObject\",\"inLanguage\":\"de\",\"@id\":\"https:\/\/ainavalles.com\/de\/ideas-para-muebles-de-bano-a-medida\/#primaryimage\",\"url\":\"https:\/\/ainavalles.com\/wp-content\/uploads\/2025\/06\/1fef29cf-3dbb-4162-8b3c-212ee6b46b28-1.png\",\"contentUrl\":\"https:\/\/ainavalles.com\/wp-content\/uploads\/2025\/06\/1fef29cf-3dbb-4162-8b3c-212ee6b46b28-1.png\",\"width\":1024,\"height\":1536},{\"@type\":\"BreadcrumbList\",\"@id\":\"https:\/\/ainavalles.com\/de\/ideas-para-muebles-de-bano-a-medida\/#breadcrumb\",\"itemListElement\":[{\"@type\":\"ListItem\",\"position\":1,\"name\":\"Portada\",\"item\":\"https:\/\/ainavalles.com\/de\/\"},{\"@type\":\"ListItem\",\"position\":2,\"name\":\"Ideen f\u00fcr ma\u00dfgefertigte Badezimmerm\u00f6bel\"}]},{\"@type\":\"WebSite\",\"@id\":\"https:\/\/ainavalles.com\/#website\",\"url\":\"https:\/\/ainavalles.com\/\",\"name\":\"Aina Vall\u00e8s\",\"description\":\"Interiorismo en Mallorca\",\"publisher\":{\"@id\":\"https:\/\/ainavalles.com\/#organization\"},\"potentialAction\":[{\"@type\":\"SearchAction\",\"target\":{\"@type\":\"EntryPoint\",\"urlTemplate\":\"https:\/\/ainavalles.com\/?s={search_term_string}\"},\"query-input\":{\"@type\":\"PropertyValueSpecification\",\"valueRequired\":true,\"valueName\":\"search_term_string\"}}],\"inLanguage\":\"de\"},{\"@type\":\"Organization\",\"@id\":\"https:\/\/ainavalles.com\/#organization\",\"name\":\"Aina Vall\u00e8s\",\"url\":\"https:\/\/ainavalles.com\/\",\"logo\":{\"@type\":\"ImageObject\",\"inLanguage\":\"de\",\"@id\":\"https:\/\/ainavalles.com\/#\/schema\/logo\/image\/\",\"url\":\"https:\/\/ainavalles.com\/wp-content\/uploads\/2023\/09\/logo.svg\",\"contentUrl\":\"https:\/\/ainavalles.com\/wp-content\/uploads\/2023\/09\/logo.svg\",\"width\":300,\"height\":244,\"caption\":\"Aina Vall\u00e8s\"},\"image\":{\"@id\":\"https:\/\/ainavalles.com\/#\/schema\/logo\/image\/\"},\"sameAs\":[\"https:\/\/www.facebook.com\/people\/Aina-Valls\/100090582199736\/\",\"https:\/\/www.instagram.com\/aina_valles\/\"]},{\"@type\":\"Person\",\"@id\":\"https:\/\/ainavalles.com\/#\/schema\/person\/66806b4f2c1fbd143b75d1a0b0cfee0b\",\"name\":\"Aina Vall\u00e9s\",\"sameAs\":[\"https:\/\/ainavalles.com\"]}]}<\/script>\n<!-- \/ Yoast SEO plugin. -->","yoast_head_json":{"title":"Ideen f\u00fcr ma\u00dfgefertigte Badezimmerm\u00f6bel - Aina Vall\u00e8s","robots":{"index":"index","follow":"follow","max-snippet":"max-snippet:-1","max-image-preview":"max-image-preview:large","max-video-preview":"max-video-preview:-1"},"canonical":"https:\/\/ainavalles.com\/de\/ideas-para-muebles-de-bano-a-medida\/","og_locale":"de_DE","og_type":"article","og_title":"Ideen f\u00fcr ma\u00dfgefertigte Badezimmerm\u00f6bel - Aina Vall\u00e8s","og_description":"Bei Aina Vall\u00e9s glauben wir, dass das Badezimmer nicht nur ein Durchgangsraum ist, sondern ein Ort, an dem du auch an Ordnung, \u00c4sthetik und Wohlbefinden gewinnen kannst. Deshalb entwerfen, fertigen und installieren wir ma\u00dfgefertigte Badezimmerm\u00f6bel, die zu dir, deinem Raum und deinem Lebensstil passen. Von unserem Studio in S\u00f3ller, Mallorca aus achten wir auf jedes [&hellip;]","og_url":"https:\/\/ainavalles.com\/de\/ideas-para-muebles-de-bano-a-medida\/","og_site_name":"Aina Vall\u00e8s","article_publisher":"https:\/\/www.facebook.com\/people\/Aina-Valls\/100090582199736\/","article_published_time":"2025-06-30T09:34:23+00:00","article_modified_time":"2025-06-30T10:28:43+00:00","og_image":[{"url":"https:\/\/ainavalles.com\/wp-content\/uploads\/2025\/06\/1fef29cf-3dbb-4162-8b3c-212ee6b46b28-1.png","width":1024,"height":1536,"type":"image\/png"}],"author":"Aina Vall\u00e9s","twitter_card":"summary_large_image","twitter_misc":{"Verfasst von":"Aina Vall\u00e9s","Gesch\u00e4tzte Lesezeit":"3\u00a0Minuten"},"schema":{"@context":"https:\/\/schema.org","@graph":[{"@type":"Article","@id":"https:\/\/ainavalles.com\/de\/ideas-para-muebles-de-bano-a-medida\/#article","isPartOf":{"@id":"https:\/\/ainavalles.com\/de\/ideas-para-muebles-de-bano-a-medida\/"},"author":{"name":"Aina Vall\u00e9s","@id":"https:\/\/ainavalles.com\/#\/schema\/person\/66806b4f2c1fbd143b75d1a0b0cfee0b"},"headline":"Ideen f\u00fcr ma\u00dfgefertigte Badezimmerm\u00f6bel","datePublished":"2025-06-30T09:34:23+00:00","dateModified":"2025-06-30T10:28:43+00:00","mainEntityOfPage":{"@id":"https:\/\/ainavalles.com\/de\/ideas-para-muebles-de-bano-a-medida\/"},"wordCount":422,"publisher":{"@id":"https:\/\/ainavalles.com\/#organization"},"image":{"@id":"https:\/\/ainavalles.com\/de\/ideas-para-muebles-de-bano-a-medida\/#primaryimage"},"thumbnailUrl":"https:\/\/ainavalles.com\/wp-content\/uploads\/2025\/06\/1fef29cf-3dbb-4162-8b3c-212ee6b46b28-1.png","articleSection":["Sin categorizar"],"inLanguage":"de"},{"@type":"WebPage","@id":"https:\/\/ainavalles.com\/de\/ideas-para-muebles-de-bano-a-medida\/","url":"https:\/\/ainavalles.com\/de\/ideas-para-muebles-de-bano-a-medida\/","name":"Ideen f\u00fcr ma\u00dfgefertigte Badezimmerm\u00f6bel - Aina Vall\u00e8s","isPartOf":{"@id":"https:\/\/ainavalles.com\/#website"},"primaryImageOfPage":{"@id":"https:\/\/ainavalles.com\/de\/ideas-para-muebles-de-bano-a-medida\/#primaryimage"},"image":{"@id":"https:\/\/ainavalles.com\/de\/ideas-para-muebles-de-bano-a-medida\/#primaryimage"},"thumbnailUrl":"https:\/\/ainavalles.com\/wp-content\/uploads\/2025\/06\/1fef29cf-3dbb-4162-8b3c-212ee6b46b28-1.png","datePublished":"2025-06-30T09:34:23+00:00","dateModified":"2025-06-30T10:28:43+00:00","breadcrumb":{"@id":"https:\/\/ainavalles.com\/de\/ideas-para-muebles-de-bano-a-medida\/#breadcrumb"},"inLanguage":"de","potentialAction":[{"@type":"ReadAction","target":["https:\/\/ainavalles.com\/de\/ideas-para-muebles-de-bano-a-medida\/"]}]},{"@type":"ImageObject","inLanguage":"de","@id":"https:\/\/ainavalles.com\/de\/ideas-para-muebles-de-bano-a-medida\/#primaryimage","url":"https:\/\/ainavalles.com\/wp-content\/uploads\/2025\/06\/1fef29cf-3dbb-4162-8b3c-212ee6b46b28-1.png","contentUrl":"https:\/\/ainavalles.com\/wp-content\/uploads\/2025\/06\/1fef29cf-3dbb-4162-8b3c-212ee6b46b28-1.png","width":1024,"height":1536},{"@type":"BreadcrumbList","@id":"https:\/\/ainavalles.com\/de\/ideas-para-muebles-de-bano-a-medida\/#breadcrumb","itemListElement":[{"@type":"ListItem","position":1,"name":"Portada","item":"https:\/\/ainavalles.com\/de\/"},{"@type":"ListItem","position":2,"name":"Ideen f\u00fcr ma\u00dfgefertigte Badezimmerm\u00f6bel"}]},{"@type":"WebSite","@id":"https:\/\/ainavalles.com\/#website","url":"https:\/\/ainavalles.com\/","name":"Aina Vall\u00e8s","description":"Interiorismo en Mallorca","publisher":{"@id":"https:\/\/ainavalles.com\/#organization"},"potentialAction":[{"@type":"SearchAction","target":{"@type":"EntryPoint","urlTemplate":"https:\/\/ainavalles.com\/?s={search_term_string}"},"query-input":{"@type":"PropertyValueSpecification","valueRequired":true,"valueName":"search_term_string"}}],"inLanguage":"de"},{"@type":"Organization","@id":"https:\/\/ainavalles.com\/#organization","name":"Aina Vall\u00e8s","url":"https:\/\/ainavalles.com\/","logo":{"@type":"ImageObject","inLanguage":"de","@id":"https:\/\/ainavalles.com\/#\/schema\/logo\/image\/","url":"https:\/\/ainavalles.com\/wp-content\/uploads\/2023\/09\/logo.svg","contentUrl":"https:\/\/ainavalles.com\/wp-content\/uploads\/2023\/09\/logo.svg","width":300,"height":244,"caption":"Aina Vall\u00e8s"},"image":{"@id":"https:\/\/ainavalles.com\/#\/schema\/logo\/image\/"},"sameAs":["https:\/\/www.facebook.com\/people\/Aina-Valls\/100090582199736\/","https:\/\/www.instagram.com\/aina_valles\/"]},{"@type":"Person","@id":"https:\/\/ainavalles.com\/#\/schema\/person\/66806b4f2c1fbd143b75d1a0b0cfee0b","name":"Aina Vall\u00e9s","sameAs":["https:\/\/ainavalles.com"]}]}},"_links":{"self":[{"href":"https:\/\/ainavalles.com\/de\/wp-json\/wp\/v2\/posts\/3832","targetHints":{"allow":["GET"]}}],"collection":[{"href":"https:\/\/ainavalles.com\/de\/wp-json\/wp\/v2\/posts"}],"about":[{"href":"https:\/\/ainavalles.com\/de\/wp-json\/wp\/v2\/types\/post"}],"author":[{"embeddable":true,"href":"https:\/\/ainavalles.com\/de\/wp-json\/wp\/v2\/users\/2"}],"replies":[{"embeddable":true,"href":"https:\/\/ainavalles.com\/de\/wp-json\/wp\/v2\/comments?post=3832"}],"version-history":[{"count":1,"href":"https:\/\/ainavalles.com\/de\/wp-json\/wp\/v2\/posts\/3832\/revisions"}],"predecessor-version":[{"id":3834,"href":"https:\/\/ainavalles.com\/de\/wp-json\/wp\/v2\/posts\/3832\/revisions\/3834"}],"wp:featuredmedia":[{"embeddable":true,"href":"https:\/\/ainavalles.com\/de\/wp-json\/wp\/v2\/media\/3824"}],"wp:attachment":[{"href":"https:\/\/ainavalles.com\/de\/wp-json\/wp\/v2\/media?parent=3832"}],"wp:term":[{"taxonomy":"category","embeddable":true,"href":"https:\/\/ainavalles.com\/de\/wp-json\/wp\/v2\/categories?post=3832"},{"taxonomy":"post_tag","embeddable":true,"href":"https:\/\/ainavalles.com\/de\/wp-json\/wp\/v2\/tags?post=3832"}],"curies":[{"name":"wp","href":"https:\/\/api.w.org\/{rel}","templated":true}]}}