{"id":4136,"date":"2025-11-12T12:14:51","date_gmt":"2025-11-12T10:14:51","guid":{"rendered":"https:\/\/ainavalles.com\/comunicacion-que-inspira-y-lidera\/"},"modified":"2025-11-12T12:36:38","modified_gmt":"2025-11-12T10:36:38","slug":"comunicacion-que-inspira-y-lidera","status":"publish","type":"post","link":"https:\/\/ainavalles.com\/de\/comunicacion-que-inspira-y-lidera\/","title":{"rendered":"Kommunikation, die inspiriert und f\u00fchrt"},"content":{"rendered":"\n<p>Der letzte Workshop mit Mar F\u00e9lix war eine wunderbare Erfahrung \u2013 ein Vormittag voller Lernen, Verbindung und Reflexion dar\u00fcber, wie man mit Authentizit\u00e4t und F\u00fchrungskraft kommuniziert.<\/p>\n\n\n\n<p>Wir haben Haltung, Stimme, K\u00f6rpersprache und vor allem die Art und Weise analysiert, wie unsere Kommunikation Vertrauen und Glaubw\u00fcrdigkeit in anderen wecken kann.<\/p>\n\n\n\n<p>Aber \u00fcber den Inhalt hinaus war das Sch\u00f6nste die Atmosph\u00e4re, die entstand: nat\u00fcrlich, offen und voller Energie. Vielen Dank an alle, die teilgenommen haben, daf\u00fcr, dass ihr eure Erfahrungen geteilt und diesem Treffen so viel Leben geschenkt habt \ud83d\udc9b<\/p>\n\n\n\n<p>Hier findest du einige Fotos von diesem Tag, die die sch\u00f6nsten Momente des Workshops mit Mar F\u00e9lix und der Kunstausstellung von Naiara Yerobi festhalten, die das Studio mit Farbe und Sensibilit\u00e4t erf\u00fcllte.<\/p>\n\n\n\n<p>Wir wachsen weiter, lernen und schaffen R\u00e4ume zum Austausch.<br>Danke, dass du Teil davon bist! \ud83c\udf3f<\/p>\n\n\n\n<figure class=\"wp-block-gallery has-nested-images columns-default is-cropped wp-block-gallery-1 is-layout-flex wp-block-gallery-is-layout-flex\">\n<figure class=\"wp-block-image size-large\"><img fetchpriority=\"high\" decoding=\"async\" width=\"1000\" height=\"670\" data-id=\"4095\" src=\"https:\/\/ainavalles.com\/wp-content\/uploads\/2025\/11\/Taller-Soller-016.jpg\" alt=\"\" class=\"wp-image-4095\" srcset=\"https:\/\/ainavalles.com\/wp-content\/uploads\/2025\/11\/Taller-Soller-016.jpg 1000w, https:\/\/ainavalles.com\/wp-content\/uploads\/2025\/11\/Taller-Soller-016-768x515.jpg 768w\" sizes=\"(max-width: 1000px) 100vw, 1000px\" \/><\/figure>\n\n\n\n<figure class=\"wp-block-image size-large\"><img decoding=\"async\" width=\"1000\" height=\"682\" data-id=\"4105\" src=\"https:\/\/ainavalles.com\/wp-content\/uploads\/2025\/11\/Taller-Soller-018.jpg\" alt=\"\" class=\"wp-image-4105\" srcset=\"https:\/\/ainavalles.com\/wp-content\/uploads\/2025\/11\/Taller-Soller-018.jpg 1000w, https:\/\/ainavalles.com\/wp-content\/uploads\/2025\/11\/Taller-Soller-018-768x524.jpg 768w\" sizes=\"(max-width: 1000px) 100vw, 1000px\" \/><\/figure>\n\n\n\n<figure class=\"wp-block-image size-large\"><img decoding=\"async\" width=\"1000\" height=\"667\" data-id=\"4098\" src=\"https:\/\/ainavalles.com\/wp-content\/uploads\/2025\/11\/Taller-Soller-026.jpg\" alt=\"\" class=\"wp-image-4098\" srcset=\"https:\/\/ainavalles.com\/wp-content\/uploads\/2025\/11\/Taller-Soller-026.jpg 1000w, https:\/\/ainavalles.com\/wp-content\/uploads\/2025\/11\/Taller-Soller-026-768x512.jpg 768w\" sizes=\"(max-width: 1000px) 100vw, 1000px\" \/><\/figure>\n\n\n\n<figure class=\"wp-block-image size-full\"><img loading=\"lazy\" decoding=\"async\" width=\"1000\" height=\"682\" data-id=\"4093\" src=\"https:\/\/ainavalles.com\/wp-content\/uploads\/2025\/11\/Taller-Soller-028.jpg\" alt=\"\" class=\"wp-image-4093\" srcset=\"https:\/\/ainavalles.com\/wp-content\/uploads\/2025\/11\/Taller-Soller-028.jpg 1000w, https:\/\/ainavalles.com\/wp-content\/uploads\/2025\/11\/Taller-Soller-028-768x524.jpg 768w\" sizes=\"(max-width: 1000px) 100vw, 1000px\" \/><\/figure>\n\n\n\n<figure class=\"wp-block-image size-large\"><img loading=\"lazy\" decoding=\"async\" width=\"1000\" height=\"653\" data-id=\"4092\" src=\"https:\/\/ainavalles.com\/wp-content\/uploads\/2025\/11\/Taller-Soller-033.jpg\" alt=\"\" class=\"wp-image-4092\" srcset=\"https:\/\/ainavalles.com\/wp-content\/uploads\/2025\/11\/Taller-Soller-033.jpg 1000w, https:\/\/ainavalles.com\/wp-content\/uploads\/2025\/11\/Taller-Soller-033-768x502.jpg 768w\" sizes=\"(max-width: 1000px) 100vw, 1000px\" \/><\/figure>\n\n\n\n<figure class=\"wp-block-image size-large\"><img loading=\"lazy\" decoding=\"async\" width=\"1000\" height=\"713\" data-id=\"4103\" src=\"https:\/\/ainavalles.com\/wp-content\/uploads\/2025\/11\/Taller-Soller-001.jpg\" alt=\"\" class=\"wp-image-4103\" srcset=\"https:\/\/ainavalles.com\/wp-content\/uploads\/2025\/11\/Taller-Soller-001.jpg 1000w, https:\/\/ainavalles.com\/wp-content\/uploads\/2025\/11\/Taller-Soller-001-768x548.jpg 768w\" sizes=\"(max-width: 1000px) 100vw, 1000px\" \/><\/figure>\n\n\n\n<figure class=\"wp-block-image size-large\"><img loading=\"lazy\" decoding=\"async\" width=\"1000\" height=\"706\" data-id=\"4114\" src=\"https:\/\/ainavalles.com\/wp-content\/uploads\/2025\/11\/Taller-Soller-009.jpg\" alt=\"\" class=\"wp-image-4114\" srcset=\"https:\/\/ainavalles.com\/wp-content\/uploads\/2025\/11\/Taller-Soller-009.jpg 1000w, https:\/\/ainavalles.com\/wp-content\/uploads\/2025\/11\/Taller-Soller-009-768x542.jpg 768w\" sizes=\"(max-width: 1000px) 100vw, 1000px\" \/><\/figure>\n<\/figure>\n","protected":false},"excerpt":{"rendered":"<p>Der letzte Workshop mit Mar F\u00e9lix war eine wunderbare Erfahrung \u2013 ein Vormittag voller Lernen, Verbindung und Reflexion dar\u00fcber, wie man mit Authentizit\u00e4t und F\u00fchrungskraft kommuniziert. Wir haben Haltung, Stimme, K\u00f6rpersprache und vor allem die Art und Weise analysiert, wie unsere Kommunikation Vertrauen und Glaubw\u00fcrdigkeit in anderen wecken kann. Aber \u00fcber den Inhalt hinaus war [&hellip;]<\/p>\n","protected":false},"author":2,"featured_media":4125,"comment_status":"closed","ping_status":"closed","sticky":false,"template":"","format":"standard","meta":{"_acf_changed":false,"footnotes":""},"categories":[25],"tags":[],"class_list":["post-4136","post","type-post","status-publish","format-standard","has-post-thumbnail","hentry","category-sin-categorizar-3"],"acf":[],"yoast_head":"<!-- This site is optimized with the Yoast SEO plugin v26.8 - https:\/\/yoast.com\/product\/yoast-seo-wordpress\/ -->\n<title>Kommunikation, die inspiriert und f\u00fchrt - Aina Vall\u00e8s<\/title>\n<meta name=\"robots\" content=\"index, follow, max-snippet:-1, max-image-preview:large, max-video-preview:-1\" \/>\n<link rel=\"canonical\" href=\"https:\/\/ainavalles.com\/de\/comunicacion-que-inspira-y-lidera\/\" \/>\n<meta property=\"og:locale\" content=\"de_DE\" \/>\n<meta property=\"og:type\" content=\"article\" \/>\n<meta property=\"og:title\" content=\"Kommunikation, die inspiriert und f\u00fchrt - Aina Vall\u00e8s\" \/>\n<meta property=\"og:description\" content=\"Der letzte Workshop mit Mar F\u00e9lix war eine wunderbare Erfahrung \u2013 ein Vormittag voller Lernen, Verbindung und Reflexion dar\u00fcber, wie man mit Authentizit\u00e4t und F\u00fchrungskraft kommuniziert. Wir haben Haltung, Stimme, K\u00f6rpersprache und vor allem die Art und Weise analysiert, wie unsere Kommunikation Vertrauen und Glaubw\u00fcrdigkeit in anderen wecken kann. Aber \u00fcber den Inhalt hinaus war [&hellip;]\" \/>\n<meta property=\"og:url\" content=\"https:\/\/ainavalles.com\/de\/comunicacion-que-inspira-y-lidera\/\" \/>\n<meta property=\"og:site_name\" content=\"Aina Vall\u00e8s\" \/>\n<meta property=\"article:publisher\" content=\"https:\/\/www.facebook.com\/people\/Aina-Valls\/100090582199736\/\" \/>\n<meta property=\"article:published_time\" content=\"2025-11-12T10:14:51+00:00\" \/>\n<meta property=\"article:modified_time\" content=\"2025-11-12T10:36:38+00:00\" \/>\n<meta property=\"og:image\" content=\"https:\/\/ainavalles.com\/wp-content\/uploads\/2025\/11\/Taller-Soller-013-1.jpg\" \/>\n\t<meta property=\"og:image:width\" content=\"1000\" \/>\n\t<meta property=\"og:image:height\" content=\"685\" \/>\n\t<meta property=\"og:image:type\" content=\"image\/jpeg\" \/>\n<meta name=\"author\" content=\"Aina Vall\u00e9s\" \/>\n<meta name=\"twitter:card\" content=\"summary_large_image\" \/>\n<meta name=\"twitter:label1\" content=\"Verfasst von\" \/>\n\t<meta name=\"twitter:data1\" content=\"Aina Vall\u00e9s\" \/>\n\t<meta name=\"twitter:label2\" content=\"Gesch\u00e4tzte Lesezeit\" \/>\n\t<meta name=\"twitter:data2\" content=\"3\u00a0Minuten\" \/>\n<script type=\"application\/ld+json\" class=\"yoast-schema-graph\">{\"@context\":\"https:\/\/schema.org\",\"@graph\":[{\"@type\":\"Article\",\"@id\":\"https:\/\/ainavalles.com\/de\/comunicacion-que-inspira-y-lidera\/#article\",\"isPartOf\":{\"@id\":\"https:\/\/ainavalles.com\/de\/comunicacion-que-inspira-y-lidera\/\"},\"author\":{\"name\":\"Aina Vall\u00e9s\",\"@id\":\"https:\/\/ainavalles.com\/#\/schema\/person\/66806b4f2c1fbd143b75d1a0b0cfee0b\"},\"headline\":\"Kommunikation, die inspiriert und f\u00fchrt\",\"datePublished\":\"2025-11-12T10:14:51+00:00\",\"dateModified\":\"2025-11-12T10:36:38+00:00\",\"mainEntityOfPage\":{\"@id\":\"https:\/\/ainavalles.com\/de\/comunicacion-que-inspira-y-lidera\/\"},\"wordCount\":154,\"publisher\":{\"@id\":\"https:\/\/ainavalles.com\/#organization\"},\"image\":{\"@id\":\"https:\/\/ainavalles.com\/de\/comunicacion-que-inspira-y-lidera\/#primaryimage\"},\"thumbnailUrl\":\"https:\/\/ainavalles.com\/wp-content\/uploads\/2025\/11\/Taller-Soller-013-1.jpg\",\"articleSection\":[\"Sin categorizar\"],\"inLanguage\":\"de\"},{\"@type\":\"WebPage\",\"@id\":\"https:\/\/ainavalles.com\/de\/comunicacion-que-inspira-y-lidera\/\",\"url\":\"https:\/\/ainavalles.com\/de\/comunicacion-que-inspira-y-lidera\/\",\"name\":\"Kommunikation, die inspiriert und f\u00fchrt - Aina Vall\u00e8s\",\"isPartOf\":{\"@id\":\"https:\/\/ainavalles.com\/#website\"},\"primaryImageOfPage\":{\"@id\":\"https:\/\/ainavalles.com\/de\/comunicacion-que-inspira-y-lidera\/#primaryimage\"},\"image\":{\"@id\":\"https:\/\/ainavalles.com\/de\/comunicacion-que-inspira-y-lidera\/#primaryimage\"},\"thumbnailUrl\":\"https:\/\/ainavalles.com\/wp-content\/uploads\/2025\/11\/Taller-Soller-013-1.jpg\",\"datePublished\":\"2025-11-12T10:14:51+00:00\",\"dateModified\":\"2025-11-12T10:36:38+00:00\",\"breadcrumb\":{\"@id\":\"https:\/\/ainavalles.com\/de\/comunicacion-que-inspira-y-lidera\/#breadcrumb\"},\"inLanguage\":\"de\",\"potentialAction\":[{\"@type\":\"ReadAction\",\"target\":[\"https:\/\/ainavalles.com\/de\/comunicacion-que-inspira-y-lidera\/\"]}]},{\"@type\":\"ImageObject\",\"inLanguage\":\"de\",\"@id\":\"https:\/\/ainavalles.com\/de\/comunicacion-que-inspira-y-lidera\/#primaryimage\",\"url\":\"https:\/\/ainavalles.com\/wp-content\/uploads\/2025\/11\/Taller-Soller-013-1.jpg\",\"contentUrl\":\"https:\/\/ainavalles.com\/wp-content\/uploads\/2025\/11\/Taller-Soller-013-1.jpg\",\"width\":1000,\"height\":685},{\"@type\":\"BreadcrumbList\",\"@id\":\"https:\/\/ainavalles.com\/de\/comunicacion-que-inspira-y-lidera\/#breadcrumb\",\"itemListElement\":[{\"@type\":\"ListItem\",\"position\":1,\"name\":\"Portada\",\"item\":\"https:\/\/ainavalles.com\/de\/\"},{\"@type\":\"ListItem\",\"position\":2,\"name\":\"Kommunikation, die inspiriert und f\u00fchrt\"}]},{\"@type\":\"WebSite\",\"@id\":\"https:\/\/ainavalles.com\/#website\",\"url\":\"https:\/\/ainavalles.com\/\",\"name\":\"Aina Vall\u00e8s\",\"description\":\"Interiorismo en Mallorca\",\"publisher\":{\"@id\":\"https:\/\/ainavalles.com\/#organization\"},\"potentialAction\":[{\"@type\":\"SearchAction\",\"target\":{\"@type\":\"EntryPoint\",\"urlTemplate\":\"https:\/\/ainavalles.com\/?s={search_term_string}\"},\"query-input\":{\"@type\":\"PropertyValueSpecification\",\"valueRequired\":true,\"valueName\":\"search_term_string\"}}],\"inLanguage\":\"de\"},{\"@type\":\"Organization\",\"@id\":\"https:\/\/ainavalles.com\/#organization\",\"name\":\"Aina Vall\u00e8s\",\"url\":\"https:\/\/ainavalles.com\/\",\"logo\":{\"@type\":\"ImageObject\",\"inLanguage\":\"de\",\"@id\":\"https:\/\/ainavalles.com\/#\/schema\/logo\/image\/\",\"url\":\"https:\/\/ainavalles.com\/wp-content\/uploads\/2023\/09\/logo.svg\",\"contentUrl\":\"https:\/\/ainavalles.com\/wp-content\/uploads\/2023\/09\/logo.svg\",\"width\":300,\"height\":244,\"caption\":\"Aina Vall\u00e8s\"},\"image\":{\"@id\":\"https:\/\/ainavalles.com\/#\/schema\/logo\/image\/\"},\"sameAs\":[\"https:\/\/www.facebook.com\/people\/Aina-Valls\/100090582199736\/\",\"https:\/\/www.instagram.com\/aina_valles\/\"]},{\"@type\":\"Person\",\"@id\":\"https:\/\/ainavalles.com\/#\/schema\/person\/66806b4f2c1fbd143b75d1a0b0cfee0b\",\"name\":\"Aina Vall\u00e9s\",\"sameAs\":[\"https:\/\/ainavalles.com\"]}]}<\/script>\n<!-- \/ Yoast SEO plugin. -->","yoast_head_json":{"title":"Kommunikation, die inspiriert und f\u00fchrt - Aina Vall\u00e8s","robots":{"index":"index","follow":"follow","max-snippet":"max-snippet:-1","max-image-preview":"max-image-preview:large","max-video-preview":"max-video-preview:-1"},"canonical":"https:\/\/ainavalles.com\/de\/comunicacion-que-inspira-y-lidera\/","og_locale":"de_DE","og_type":"article","og_title":"Kommunikation, die inspiriert und f\u00fchrt - Aina Vall\u00e8s","og_description":"Der letzte Workshop mit Mar F\u00e9lix war eine wunderbare Erfahrung \u2013 ein Vormittag voller Lernen, Verbindung und Reflexion dar\u00fcber, wie man mit Authentizit\u00e4t und F\u00fchrungskraft kommuniziert. Wir haben Haltung, Stimme, K\u00f6rpersprache und vor allem die Art und Weise analysiert, wie unsere Kommunikation Vertrauen und Glaubw\u00fcrdigkeit in anderen wecken kann. Aber \u00fcber den Inhalt hinaus war [&hellip;]","og_url":"https:\/\/ainavalles.com\/de\/comunicacion-que-inspira-y-lidera\/","og_site_name":"Aina Vall\u00e8s","article_publisher":"https:\/\/www.facebook.com\/people\/Aina-Valls\/100090582199736\/","article_published_time":"2025-11-12T10:14:51+00:00","article_modified_time":"2025-11-12T10:36:38+00:00","og_image":[{"width":1000,"height":685,"url":"https:\/\/ainavalles.com\/wp-content\/uploads\/2025\/11\/Taller-Soller-013-1.jpg","type":"image\/jpeg"}],"author":"Aina Vall\u00e9s","twitter_card":"summary_large_image","twitter_misc":{"Verfasst von":"Aina Vall\u00e9s","Gesch\u00e4tzte Lesezeit":"3\u00a0Minuten"},"schema":{"@context":"https:\/\/schema.org","@graph":[{"@type":"Article","@id":"https:\/\/ainavalles.com\/de\/comunicacion-que-inspira-y-lidera\/#article","isPartOf":{"@id":"https:\/\/ainavalles.com\/de\/comunicacion-que-inspira-y-lidera\/"},"author":{"name":"Aina Vall\u00e9s","@id":"https:\/\/ainavalles.com\/#\/schema\/person\/66806b4f2c1fbd143b75d1a0b0cfee0b"},"headline":"Kommunikation, die inspiriert und f\u00fchrt","datePublished":"2025-11-12T10:14:51+00:00","dateModified":"2025-11-12T10:36:38+00:00","mainEntityOfPage":{"@id":"https:\/\/ainavalles.com\/de\/comunicacion-que-inspira-y-lidera\/"},"wordCount":154,"publisher":{"@id":"https:\/\/ainavalles.com\/#organization"},"image":{"@id":"https:\/\/ainavalles.com\/de\/comunicacion-que-inspira-y-lidera\/#primaryimage"},"thumbnailUrl":"https:\/\/ainavalles.com\/wp-content\/uploads\/2025\/11\/Taller-Soller-013-1.jpg","articleSection":["Sin categorizar"],"inLanguage":"de"},{"@type":"WebPage","@id":"https:\/\/ainavalles.com\/de\/comunicacion-que-inspira-y-lidera\/","url":"https:\/\/ainavalles.com\/de\/comunicacion-que-inspira-y-lidera\/","name":"Kommunikation, die inspiriert und f\u00fchrt - Aina Vall\u00e8s","isPartOf":{"@id":"https:\/\/ainavalles.com\/#website"},"primaryImageOfPage":{"@id":"https:\/\/ainavalles.com\/de\/comunicacion-que-inspira-y-lidera\/#primaryimage"},"image":{"@id":"https:\/\/ainavalles.com\/de\/comunicacion-que-inspira-y-lidera\/#primaryimage"},"thumbnailUrl":"https:\/\/ainavalles.com\/wp-content\/uploads\/2025\/11\/Taller-Soller-013-1.jpg","datePublished":"2025-11-12T10:14:51+00:00","dateModified":"2025-11-12T10:36:38+00:00","breadcrumb":{"@id":"https:\/\/ainavalles.com\/de\/comunicacion-que-inspira-y-lidera\/#breadcrumb"},"inLanguage":"de","potentialAction":[{"@type":"ReadAction","target":["https:\/\/ainavalles.com\/de\/comunicacion-que-inspira-y-lidera\/"]}]},{"@type":"ImageObject","inLanguage":"de","@id":"https:\/\/ainavalles.com\/de\/comunicacion-que-inspira-y-lidera\/#primaryimage","url":"https:\/\/ainavalles.com\/wp-content\/uploads\/2025\/11\/Taller-Soller-013-1.jpg","contentUrl":"https:\/\/ainavalles.com\/wp-content\/uploads\/2025\/11\/Taller-Soller-013-1.jpg","width":1000,"height":685},{"@type":"BreadcrumbList","@id":"https:\/\/ainavalles.com\/de\/comunicacion-que-inspira-y-lidera\/#breadcrumb","itemListElement":[{"@type":"ListItem","position":1,"name":"Portada","item":"https:\/\/ainavalles.com\/de\/"},{"@type":"ListItem","position":2,"name":"Kommunikation, die inspiriert und f\u00fchrt"}]},{"@type":"WebSite","@id":"https:\/\/ainavalles.com\/#website","url":"https:\/\/ainavalles.com\/","name":"Aina Vall\u00e8s","description":"Interiorismo en Mallorca","publisher":{"@id":"https:\/\/ainavalles.com\/#organization"},"potentialAction":[{"@type":"SearchAction","target":{"@type":"EntryPoint","urlTemplate":"https:\/\/ainavalles.com\/?s={search_term_string}"},"query-input":{"@type":"PropertyValueSpecification","valueRequired":true,"valueName":"search_term_string"}}],"inLanguage":"de"},{"@type":"Organization","@id":"https:\/\/ainavalles.com\/#organization","name":"Aina Vall\u00e8s","url":"https:\/\/ainavalles.com\/","logo":{"@type":"ImageObject","inLanguage":"de","@id":"https:\/\/ainavalles.com\/#\/schema\/logo\/image\/","url":"https:\/\/ainavalles.com\/wp-content\/uploads\/2023\/09\/logo.svg","contentUrl":"https:\/\/ainavalles.com\/wp-content\/uploads\/2023\/09\/logo.svg","width":300,"height":244,"caption":"Aina Vall\u00e8s"},"image":{"@id":"https:\/\/ainavalles.com\/#\/schema\/logo\/image\/"},"sameAs":["https:\/\/www.facebook.com\/people\/Aina-Valls\/100090582199736\/","https:\/\/www.instagram.com\/aina_valles\/"]},{"@type":"Person","@id":"https:\/\/ainavalles.com\/#\/schema\/person\/66806b4f2c1fbd143b75d1a0b0cfee0b","name":"Aina Vall\u00e9s","sameAs":["https:\/\/ainavalles.com"]}]}},"_links":{"self":[{"href":"https:\/\/ainavalles.com\/de\/wp-json\/wp\/v2\/posts\/4136","targetHints":{"allow":["GET"]}}],"collection":[{"href":"https:\/\/ainavalles.com\/de\/wp-json\/wp\/v2\/posts"}],"about":[{"href":"https:\/\/ainavalles.com\/de\/wp-json\/wp\/v2\/types\/post"}],"author":[{"embeddable":true,"href":"https:\/\/ainavalles.com\/de\/wp-json\/wp\/v2\/users\/2"}],"replies":[{"embeddable":true,"href":"https:\/\/ainavalles.com\/de\/wp-json\/wp\/v2\/comments?post=4136"}],"version-history":[{"count":1,"href":"https:\/\/ainavalles.com\/de\/wp-json\/wp\/v2\/posts\/4136\/revisions"}],"predecessor-version":[{"id":4138,"href":"https:\/\/ainavalles.com\/de\/wp-json\/wp\/v2\/posts\/4136\/revisions\/4138"}],"wp:featuredmedia":[{"embeddable":true,"href":"https:\/\/ainavalles.com\/de\/wp-json\/wp\/v2\/media\/4125"}],"wp:attachment":[{"href":"https:\/\/ainavalles.com\/de\/wp-json\/wp\/v2\/media?parent=4136"}],"wp:term":[{"taxonomy":"category","embeddable":true,"href":"https:\/\/ainavalles.com\/de\/wp-json\/wp\/v2\/categories?post=4136"},{"taxonomy":"post_tag","embeddable":true,"href":"https:\/\/ainavalles.com\/de\/wp-json\/wp\/v2\/tags?post=4136"}],"curies":[{"name":"wp","href":"https:\/\/api.w.org\/{rel}","templated":true}]}}