{"id":5701,"date":"2026-07-06T12:41:05","date_gmt":"2026-07-06T10:41:05","guid":{"rendered":"https:\/\/ainavalles.com\/como-conseguir-una-cocina-mediterranea-5-claves-para-crear-un-espacio-calido-y-atemporal\/"},"modified":"2026-07-06T13:04:34","modified_gmt":"2026-07-06T11:04:34","slug":"como-conseguir-una-cocina-mediterranea-5-claves-para-crear-un-espacio-calido-y-atemporal","status":"publish","type":"post","link":"https:\/\/ainavalles.com\/de\/como-conseguir-una-cocina-mediterranea-5-claves-para-crear-un-espacio-calido-y-atemporal\/","title":{"rendered":"So entsteht eine mediterrane K\u00fcche: 5 Schl\u00fcssel f\u00fcr einen warmen und zeitlosen Raum"},"content":{"rendered":"\n<p class=\"wp-block-paragraph\">Wenn wir an eine mediterrane K\u00fcche denken, kommen uns sofort Naturholz, sanfte Farben und von der Natur inspirierte Materialien in den Sinn. Doch der mediterrane Stil ist weit mehr als nur eine Kombination verschiedener Oberfl\u00e4chen.<\/p>\n\n\n\n<p class=\"wp-block-paragraph\">F\u00fcr mich ist eine mediterrane K\u00fcche ein Ort, der Ruhe ausstrahlt, zum Verweilen einl\u00e4dt und den Alltag einfacher macht.<\/p>\n\n\n\n<p class=\"wp-block-paragraph\">Nach vielen Jahren der Planung ma\u00dfgefertigter K\u00fcchen auf Mallorca sind dies die f\u00fcnf Grundprinzipien, die mich bei jedem Projekt begleiten.<\/p>\n\n\n<div class=\"wp-block-image\">\n<figure class=\"aligncenter size-full is-resized\"><img fetchpriority=\"high\" decoding=\"async\" width=\"1029\" height=\"1400\" src=\"https:\/\/ainavalles.com\/wp-content\/uploads\/2026\/07\/image00032_editada_recta_calida.jpg\" alt=\"\" class=\"wp-image-5678\" style=\"aspect-ratio:0.735008613382188;width:383px;height:auto\" srcset=\"https:\/\/ainavalles.com\/wp-content\/uploads\/2026\/07\/image00032_editada_recta_calida.jpg 1029w, https:\/\/ainavalles.com\/wp-content\/uploads\/2026\/07\/image00032_editada_recta_calida-768x1045.jpg 768w\" sizes=\"(max-width: 1029px) 100vw, 1029px\" \/><\/figure>\n<\/div>\n\n\n<p class=\"wp-block-paragraph\"><strong>1. Materialien w\u00e4hlen, die sch\u00f6n altern<\/strong><\/p>\n\n\n\n<p class=\"wp-block-paragraph\">Naturholz, handgefertigte Keramik und Arbeitsplatten in Steinoptik behalten ihre Sch\u00f6nheit \u00fcber viele Jahre.<\/p>\n\n\n\n<p class=\"wp-block-paragraph\">Sie folgen keinem kurzfristigen Trend, sondern stehen f\u00fcr zeitloses Design.<\/p>\n\n\n\n<p class=\"wp-block-paragraph\"><strong>2. Das nat\u00fcrliche Licht in den Mittelpunkt stellen<\/strong><\/p>\n\n\n\n<p class=\"wp-block-paragraph\">Licht ist eines der wichtigsten Merkmale des mediterranen Stils.<\/p>\n\n\n\n<p class=\"wp-block-paragraph\">Wann immer m\u00f6glich, verst\u00e4rke ich den Lichteinfall mit hellen Farben und einer leichten Gestaltung.<\/p>\n\n\n\n<p class=\"wp-block-paragraph\">Eine helle K\u00fcche wirkt gro\u00dfz\u00fcgiger und schafft mehr Wohlbefinden.<\/p>\n\n\n<div class=\"wp-block-image\">\n<figure class=\"aligncenter size-full is-resized\"><img decoding=\"async\" width=\"1023\" height=\"1400\" src=\"https:\/\/ainavalles.com\/wp-content\/uploads\/2026\/07\/image00007_editada_recta_calida.jpg\" alt=\"\" class=\"wp-image-5682\" style=\"aspect-ratio:0.730722703239048;width:427px;height:auto\" srcset=\"https:\/\/ainavalles.com\/wp-content\/uploads\/2026\/07\/image00007_editada_recta_calida.jpg 1023w, https:\/\/ainavalles.com\/wp-content\/uploads\/2026\/07\/image00007_editada_recta_calida-768x1051.jpg 768w\" sizes=\"(max-width: 1023px) 100vw, 1023px\" \/><\/figure>\n<\/div>\n\n\n<p class=\"wp-block-paragraph\"><strong>3. Weniger M\u00f6bel \u2013 daf\u00fcr besser geplant<\/strong><\/p>\n\n\n\n<p class=\"wp-block-paragraph\">Eine K\u00fcche braucht nicht mehr Schr\u00e4nke.<\/p>\n\n\n\n<p class=\"wp-block-paragraph\">Sie braucht Schr\u00e4nke, die ihre Aufgabe erf\u00fcllen.<\/p>\n\n\n\n<p class=\"wp-block-paragraph\">Wenn der Stauraum gut geplant ist, entsteht Ordnung ganz selbstverst\u00e4ndlich und die K\u00fcche wird deutlich angenehmer im Alltag.<\/p>\n\n\n\n<p class=\"wp-block-paragraph\"><strong>4. Materialien harmonisch kombinieren<\/strong><\/p>\n\n\n\n<p class=\"wp-block-paragraph\">Holz, Stein, Keramik und dezente Metallelemente lassen sich perfekt miteinander kombinieren.<\/p>\n\n\n\n<p class=\"wp-block-paragraph\">Entscheidend ist ein ausgewogenes Gesamtbild, das warm, schlicht und harmonisch wirkt.<\/p>\n\n\n\n<p class=\"wp-block-paragraph\"><strong>5. Die K\u00fcche f\u00fcr das t\u00e4gliche Leben planen<\/strong><\/p>\n\n\n\n<p class=\"wp-block-paragraph\">Das ist wahrscheinlich der wichtigste Teil jedes Projekts.<\/p>\n\n\n\n<p class=\"wp-block-paragraph\">Wir gestalten K\u00fcchen nicht nur, damit sie sch\u00f6n aussehen.<\/p>\n\n\n\n<p class=\"wp-block-paragraph\">Wir gestalten sie f\u00fcr das Leben.<\/p>\n\n\n\n<p class=\"wp-block-paragraph\">Gemeinsam kochen, in Ruhe fr\u00fchst\u00fccken, sich beim Kochen unterhalten oder einfach den Raum genie\u00dfen.<\/p>\n\n\n\n<p class=\"wp-block-paragraph\">Denn die sch\u00f6nste K\u00fcche ist nicht die auff\u00e4lligste.<\/p>\n\n\n\n<p class=\"wp-block-paragraph\">Sondern diejenige, in der man gerne bleibt.<\/p>\n\n\n<div class=\"wp-block-image\">\n<figure class=\"aligncenter size-full is-resized\"><img decoding=\"async\" width=\"1033\" height=\"1400\" src=\"https:\/\/ainavalles.com\/wp-content\/uploads\/2026\/07\/image00018_editada_recta_calida.jpg\" alt=\"\" class=\"wp-image-5686\" style=\"aspect-ratio:0.7378736720744462;width:425px;height:auto\" srcset=\"https:\/\/ainavalles.com\/wp-content\/uploads\/2026\/07\/image00018_editada_recta_calida.jpg 1033w, https:\/\/ainavalles.com\/wp-content\/uploads\/2026\/07\/image00018_editada_recta_calida-768x1041.jpg 768w\" sizes=\"(max-width: 1033px) 100vw, 1033px\" \/><\/figure>\n<\/div>\n\n\n<p class=\"wp-block-paragraph\"><strong>Ein Projekt, das diese Philosophie widerspiegelt<\/strong><\/p>\n\n\n\n<p class=\"wp-block-paragraph\">Die K\u00fcche dieses Projekts vereint viele dieser Ideen: nat\u00fcrliche Materialien, klare Linien, sanfte Farbt\u00f6ne und eine durchdachte Raumaufteilung f\u00fcr ein entspanntes Wohnen.<\/p>\n\n\n\n<p class=\"wp-block-paragraph\">Wenn Sie das Projekt genauer entdecken m\u00f6chten, finden Sie es hier:<\/p>\n\n\n\n<p class=\"wp-block-paragraph\">\ud83d\udc49 <a href=\"https:\/\/ainavalles.com\/de\/proyectos\/cocina-con-vistas-a-la-sierra-de-tramuntana\/\">https:\/\/ainavalles.com\/proyectos\/cocina-con-vistas-a-la-sierra-de-tramuntana\/<\/a><\/p>\n\n\n\n<p class=\"wp-block-paragraph\"><\/p>\n","protected":false},"excerpt":{"rendered":"<p>Wenn wir an eine mediterrane K\u00fcche denken, kommen uns sofort Naturholz, sanfte Farben und von der Natur inspirierte Materialien in den Sinn. Doch der mediterrane Stil ist weit mehr als nur eine Kombination verschiedener Oberfl\u00e4chen. F\u00fcr mich ist eine mediterrane K\u00fcche ein Ort, der Ruhe ausstrahlt, zum Verweilen einl\u00e4dt und den Alltag einfacher macht. Nach [&hellip;]<\/p>\n","protected":false},"author":2,"featured_media":5681,"comment_status":"closed","ping_status":"closed","sticky":false,"template":"","format":"standard","meta":{"_acf_changed":false,"footnotes":""},"categories":[25],"tags":[],"class_list":["post-5701","post","type-post","status-publish","format-standard","has-post-thumbnail","hentry","category-sin-categorizar-3"],"acf":[],"yoast_head":"<!-- This site is optimized with the Yoast SEO plugin v26.8 - https:\/\/yoast.com\/product\/yoast-seo-wordpress\/ -->\n<title>So entsteht eine mediterrane K\u00fcche: 5 Schl\u00fcssel f\u00fcr einen warmen und zeitlosen Raum - Aina Vall\u00e8s<\/title>\n<meta name=\"robots\" content=\"index, follow, max-snippet:-1, max-image-preview:large, max-video-preview:-1\" \/>\n<link rel=\"canonical\" href=\"https:\/\/ainavalles.com\/de\/como-conseguir-una-cocina-mediterranea-5-claves-para-crear-un-espacio-calido-y-atemporal\/\" \/>\n<meta property=\"og:locale\" content=\"de_DE\" \/>\n<meta property=\"og:type\" content=\"article\" \/>\n<meta property=\"og:title\" content=\"So entsteht eine mediterrane K\u00fcche: 5 Schl\u00fcssel f\u00fcr einen warmen und zeitlosen Raum - Aina Vall\u00e8s\" \/>\n<meta property=\"og:description\" content=\"Wenn wir an eine mediterrane K\u00fcche denken, kommen uns sofort Naturholz, sanfte Farben und von der Natur inspirierte Materialien in den Sinn. Doch der mediterrane Stil ist weit mehr als nur eine Kombination verschiedener Oberfl\u00e4chen. F\u00fcr mich ist eine mediterrane K\u00fcche ein Ort, der Ruhe ausstrahlt, zum Verweilen einl\u00e4dt und den Alltag einfacher macht. Nach [&hellip;]\" \/>\n<meta property=\"og:url\" content=\"https:\/\/ainavalles.com\/de\/como-conseguir-una-cocina-mediterranea-5-claves-para-crear-un-espacio-calido-y-atemporal\/\" \/>\n<meta property=\"og:site_name\" content=\"Aina Vall\u00e8s\" \/>\n<meta property=\"article:publisher\" content=\"https:\/\/www.facebook.com\/people\/Aina-Valls\/100090582199736\/\" \/>\n<meta property=\"article:published_time\" content=\"2026-07-06T10:41:05+00:00\" \/>\n<meta property=\"article:modified_time\" content=\"2026-07-06T11:04:34+00:00\" \/>\n<meta property=\"og:image\" content=\"https:\/\/ainavalles.com\/wp-content\/uploads\/2026\/07\/image00032_editada_recta_calida.jpg\" \/>\n\t<meta property=\"og:image:width\" content=\"1029\" \/>\n\t<meta property=\"og:image:height\" content=\"1400\" \/>\n\t<meta property=\"og:image:type\" content=\"image\/jpeg\" \/>\n<meta name=\"author\" content=\"Aina Vall\u00e9s\" \/>\n<meta name=\"twitter:card\" content=\"summary_large_image\" \/>\n<meta name=\"twitter:label1\" content=\"Verfasst von\" \/>\n\t<meta name=\"twitter:data1\" content=\"Aina Vall\u00e9s\" \/>\n\t<meta name=\"twitter:label2\" content=\"Gesch\u00e4tzte Lesezeit\" \/>\n\t<meta name=\"twitter:data2\" content=\"3\u00a0Minuten\" \/>\n<script type=\"application\/ld+json\" class=\"yoast-schema-graph\">{\"@context\":\"https:\/\/schema.org\",\"@graph\":[{\"@type\":\"Article\",\"@id\":\"https:\/\/ainavalles.com\/de\/como-conseguir-una-cocina-mediterranea-5-claves-para-crear-un-espacio-calido-y-atemporal\/#article\",\"isPartOf\":{\"@id\":\"https:\/\/ainavalles.com\/de\/como-conseguir-una-cocina-mediterranea-5-claves-para-crear-un-espacio-calido-y-atemporal\/\"},\"author\":{\"name\":\"Aina Vall\u00e9s\",\"@id\":\"https:\/\/ainavalles.com\/#\/schema\/person\/66806b4f2c1fbd143b75d1a0b0cfee0b\"},\"headline\":\"So entsteht eine mediterrane K\u00fcche: 5 Schl\u00fcssel f\u00fcr einen warmen und zeitlosen Raum\",\"datePublished\":\"2026-07-06T10:41:05+00:00\",\"dateModified\":\"2026-07-06T11:04:34+00:00\",\"mainEntityOfPage\":{\"@id\":\"https:\/\/ainavalles.com\/de\/como-conseguir-una-cocina-mediterranea-5-claves-para-crear-un-espacio-calido-y-atemporal\/\"},\"wordCount\":363,\"publisher\":{\"@id\":\"https:\/\/ainavalles.com\/#organization\"},\"image\":{\"@id\":\"https:\/\/ainavalles.com\/de\/como-conseguir-una-cocina-mediterranea-5-claves-para-crear-un-espacio-calido-y-atemporal\/#primaryimage\"},\"thumbnailUrl\":\"https:\/\/ainavalles.com\/wp-content\/uploads\/2026\/07\/image00032_editada_recta_calida.jpg\",\"articleSection\":[\"Sin categorizar\"],\"inLanguage\":\"de\"},{\"@type\":\"WebPage\",\"@id\":\"https:\/\/ainavalles.com\/de\/como-conseguir-una-cocina-mediterranea-5-claves-para-crear-un-espacio-calido-y-atemporal\/\",\"url\":\"https:\/\/ainavalles.com\/de\/como-conseguir-una-cocina-mediterranea-5-claves-para-crear-un-espacio-calido-y-atemporal\/\",\"name\":\"So entsteht eine mediterrane K\u00fcche: 5 Schl\u00fcssel f\u00fcr einen warmen und zeitlosen Raum - Aina Vall\u00e8s\",\"isPartOf\":{\"@id\":\"https:\/\/ainavalles.com\/#website\"},\"primaryImageOfPage\":{\"@id\":\"https:\/\/ainavalles.com\/de\/como-conseguir-una-cocina-mediterranea-5-claves-para-crear-un-espacio-calido-y-atemporal\/#primaryimage\"},\"image\":{\"@id\":\"https:\/\/ainavalles.com\/de\/como-conseguir-una-cocina-mediterranea-5-claves-para-crear-un-espacio-calido-y-atemporal\/#primaryimage\"},\"thumbnailUrl\":\"https:\/\/ainavalles.com\/wp-content\/uploads\/2026\/07\/image00032_editada_recta_calida.jpg\",\"datePublished\":\"2026-07-06T10:41:05+00:00\",\"dateModified\":\"2026-07-06T11:04:34+00:00\",\"breadcrumb\":{\"@id\":\"https:\/\/ainavalles.com\/de\/como-conseguir-una-cocina-mediterranea-5-claves-para-crear-un-espacio-calido-y-atemporal\/#breadcrumb\"},\"inLanguage\":\"de\",\"potentialAction\":[{\"@type\":\"ReadAction\",\"target\":[\"https:\/\/ainavalles.com\/de\/como-conseguir-una-cocina-mediterranea-5-claves-para-crear-un-espacio-calido-y-atemporal\/\"]}]},{\"@type\":\"ImageObject\",\"inLanguage\":\"de\",\"@id\":\"https:\/\/ainavalles.com\/de\/como-conseguir-una-cocina-mediterranea-5-claves-para-crear-un-espacio-calido-y-atemporal\/#primaryimage\",\"url\":\"https:\/\/ainavalles.com\/wp-content\/uploads\/2026\/07\/image00032_editada_recta_calida.jpg\",\"contentUrl\":\"https:\/\/ainavalles.com\/wp-content\/uploads\/2026\/07\/image00032_editada_recta_calida.jpg\",\"width\":1029,\"height\":1400},{\"@type\":\"BreadcrumbList\",\"@id\":\"https:\/\/ainavalles.com\/de\/como-conseguir-una-cocina-mediterranea-5-claves-para-crear-un-espacio-calido-y-atemporal\/#breadcrumb\",\"itemListElement\":[{\"@type\":\"ListItem\",\"position\":1,\"name\":\"Portada\",\"item\":\"https:\/\/ainavalles.com\/de\/\"},{\"@type\":\"ListItem\",\"position\":2,\"name\":\"So entsteht eine mediterrane K\u00fcche: 5 Schl\u00fcssel f\u00fcr einen warmen und zeitlosen Raum\"}]},{\"@type\":\"WebSite\",\"@id\":\"https:\/\/ainavalles.com\/#website\",\"url\":\"https:\/\/ainavalles.com\/\",\"name\":\"Aina Vall\u00e8s\",\"description\":\"Interiorismo en Mallorca\",\"publisher\":{\"@id\":\"https:\/\/ainavalles.com\/#organization\"},\"potentialAction\":[{\"@type\":\"SearchAction\",\"target\":{\"@type\":\"EntryPoint\",\"urlTemplate\":\"https:\/\/ainavalles.com\/?s={search_term_string}\"},\"query-input\":{\"@type\":\"PropertyValueSpecification\",\"valueRequired\":true,\"valueName\":\"search_term_string\"}}],\"inLanguage\":\"de\"},{\"@type\":\"Organization\",\"@id\":\"https:\/\/ainavalles.com\/#organization\",\"name\":\"Aina Vall\u00e8s\",\"url\":\"https:\/\/ainavalles.com\/\",\"logo\":{\"@type\":\"ImageObject\",\"inLanguage\":\"de\",\"@id\":\"https:\/\/ainavalles.com\/#\/schema\/logo\/image\/\",\"url\":\"https:\/\/ainavalles.com\/wp-content\/uploads\/2023\/09\/logo.svg\",\"contentUrl\":\"https:\/\/ainavalles.com\/wp-content\/uploads\/2023\/09\/logo.svg\",\"width\":300,\"height\":244,\"caption\":\"Aina Vall\u00e8s\"},\"image\":{\"@id\":\"https:\/\/ainavalles.com\/#\/schema\/logo\/image\/\"},\"sameAs\":[\"https:\/\/www.facebook.com\/people\/Aina-Valls\/100090582199736\/\",\"https:\/\/www.instagram.com\/aina_valles\/\"]},{\"@type\":\"Person\",\"@id\":\"https:\/\/ainavalles.com\/#\/schema\/person\/66806b4f2c1fbd143b75d1a0b0cfee0b\",\"name\":\"Aina Vall\u00e9s\",\"sameAs\":[\"https:\/\/ainavalles.com\"]}]}<\/script>\n<!-- \/ Yoast SEO plugin. -->","yoast_head_json":{"title":"So entsteht eine mediterrane K\u00fcche: 5 Schl\u00fcssel f\u00fcr einen warmen und zeitlosen Raum - Aina Vall\u00e8s","robots":{"index":"index","follow":"follow","max-snippet":"max-snippet:-1","max-image-preview":"max-image-preview:large","max-video-preview":"max-video-preview:-1"},"canonical":"https:\/\/ainavalles.com\/de\/como-conseguir-una-cocina-mediterranea-5-claves-para-crear-un-espacio-calido-y-atemporal\/","og_locale":"de_DE","og_type":"article","og_title":"So entsteht eine mediterrane K\u00fcche: 5 Schl\u00fcssel f\u00fcr einen warmen und zeitlosen Raum - Aina Vall\u00e8s","og_description":"Wenn wir an eine mediterrane K\u00fcche denken, kommen uns sofort Naturholz, sanfte Farben und von der Natur inspirierte Materialien in den Sinn. Doch der mediterrane Stil ist weit mehr als nur eine Kombination verschiedener Oberfl\u00e4chen. F\u00fcr mich ist eine mediterrane K\u00fcche ein Ort, der Ruhe ausstrahlt, zum Verweilen einl\u00e4dt und den Alltag einfacher macht. Nach [&hellip;]","og_url":"https:\/\/ainavalles.com\/de\/como-conseguir-una-cocina-mediterranea-5-claves-para-crear-un-espacio-calido-y-atemporal\/","og_site_name":"Aina Vall\u00e8s","article_publisher":"https:\/\/www.facebook.com\/people\/Aina-Valls\/100090582199736\/","article_published_time":"2026-07-06T10:41:05+00:00","article_modified_time":"2026-07-06T11:04:34+00:00","og_image":[{"width":1029,"height":1400,"url":"https:\/\/ainavalles.com\/wp-content\/uploads\/2026\/07\/image00032_editada_recta_calida.jpg","type":"image\/jpeg"}],"author":"Aina Vall\u00e9s","twitter_card":"summary_large_image","twitter_misc":{"Verfasst von":"Aina Vall\u00e9s","Gesch\u00e4tzte Lesezeit":"3\u00a0Minuten"},"schema":{"@context":"https:\/\/schema.org","@graph":[{"@type":"Article","@id":"https:\/\/ainavalles.com\/de\/como-conseguir-una-cocina-mediterranea-5-claves-para-crear-un-espacio-calido-y-atemporal\/#article","isPartOf":{"@id":"https:\/\/ainavalles.com\/de\/como-conseguir-una-cocina-mediterranea-5-claves-para-crear-un-espacio-calido-y-atemporal\/"},"author":{"name":"Aina Vall\u00e9s","@id":"https:\/\/ainavalles.com\/#\/schema\/person\/66806b4f2c1fbd143b75d1a0b0cfee0b"},"headline":"So entsteht eine mediterrane K\u00fcche: 5 Schl\u00fcssel f\u00fcr einen warmen und zeitlosen Raum","datePublished":"2026-07-06T10:41:05+00:00","dateModified":"2026-07-06T11:04:34+00:00","mainEntityOfPage":{"@id":"https:\/\/ainavalles.com\/de\/como-conseguir-una-cocina-mediterranea-5-claves-para-crear-un-espacio-calido-y-atemporal\/"},"wordCount":363,"publisher":{"@id":"https:\/\/ainavalles.com\/#organization"},"image":{"@id":"https:\/\/ainavalles.com\/de\/como-conseguir-una-cocina-mediterranea-5-claves-para-crear-un-espacio-calido-y-atemporal\/#primaryimage"},"thumbnailUrl":"https:\/\/ainavalles.com\/wp-content\/uploads\/2026\/07\/image00032_editada_recta_calida.jpg","articleSection":["Sin categorizar"],"inLanguage":"de"},{"@type":"WebPage","@id":"https:\/\/ainavalles.com\/de\/como-conseguir-una-cocina-mediterranea-5-claves-para-crear-un-espacio-calido-y-atemporal\/","url":"https:\/\/ainavalles.com\/de\/como-conseguir-una-cocina-mediterranea-5-claves-para-crear-un-espacio-calido-y-atemporal\/","name":"So entsteht eine mediterrane K\u00fcche: 5 Schl\u00fcssel f\u00fcr einen warmen und zeitlosen Raum - Aina Vall\u00e8s","isPartOf":{"@id":"https:\/\/ainavalles.com\/#website"},"primaryImageOfPage":{"@id":"https:\/\/ainavalles.com\/de\/como-conseguir-una-cocina-mediterranea-5-claves-para-crear-un-espacio-calido-y-atemporal\/#primaryimage"},"image":{"@id":"https:\/\/ainavalles.com\/de\/como-conseguir-una-cocina-mediterranea-5-claves-para-crear-un-espacio-calido-y-atemporal\/#primaryimage"},"thumbnailUrl":"https:\/\/ainavalles.com\/wp-content\/uploads\/2026\/07\/image00032_editada_recta_calida.jpg","datePublished":"2026-07-06T10:41:05+00:00","dateModified":"2026-07-06T11:04:34+00:00","breadcrumb":{"@id":"https:\/\/ainavalles.com\/de\/como-conseguir-una-cocina-mediterranea-5-claves-para-crear-un-espacio-calido-y-atemporal\/#breadcrumb"},"inLanguage":"de","potentialAction":[{"@type":"ReadAction","target":["https:\/\/ainavalles.com\/de\/como-conseguir-una-cocina-mediterranea-5-claves-para-crear-un-espacio-calido-y-atemporal\/"]}]},{"@type":"ImageObject","inLanguage":"de","@id":"https:\/\/ainavalles.com\/de\/como-conseguir-una-cocina-mediterranea-5-claves-para-crear-un-espacio-calido-y-atemporal\/#primaryimage","url":"https:\/\/ainavalles.com\/wp-content\/uploads\/2026\/07\/image00032_editada_recta_calida.jpg","contentUrl":"https:\/\/ainavalles.com\/wp-content\/uploads\/2026\/07\/image00032_editada_recta_calida.jpg","width":1029,"height":1400},{"@type":"BreadcrumbList","@id":"https:\/\/ainavalles.com\/de\/como-conseguir-una-cocina-mediterranea-5-claves-para-crear-un-espacio-calido-y-atemporal\/#breadcrumb","itemListElement":[{"@type":"ListItem","position":1,"name":"Portada","item":"https:\/\/ainavalles.com\/de\/"},{"@type":"ListItem","position":2,"name":"So entsteht eine mediterrane K\u00fcche: 5 Schl\u00fcssel f\u00fcr einen warmen und zeitlosen Raum"}]},{"@type":"WebSite","@id":"https:\/\/ainavalles.com\/#website","url":"https:\/\/ainavalles.com\/","name":"Aina Vall\u00e8s","description":"Interiorismo en Mallorca","publisher":{"@id":"https:\/\/ainavalles.com\/#organization"},"potentialAction":[{"@type":"SearchAction","target":{"@type":"EntryPoint","urlTemplate":"https:\/\/ainavalles.com\/?s={search_term_string}"},"query-input":{"@type":"PropertyValueSpecification","valueRequired":true,"valueName":"search_term_string"}}],"inLanguage":"de"},{"@type":"Organization","@id":"https:\/\/ainavalles.com\/#organization","name":"Aina Vall\u00e8s","url":"https:\/\/ainavalles.com\/","logo":{"@type":"ImageObject","inLanguage":"de","@id":"https:\/\/ainavalles.com\/#\/schema\/logo\/image\/","url":"https:\/\/ainavalles.com\/wp-content\/uploads\/2023\/09\/logo.svg","contentUrl":"https:\/\/ainavalles.com\/wp-content\/uploads\/2023\/09\/logo.svg","width":300,"height":244,"caption":"Aina Vall\u00e8s"},"image":{"@id":"https:\/\/ainavalles.com\/#\/schema\/logo\/image\/"},"sameAs":["https:\/\/www.facebook.com\/people\/Aina-Valls\/100090582199736\/","https:\/\/www.instagram.com\/aina_valles\/"]},{"@type":"Person","@id":"https:\/\/ainavalles.com\/#\/schema\/person\/66806b4f2c1fbd143b75d1a0b0cfee0b","name":"Aina Vall\u00e9s","sameAs":["https:\/\/ainavalles.com"]}]}},"_links":{"self":[{"href":"https:\/\/ainavalles.com\/de\/wp-json\/wp\/v2\/posts\/5701","targetHints":{"allow":["GET"]}}],"collection":[{"href":"https:\/\/ainavalles.com\/de\/wp-json\/wp\/v2\/posts"}],"about":[{"href":"https:\/\/ainavalles.com\/de\/wp-json\/wp\/v2\/types\/post"}],"author":[{"embeddable":true,"href":"https:\/\/ainavalles.com\/de\/wp-json\/wp\/v2\/users\/2"}],"replies":[{"embeddable":true,"href":"https:\/\/ainavalles.com\/de\/wp-json\/wp\/v2\/comments?post=5701"}],"version-history":[{"count":4,"href":"https:\/\/ainavalles.com\/de\/wp-json\/wp\/v2\/posts\/5701\/revisions"}],"predecessor-version":[{"id":5706,"href":"https:\/\/ainavalles.com\/de\/wp-json\/wp\/v2\/posts\/5701\/revisions\/5706"}],"wp:featuredmedia":[{"embeddable":true,"href":"https:\/\/ainavalles.com\/de\/wp-json\/wp\/v2\/media\/5681"}],"wp:attachment":[{"href":"https:\/\/ainavalles.com\/de\/wp-json\/wp\/v2\/media?parent=5701"}],"wp:term":[{"taxonomy":"category","embeddable":true,"href":"https:\/\/ainavalles.com\/de\/wp-json\/wp\/v2\/categories?post=5701"},{"taxonomy":"post_tag","embeddable":true,"href":"https:\/\/ainavalles.com\/de\/wp-json\/wp\/v2\/tags?post=5701"}],"curies":[{"name":"wp","href":"https:\/\/api.w.org\/{rel}","templated":true}]}}