{"id":5964,"date":"2026-08-26T13:25:24","date_gmt":"2026-08-26T11:25:24","guid":{"rendered":"https:\/\/ainavalles.com\/coneix-lequip-daina-valles-les-persones-darrere-cada-projecte\/"},"modified":"2026-08-26T13:39:55","modified_gmt":"2026-08-26T11:39:55","slug":"coneix-lequip-daina-valles-les-persones-darrere-cada-projecte","status":"publish","type":"post","link":"https:\/\/ainavalles.com\/de\/coneix-lequip-daina-valles-les-persones-darrere-cada-projecte\/","title":{"rendered":"Lernen Sie das Team von Aina Vall\u00e9s kennen: die Menschen hinter jedem Projekt"},"content":{"rendered":"\n<p class=\"wp-block-paragraph\">Bei <strong>Aina Vall\u00e9s<\/strong> durchl\u00e4uft jedes Projekt viele Gespr\u00e4che, Entscheidungen und Details, bevor daraus eine K\u00fcche, ein Einbauschrank oder ein anderes ma\u00dfgefertigtes M\u00f6belst\u00fcck entsteht.<\/p>\n\n\n\n<p class=\"wp-block-paragraph\">Von unserem Studio in <strong>S\u00f3ller<\/strong> aus betreuen wir jedes Projekt pers\u00f6nlich und individuell \u2013 von den ersten Ideen bis hin zur Fertigung und Montage.<\/p>\n\n\n\n<p class=\"wp-block-paragraph\">Hinter diesem gesamten Prozess steht ein Team. Heute m\u00f6chten wir Ihnen ein wenig mehr \u00fcber uns erz\u00e4hlen und dar\u00fcber, was jede von uns zum Alltag im Studio beitr\u00e4gt.<\/p>\n\n\n\n<p class=\"wp-block-paragraph\"><strong>Aina Vall\u00e9s, Innenarchitektin und Gr\u00fcnderin<\/strong><\/p>\n\n\n\n<p class=\"wp-block-paragraph\">Aina stammt aus S\u00f3ller und ist auf <strong>ma\u00dfgefertigtes M\u00f6beldesign<\/strong> spezialisiert. Sie entwickelt jedes Projekt von der ersten Idee an.<\/p>\n\n\n\n<p class=\"wp-block-paragraph\">Ihre Arbeitsweise beginnt damit, zu verstehen, wie jeder Kunde lebt, was er ben\u00f6tigt und wie sich der vorhandene Raum optimal nutzen l\u00e4sst.<\/p>\n\n\n\n<p class=\"wp-block-paragraph\">Denn eine K\u00fcche soll nicht nur sch\u00f6n aussehen: Sie muss beim Kochen komfortabel sein. Ein Schrank sollte dabei helfen, Ordnung zu halten. Und jedes M\u00f6belst\u00fcck sollte einen guten Grund haben, genau dort zu stehen, wo es steht.<\/p>\n\n\n\n<p class=\"wp-block-paragraph\">Diese Philosophie pr\u00e4gt jedes Projekt: <strong>sch\u00f6ne R\u00e4ume zu schaffen, die vor allem praktisch, gut organisiert und auf die Menschen abgestimmt sind, die darin leben.<\/strong><\/p>\n\n\n<div class=\"wp-block-image\">\n<figure class=\"aligncenter size-full is-resized\"><img fetchpriority=\"high\" decoding=\"async\" width=\"937\" height=\"1400\" src=\"https:\/\/ainavalles.com\/wp-content\/uploads\/2026\/08\/AINA.jpg\" alt=\"\" class=\"wp-image-5941\" style=\"aspect-ratio:0.669289378019023;width:339px;height:auto\" srcset=\"https:\/\/ainavalles.com\/wp-content\/uploads\/2026\/08\/AINA.jpg 937w, https:\/\/ainavalles.com\/wp-content\/uploads\/2026\/08\/AINA-768x1147.jpg 768w\" sizes=\"(max-width: 937px) 100vw, 937px\" \/><\/figure>\n<\/div>\n\n\n<p class=\"wp-block-paragraph\"><strong>Bea, Design und Projektbegleitung<\/strong><\/p>\n\n\n\n<p class=\"wp-block-paragraph\">Bea ist Teil unseres Designteams und begleitet die Entwicklung der Projekte von den ersten Aufma\u00dfen bis zur weiteren Betreuung des Mobiliars.<\/p>\n\n\n\n<p class=\"wp-block-paragraph\">Mit ihrem praktischen Blick und ihrer Liebe zum Detail hilft sie uns, Ma\u00dfe, \u00d6ffnungen, Raumaufteilungen und all die kleinen Aspekte zu \u00fcberpr\u00fcfen, die notwendig sind, damit das, was auf dem Papier geplant wurde, sp\u00e4ter auch in der Realit\u00e4t funktioniert.<\/p>\n\n\n\n<p class=\"wp-block-paragraph\">Denn hinter einem gelungenen Ergebnis stehen viele kleine Entscheidungen, die gemeinsam daf\u00fcr sorgen, dass die M\u00f6bel wirklich funktionieren.<\/p>\n\n\n<div class=\"wp-block-image\">\n<figure class=\"aligncenter size-full is-resized\"><img decoding=\"async\" width=\"1920\" height=\"1285\" src=\"https:\/\/ainavalles.com\/wp-content\/uploads\/2026\/08\/BEA.jpg\" alt=\"\" class=\"wp-image-5945\" style=\"aspect-ratio:1.494198660503726;width:456px;height:auto\" srcset=\"https:\/\/ainavalles.com\/wp-content\/uploads\/2026\/08\/BEA.jpg 1920w, https:\/\/ainavalles.com\/wp-content\/uploads\/2026\/08\/BEA-768x514.jpg 768w, https:\/\/ainavalles.com\/wp-content\/uploads\/2026\/08\/BEA-1536x1028.jpg 1536w\" sizes=\"(max-width: 1920px) 100vw, 1920px\" \/><\/figure>\n<\/div>\n\n\n<p class=\"wp-block-paragraph\"><strong>Laia, Kommunikation, Verwaltung und Organisation<\/strong><\/p>\n\n\n\n<p class=\"wp-block-paragraph\">Laia ist eine der Personen hinter Aina Vall\u00e9s, auch wenn Sie sie vielleicht nicht immer sehen.<\/p>\n\n\n\n<p class=\"wp-block-paragraph\">Sie k\u00fcmmert sich um einen gro\u00dfen Teil der Kommunikation, Verwaltung und t\u00e4glichen Organisation des Studios. Au\u00dferdem hilft sie uns dabei, unsere fertiggestellten Projekte zu pr\u00e4sentieren und mehr von dem zu zeigen, was hinter unserer Arbeit steckt.<\/p>\n\n\n\n<p class=\"wp-block-paragraph\">Ihre Organisation sorgt daf\u00fcr, dass vieles reibungslos l\u00e4uft und das Team jedem Projekt die notwendige Zeit und Aufmerksamkeit widmen kann.<\/p>\n\n\n<div class=\"wp-block-image\">\n<figure class=\"aligncenter size-full is-resized\"><img decoding=\"async\" width=\"937\" height=\"1400\" src=\"https:\/\/ainavalles.com\/wp-content\/uploads\/2026\/08\/LAIA.jpg\" alt=\"\" class=\"wp-image-5949\" style=\"aspect-ratio:0.669289378019023;width:309px;height:auto\" srcset=\"https:\/\/ainavalles.com\/wp-content\/uploads\/2026\/08\/LAIA.jpg 937w, https:\/\/ainavalles.com\/wp-content\/uploads\/2026\/08\/LAIA-768x1147.jpg 768w\" sizes=\"(max-width: 937px) 100vw, 937px\" \/><\/figure>\n<\/div>\n\n\n<p class=\"wp-block-paragraph\"><strong>Ein Projekt, ein Team dahinter<\/strong><\/p>\n\n\n\n<p class=\"wp-block-paragraph\">Auch wenn jede von uns unterschiedliche Aufgaben hat, arbeiten wir alle mit demselben Ziel: <strong>jedes Projekt sorgf\u00e4ltig zu betreuen und unsere Kunden w\u00e4hrend des gesamten Prozesses zu begleiten.<\/strong><\/p>\n\n\n\n<p class=\"wp-block-paragraph\">Von unserem Studio in <strong>S\u00f3ller<\/strong> aus entwerfen und entwickeln wir ma\u00dfgefertigte M\u00f6belprojekte, die wir an verschiedenen Orten auf <strong>Mallorca und in der Serra de Tramuntana<\/strong> fertigen und montieren.<\/p>\n\n\n\n<p class=\"wp-block-paragraph\">Denn genau das sch\u00e4tzen wir an ma\u00dfgefertigten M\u00f6beln besonders: Nicht das Zuhause muss sich an die M\u00f6bel anpassen, sondern wir k\u00f6nnen <strong>die M\u00f6bel an das Zuhause und an die Menschen, die darin leben, anpassen<\/strong>.<\/p>\n\n\n\n<p class=\"wp-block-paragraph\"><strong>M\u00f6bel, die Ihnen helfen, mehr Platz, Ordnung und Ruhe in Ihrem Zuhause zu schaffen.<\/strong><\/p>\n\n\n<div class=\"wp-block-image\">\n<figure class=\"aligncenter size-full is-resized\"><img loading=\"lazy\" decoding=\"async\" width=\"1920\" height=\"1285\" src=\"https:\/\/ainavalles.com\/wp-content\/uploads\/2026\/08\/TOTES.jpg\" alt=\"\" class=\"wp-image-5953\" style=\"width:572px;height:auto\" srcset=\"https:\/\/ainavalles.com\/wp-content\/uploads\/2026\/08\/TOTES.jpg 1920w, https:\/\/ainavalles.com\/wp-content\/uploads\/2026\/08\/TOTES-768x514.jpg 768w, https:\/\/ainavalles.com\/wp-content\/uploads\/2026\/08\/TOTES-1536x1028.jpg 1536w\" sizes=\"(max-width: 1920px) 100vw, 1920px\" \/><\/figure>\n<\/div>\n\n\n<p class=\"wp-block-paragraph\"><\/p>\n","protected":false},"excerpt":{"rendered":"<p>Bei Aina Vall\u00e9s durchl\u00e4uft jedes Projekt viele Gespr\u00e4che, Entscheidungen und Details, bevor daraus eine K\u00fcche, ein Einbauschrank oder ein anderes ma\u00dfgefertigtes M\u00f6belst\u00fcck entsteht. Von unserem Studio in S\u00f3ller aus betreuen wir jedes Projekt pers\u00f6nlich und individuell \u2013 von den ersten Ideen bis hin zur Fertigung und Montage. Hinter diesem gesamten Prozess steht ein Team. Heute [&hellip;]<\/p>\n","protected":false},"author":2,"featured_media":5955,"comment_status":"closed","ping_status":"closed","sticky":false,"template":"","format":"standard","meta":{"_acf_changed":false,"footnotes":""},"categories":[25],"tags":[],"class_list":["post-5964","post","type-post","status-publish","format-standard","has-post-thumbnail","hentry","category-sin-categorizar-3"],"acf":[],"yoast_head":"<!-- This site is optimized with the Yoast SEO plugin v26.8 - https:\/\/yoast.com\/product\/yoast-seo-wordpress\/ -->\n<title>Lernen Sie das Team von Aina Vall\u00e9s kennen: die Menschen hinter jedem Projekt - Aina Vall\u00e8s<\/title>\n<meta name=\"robots\" content=\"index, follow, max-snippet:-1, max-image-preview:large, max-video-preview:-1\" \/>\n<link rel=\"canonical\" href=\"https:\/\/ainavalles.com\/de\/coneix-lequip-daina-valles-les-persones-darrere-cada-projecte\/\" \/>\n<meta property=\"og:locale\" content=\"de_DE\" \/>\n<meta property=\"og:type\" content=\"article\" \/>\n<meta property=\"og:title\" content=\"Lernen Sie das Team von Aina Vall\u00e9s kennen: die Menschen hinter jedem Projekt - Aina Vall\u00e8s\" \/>\n<meta property=\"og:description\" content=\"Bei Aina Vall\u00e9s durchl\u00e4uft jedes Projekt viele Gespr\u00e4che, Entscheidungen und Details, bevor daraus eine K\u00fcche, ein Einbauschrank oder ein anderes ma\u00dfgefertigtes M\u00f6belst\u00fcck entsteht. Von unserem Studio in S\u00f3ller aus betreuen wir jedes Projekt pers\u00f6nlich und individuell \u2013 von den ersten Ideen bis hin zur Fertigung und Montage. Hinter diesem gesamten Prozess steht ein Team. Heute [&hellip;]\" \/>\n<meta property=\"og:url\" content=\"https:\/\/ainavalles.com\/de\/coneix-lequip-daina-valles-les-persones-darrere-cada-projecte\/\" \/>\n<meta property=\"og:site_name\" content=\"Aina Vall\u00e8s\" \/>\n<meta property=\"article:publisher\" content=\"https:\/\/www.facebook.com\/people\/Aina-Valls\/100090582199736\/\" \/>\n<meta property=\"article:published_time\" content=\"2026-08-26T11:25:24+00:00\" \/>\n<meta property=\"article:modified_time\" content=\"2026-08-26T11:39:55+00:00\" \/>\n<meta property=\"og:image\" content=\"https:\/\/ainavalles.com\/wp-content\/uploads\/2026\/08\/TOTES.jpg\" \/>\n\t<meta property=\"og:image:width\" content=\"1920\" \/>\n\t<meta property=\"og:image:height\" content=\"1285\" \/>\n\t<meta property=\"og:image:type\" content=\"image\/jpeg\" \/>\n<meta name=\"author\" content=\"Aina Vall\u00e9s\" \/>\n<meta name=\"twitter:card\" content=\"summary_large_image\" \/>\n<meta name=\"twitter:label1\" content=\"Verfasst von\" \/>\n\t<meta name=\"twitter:data1\" content=\"Aina Vall\u00e9s\" \/>\n\t<meta name=\"twitter:label2\" content=\"Gesch\u00e4tzte Lesezeit\" \/>\n\t<meta name=\"twitter:data2\" content=\"4\u00a0Minuten\" \/>\n<script type=\"application\/ld+json\" class=\"yoast-schema-graph\">{\"@context\":\"https:\/\/schema.org\",\"@graph\":[{\"@type\":\"Article\",\"@id\":\"https:\/\/ainavalles.com\/de\/coneix-lequip-daina-valles-les-persones-darrere-cada-projecte\/#article\",\"isPartOf\":{\"@id\":\"https:\/\/ainavalles.com\/de\/coneix-lequip-daina-valles-les-persones-darrere-cada-projecte\/\"},\"author\":{\"name\":\"Aina Vall\u00e9s\",\"@id\":\"https:\/\/ainavalles.com\/#\/schema\/person\/66806b4f2c1fbd143b75d1a0b0cfee0b\"},\"headline\":\"Lernen Sie das Team von Aina Vall\u00e9s kennen: die Menschen hinter jedem Projekt\",\"datePublished\":\"2026-08-26T11:25:24+00:00\",\"dateModified\":\"2026-08-26T11:39:55+00:00\",\"mainEntityOfPage\":{\"@id\":\"https:\/\/ainavalles.com\/de\/coneix-lequip-daina-valles-les-persones-darrere-cada-projecte\/\"},\"wordCount\":517,\"publisher\":{\"@id\":\"https:\/\/ainavalles.com\/#organization\"},\"image\":{\"@id\":\"https:\/\/ainavalles.com\/de\/coneix-lequip-daina-valles-les-persones-darrere-cada-projecte\/#primaryimage\"},\"thumbnailUrl\":\"https:\/\/ainavalles.com\/wp-content\/uploads\/2026\/08\/TOTES.jpg\",\"articleSection\":[\"Sin categorizar\"],\"inLanguage\":\"de\"},{\"@type\":\"WebPage\",\"@id\":\"https:\/\/ainavalles.com\/de\/coneix-lequip-daina-valles-les-persones-darrere-cada-projecte\/\",\"url\":\"https:\/\/ainavalles.com\/de\/coneix-lequip-daina-valles-les-persones-darrere-cada-projecte\/\",\"name\":\"Lernen Sie das Team von Aina Vall\u00e9s kennen: die Menschen hinter jedem Projekt - Aina Vall\u00e8s\",\"isPartOf\":{\"@id\":\"https:\/\/ainavalles.com\/#website\"},\"primaryImageOfPage\":{\"@id\":\"https:\/\/ainavalles.com\/de\/coneix-lequip-daina-valles-les-persones-darrere-cada-projecte\/#primaryimage\"},\"image\":{\"@id\":\"https:\/\/ainavalles.com\/de\/coneix-lequip-daina-valles-les-persones-darrere-cada-projecte\/#primaryimage\"},\"thumbnailUrl\":\"https:\/\/ainavalles.com\/wp-content\/uploads\/2026\/08\/TOTES.jpg\",\"datePublished\":\"2026-08-26T11:25:24+00:00\",\"dateModified\":\"2026-08-26T11:39:55+00:00\",\"breadcrumb\":{\"@id\":\"https:\/\/ainavalles.com\/de\/coneix-lequip-daina-valles-les-persones-darrere-cada-projecte\/#breadcrumb\"},\"inLanguage\":\"de\",\"potentialAction\":[{\"@type\":\"ReadAction\",\"target\":[\"https:\/\/ainavalles.com\/de\/coneix-lequip-daina-valles-les-persones-darrere-cada-projecte\/\"]}]},{\"@type\":\"ImageObject\",\"inLanguage\":\"de\",\"@id\":\"https:\/\/ainavalles.com\/de\/coneix-lequip-daina-valles-les-persones-darrere-cada-projecte\/#primaryimage\",\"url\":\"https:\/\/ainavalles.com\/wp-content\/uploads\/2026\/08\/TOTES.jpg\",\"contentUrl\":\"https:\/\/ainavalles.com\/wp-content\/uploads\/2026\/08\/TOTES.jpg\",\"width\":1920,\"height\":1285},{\"@type\":\"BreadcrumbList\",\"@id\":\"https:\/\/ainavalles.com\/de\/coneix-lequip-daina-valles-les-persones-darrere-cada-projecte\/#breadcrumb\",\"itemListElement\":[{\"@type\":\"ListItem\",\"position\":1,\"name\":\"Portada\",\"item\":\"https:\/\/ainavalles.com\/de\/\"},{\"@type\":\"ListItem\",\"position\":2,\"name\":\"Lernen Sie das Team von Aina Vall\u00e9s kennen: die Menschen hinter jedem Projekt\"}]},{\"@type\":\"WebSite\",\"@id\":\"https:\/\/ainavalles.com\/#website\",\"url\":\"https:\/\/ainavalles.com\/\",\"name\":\"Aina Vall\u00e8s\",\"description\":\"Interiorismo en Mallorca\",\"publisher\":{\"@id\":\"https:\/\/ainavalles.com\/#organization\"},\"potentialAction\":[{\"@type\":\"SearchAction\",\"target\":{\"@type\":\"EntryPoint\",\"urlTemplate\":\"https:\/\/ainavalles.com\/?s={search_term_string}\"},\"query-input\":{\"@type\":\"PropertyValueSpecification\",\"valueRequired\":true,\"valueName\":\"search_term_string\"}}],\"inLanguage\":\"de\"},{\"@type\":\"Organization\",\"@id\":\"https:\/\/ainavalles.com\/#organization\",\"name\":\"Aina Vall\u00e8s\",\"url\":\"https:\/\/ainavalles.com\/\",\"logo\":{\"@type\":\"ImageObject\",\"inLanguage\":\"de\",\"@id\":\"https:\/\/ainavalles.com\/#\/schema\/logo\/image\/\",\"url\":\"https:\/\/ainavalles.com\/wp-content\/uploads\/2023\/09\/logo.svg\",\"contentUrl\":\"https:\/\/ainavalles.com\/wp-content\/uploads\/2023\/09\/logo.svg\",\"width\":300,\"height\":244,\"caption\":\"Aina Vall\u00e8s\"},\"image\":{\"@id\":\"https:\/\/ainavalles.com\/#\/schema\/logo\/image\/\"},\"sameAs\":[\"https:\/\/www.facebook.com\/people\/Aina-Valls\/100090582199736\/\",\"https:\/\/www.instagram.com\/aina_valles\/\"]},{\"@type\":\"Person\",\"@id\":\"https:\/\/ainavalles.com\/#\/schema\/person\/66806b4f2c1fbd143b75d1a0b0cfee0b\",\"name\":\"Aina Vall\u00e9s\",\"sameAs\":[\"https:\/\/ainavalles.com\"]}]}<\/script>\n<!-- \/ Yoast SEO plugin. -->","yoast_head_json":{"title":"Lernen Sie das Team von Aina Vall\u00e9s kennen: die Menschen hinter jedem Projekt - Aina Vall\u00e8s","robots":{"index":"index","follow":"follow","max-snippet":"max-snippet:-1","max-image-preview":"max-image-preview:large","max-video-preview":"max-video-preview:-1"},"canonical":"https:\/\/ainavalles.com\/de\/coneix-lequip-daina-valles-les-persones-darrere-cada-projecte\/","og_locale":"de_DE","og_type":"article","og_title":"Lernen Sie das Team von Aina Vall\u00e9s kennen: die Menschen hinter jedem Projekt - Aina Vall\u00e8s","og_description":"Bei Aina Vall\u00e9s durchl\u00e4uft jedes Projekt viele Gespr\u00e4che, Entscheidungen und Details, bevor daraus eine K\u00fcche, ein Einbauschrank oder ein anderes ma\u00dfgefertigtes M\u00f6belst\u00fcck entsteht. Von unserem Studio in S\u00f3ller aus betreuen wir jedes Projekt pers\u00f6nlich und individuell \u2013 von den ersten Ideen bis hin zur Fertigung und Montage. Hinter diesem gesamten Prozess steht ein Team. Heute [&hellip;]","og_url":"https:\/\/ainavalles.com\/de\/coneix-lequip-daina-valles-les-persones-darrere-cada-projecte\/","og_site_name":"Aina Vall\u00e8s","article_publisher":"https:\/\/www.facebook.com\/people\/Aina-Valls\/100090582199736\/","article_published_time":"2026-08-26T11:25:24+00:00","article_modified_time":"2026-08-26T11:39:55+00:00","og_image":[{"width":1920,"height":1285,"url":"https:\/\/ainavalles.com\/wp-content\/uploads\/2026\/08\/TOTES.jpg","type":"image\/jpeg"}],"author":"Aina Vall\u00e9s","twitter_card":"summary_large_image","twitter_misc":{"Verfasst von":"Aina Vall\u00e9s","Gesch\u00e4tzte Lesezeit":"4\u00a0Minuten"},"schema":{"@context":"https:\/\/schema.org","@graph":[{"@type":"Article","@id":"https:\/\/ainavalles.com\/de\/coneix-lequip-daina-valles-les-persones-darrere-cada-projecte\/#article","isPartOf":{"@id":"https:\/\/ainavalles.com\/de\/coneix-lequip-daina-valles-les-persones-darrere-cada-projecte\/"},"author":{"name":"Aina Vall\u00e9s","@id":"https:\/\/ainavalles.com\/#\/schema\/person\/66806b4f2c1fbd143b75d1a0b0cfee0b"},"headline":"Lernen Sie das Team von Aina Vall\u00e9s kennen: die Menschen hinter jedem Projekt","datePublished":"2026-08-26T11:25:24+00:00","dateModified":"2026-08-26T11:39:55+00:00","mainEntityOfPage":{"@id":"https:\/\/ainavalles.com\/de\/coneix-lequip-daina-valles-les-persones-darrere-cada-projecte\/"},"wordCount":517,"publisher":{"@id":"https:\/\/ainavalles.com\/#organization"},"image":{"@id":"https:\/\/ainavalles.com\/de\/coneix-lequip-daina-valles-les-persones-darrere-cada-projecte\/#primaryimage"},"thumbnailUrl":"https:\/\/ainavalles.com\/wp-content\/uploads\/2026\/08\/TOTES.jpg","articleSection":["Sin categorizar"],"inLanguage":"de"},{"@type":"WebPage","@id":"https:\/\/ainavalles.com\/de\/coneix-lequip-daina-valles-les-persones-darrere-cada-projecte\/","url":"https:\/\/ainavalles.com\/de\/coneix-lequip-daina-valles-les-persones-darrere-cada-projecte\/","name":"Lernen Sie das Team von Aina Vall\u00e9s kennen: die Menschen hinter jedem Projekt - Aina Vall\u00e8s","isPartOf":{"@id":"https:\/\/ainavalles.com\/#website"},"primaryImageOfPage":{"@id":"https:\/\/ainavalles.com\/de\/coneix-lequip-daina-valles-les-persones-darrere-cada-projecte\/#primaryimage"},"image":{"@id":"https:\/\/ainavalles.com\/de\/coneix-lequip-daina-valles-les-persones-darrere-cada-projecte\/#primaryimage"},"thumbnailUrl":"https:\/\/ainavalles.com\/wp-content\/uploads\/2026\/08\/TOTES.jpg","datePublished":"2026-08-26T11:25:24+00:00","dateModified":"2026-08-26T11:39:55+00:00","breadcrumb":{"@id":"https:\/\/ainavalles.com\/de\/coneix-lequip-daina-valles-les-persones-darrere-cada-projecte\/#breadcrumb"},"inLanguage":"de","potentialAction":[{"@type":"ReadAction","target":["https:\/\/ainavalles.com\/de\/coneix-lequip-daina-valles-les-persones-darrere-cada-projecte\/"]}]},{"@type":"ImageObject","inLanguage":"de","@id":"https:\/\/ainavalles.com\/de\/coneix-lequip-daina-valles-les-persones-darrere-cada-projecte\/#primaryimage","url":"https:\/\/ainavalles.com\/wp-content\/uploads\/2026\/08\/TOTES.jpg","contentUrl":"https:\/\/ainavalles.com\/wp-content\/uploads\/2026\/08\/TOTES.jpg","width":1920,"height":1285},{"@type":"BreadcrumbList","@id":"https:\/\/ainavalles.com\/de\/coneix-lequip-daina-valles-les-persones-darrere-cada-projecte\/#breadcrumb","itemListElement":[{"@type":"ListItem","position":1,"name":"Portada","item":"https:\/\/ainavalles.com\/de\/"},{"@type":"ListItem","position":2,"name":"Lernen Sie das Team von Aina Vall\u00e9s kennen: die Menschen hinter jedem Projekt"}]},{"@type":"WebSite","@id":"https:\/\/ainavalles.com\/#website","url":"https:\/\/ainavalles.com\/","name":"Aina Vall\u00e8s","description":"Interiorismo en Mallorca","publisher":{"@id":"https:\/\/ainavalles.com\/#organization"},"potentialAction":[{"@type":"SearchAction","target":{"@type":"EntryPoint","urlTemplate":"https:\/\/ainavalles.com\/?s={search_term_string}"},"query-input":{"@type":"PropertyValueSpecification","valueRequired":true,"valueName":"search_term_string"}}],"inLanguage":"de"},{"@type":"Organization","@id":"https:\/\/ainavalles.com\/#organization","name":"Aina Vall\u00e8s","url":"https:\/\/ainavalles.com\/","logo":{"@type":"ImageObject","inLanguage":"de","@id":"https:\/\/ainavalles.com\/#\/schema\/logo\/image\/","url":"https:\/\/ainavalles.com\/wp-content\/uploads\/2023\/09\/logo.svg","contentUrl":"https:\/\/ainavalles.com\/wp-content\/uploads\/2023\/09\/logo.svg","width":300,"height":244,"caption":"Aina Vall\u00e8s"},"image":{"@id":"https:\/\/ainavalles.com\/#\/schema\/logo\/image\/"},"sameAs":["https:\/\/www.facebook.com\/people\/Aina-Valls\/100090582199736\/","https:\/\/www.instagram.com\/aina_valles\/"]},{"@type":"Person","@id":"https:\/\/ainavalles.com\/#\/schema\/person\/66806b4f2c1fbd143b75d1a0b0cfee0b","name":"Aina Vall\u00e9s","sameAs":["https:\/\/ainavalles.com"]}]}},"_links":{"self":[{"href":"https:\/\/ainavalles.com\/de\/wp-json\/wp\/v2\/posts\/5964","targetHints":{"allow":["GET"]}}],"collection":[{"href":"https:\/\/ainavalles.com\/de\/wp-json\/wp\/v2\/posts"}],"about":[{"href":"https:\/\/ainavalles.com\/de\/wp-json\/wp\/v2\/types\/post"}],"author":[{"embeddable":true,"href":"https:\/\/ainavalles.com\/de\/wp-json\/wp\/v2\/users\/2"}],"replies":[{"embeddable":true,"href":"https:\/\/ainavalles.com\/de\/wp-json\/wp\/v2\/comments?post=5964"}],"version-history":[{"count":1,"href":"https:\/\/ainavalles.com\/de\/wp-json\/wp\/v2\/posts\/5964\/revisions"}],"predecessor-version":[{"id":5966,"href":"https:\/\/ainavalles.com\/de\/wp-json\/wp\/v2\/posts\/5964\/revisions\/5966"}],"wp:featuredmedia":[{"embeddable":true,"href":"https:\/\/ainavalles.com\/de\/wp-json\/wp\/v2\/media\/5955"}],"wp:attachment":[{"href":"https:\/\/ainavalles.com\/de\/wp-json\/wp\/v2\/media?parent=5964"}],"wp:term":[{"taxonomy":"category","embeddable":true,"href":"https:\/\/ainavalles.com\/de\/wp-json\/wp\/v2\/categories?post=5964"},{"taxonomy":"post_tag","embeddable":true,"href":"https:\/\/ainavalles.com\/de\/wp-json\/wp\/v2\/tags?post=5964"}],"curies":[{"name":"wp","href":"https:\/\/api.w.org\/{rel}","templated":true}]}}