{"id":5961,"date":"2026-08-26T13:25:24","date_gmt":"2026-08-26T11:25:24","guid":{"rendered":"https:\/\/ainavalles.com\/coneix-lequip-daina-valles-les-persones-darrere-cada-projecte\/"},"modified":"2026-08-26T13:35:02","modified_gmt":"2026-08-26T11:35:02","slug":"coneix-lequip-daina-valles-les-persones-darrere-cada-projecte","status":"publish","type":"post","link":"https:\/\/ainavalles.com\/en\/coneix-lequip-daina-valles-les-persones-darrere-cada-projecte\/","title":{"rendered":"Meet the Aina Vall\u00e9s team: the people behind every project"},"content":{"rendered":"\n<p class=\"wp-block-paragraph\">At <strong>Aina Vall\u00e9s<\/strong>, every project goes through many conversations, decisions and details before becoming a kitchen, wardrobe or any other piece of bespoke furniture.<\/p>\n\n\n\n<p class=\"wp-block-paragraph\">From our studio in <strong>S\u00f3ller<\/strong>, we approach every project in a personal and attentive way, from the first ideas through to manufacturing and installation.<\/p>\n\n\n\n<p class=\"wp-block-paragraph\">And behind this entire process is a team. Today, we&#8217;d like to tell you a little more about us and what each of us brings to the studio.<\/p>\n\n\n\n<p class=\"wp-block-paragraph\"><strong>Aina Vall\u00e9s, interior designer and founder<\/strong><\/p>\n\n\n\n<p class=\"wp-block-paragraph\">Born in S\u00f3ller and specialising in <strong>bespoke furniture design<\/strong>, Aina is the person who shapes each project from the very first idea.<\/p>\n\n\n\n<p class=\"wp-block-paragraph\">Her approach begins with understanding how each client lives, what they need and how the available space can be used more effectively.<\/p>\n\n\n\n<p class=\"wp-block-paragraph\">Because a kitchen shouldn&#8217;t just look beautiful: it should be comfortable to cook in. A wardrobe should help you stay organised. And every piece of furniture should have a reason for being exactly where it is.<\/p>\n\n\n\n<p class=\"wp-block-paragraph\">This is the philosophy behind every project: <strong>creating beautiful spaces, but above all practical, organised spaces designed around the people who live in them.<\/strong><\/p>\n\n\n<div class=\"wp-block-image\">\n<figure class=\"aligncenter size-full is-resized\"><img fetchpriority=\"high\" decoding=\"async\" width=\"937\" height=\"1400\" src=\"https:\/\/ainavalles.com\/wp-content\/uploads\/2026\/08\/AINA.jpg\" alt=\"\" class=\"wp-image-5941\" style=\"aspect-ratio:0.669289378019023;width:339px;height:auto\" srcset=\"https:\/\/ainavalles.com\/wp-content\/uploads\/2026\/08\/AINA.jpg 937w, https:\/\/ainavalles.com\/wp-content\/uploads\/2026\/08\/AINA-768x1147.jpg 768w\" sizes=\"(max-width: 937px) 100vw, 937px\" \/><\/figure>\n<\/div>\n\n\n<p class=\"wp-block-paragraph\"><strong>Bea, design and project follow-up<\/strong><\/p>\n\n\n\n<p class=\"wp-block-paragraph\">Bea is part of the design team and supports the development of each project, from the initial measurements through to the follow-up of the furniture.<\/p>\n\n\n\n<p class=\"wp-block-paragraph\">Her practical approach and attention to detail help us review measurements, openings, layouts and all those small details needed to ensure that what we design on paper works perfectly in real life.<\/p>\n\n\n\n<p class=\"wp-block-paragraph\">Because behind every successful result are many small decisions that, together, make the furniture truly work.<\/p>\n\n\n<div class=\"wp-block-image\">\n<figure class=\"aligncenter size-full is-resized\"><img decoding=\"async\" width=\"1920\" height=\"1285\" src=\"https:\/\/ainavalles.com\/wp-content\/uploads\/2026\/08\/BEA.jpg\" alt=\"\" class=\"wp-image-5945\" style=\"aspect-ratio:1.494198660503726;width:456px;height:auto\" srcset=\"https:\/\/ainavalles.com\/wp-content\/uploads\/2026\/08\/BEA.jpg 1920w, https:\/\/ainavalles.com\/wp-content\/uploads\/2026\/08\/BEA-768x514.jpg 768w, https:\/\/ainavalles.com\/wp-content\/uploads\/2026\/08\/BEA-1536x1028.jpg 1536w\" sizes=\"(max-width: 1920px) 100vw, 1920px\" \/><\/figure>\n<\/div>\n\n\n<p class=\"wp-block-paragraph\"><strong>Laia, communication, administration and organisation<\/strong><\/p>\n\n\n\n<p class=\"wp-block-paragraph\">Laia is one of the people behind Aina Vall\u00e9s, even though you may not always see her.<\/p>\n\n\n\n<p class=\"wp-block-paragraph\">She takes care of much of the studio&#8217;s communication, administration and day-to-day organisation. She also helps us showcase our completed projects and share more of what happens behind the scenes.<\/p>\n\n\n\n<p class=\"wp-block-paragraph\">Her organisational skills help keep everything running smoothly, allowing the team to dedicate the time and attention each project deserves.<\/p>\n\n\n<div class=\"wp-block-image\">\n<figure class=\"aligncenter size-full is-resized\"><img decoding=\"async\" width=\"937\" height=\"1400\" src=\"https:\/\/ainavalles.com\/wp-content\/uploads\/2026\/08\/LAIA.jpg\" alt=\"\" class=\"wp-image-5949\" style=\"aspect-ratio:0.669289378019023;width:309px;height:auto\" srcset=\"https:\/\/ainavalles.com\/wp-content\/uploads\/2026\/08\/LAIA.jpg 937w, https:\/\/ainavalles.com\/wp-content\/uploads\/2026\/08\/LAIA-768x1147.jpg 768w\" sizes=\"(max-width: 937px) 100vw, 937px\" \/><\/figure>\n<\/div>\n\n\n<p class=\"wp-block-paragraph\"><strong>One project, one team behind it<\/strong><\/p>\n\n\n\n<p class=\"wp-block-paragraph\">Although each of us has a different role, we all work towards the same goal: <strong>to take care of every project and support our clients throughout the entire process.<\/strong><\/p>\n\n\n\n<p class=\"wp-block-paragraph\">From our studio in <strong>S\u00f3ller<\/strong>, we design and develop bespoke furniture projects that we manufacture and install throughout <strong>Mallorca and the Serra de Tramuntana<\/strong>.<\/p>\n\n\n\n<p class=\"wp-block-paragraph\">Because that&#8217;s what we love most about working with bespoke furniture: instead of adapting the home to the furniture, we can <strong>adapt the furniture to the home and to the people who live there<\/strong>.<\/p>\n\n\n\n<p class=\"wp-block-paragraph\"><strong>Furniture designed to bring more space, organisation and calm to your home.<\/strong><\/p>\n\n\n<div class=\"wp-block-image\">\n<figure class=\"aligncenter size-full is-resized\"><img loading=\"lazy\" decoding=\"async\" width=\"1920\" height=\"1285\" src=\"https:\/\/ainavalles.com\/wp-content\/uploads\/2026\/08\/TOTES.jpg\" alt=\"\" class=\"wp-image-5953\" style=\"width:572px;height:auto\" srcset=\"https:\/\/ainavalles.com\/wp-content\/uploads\/2026\/08\/TOTES.jpg 1920w, https:\/\/ainavalles.com\/wp-content\/uploads\/2026\/08\/TOTES-768x514.jpg 768w, https:\/\/ainavalles.com\/wp-content\/uploads\/2026\/08\/TOTES-1536x1028.jpg 1536w\" sizes=\"(max-width: 1920px) 100vw, 1920px\" \/><\/figure>\n<\/div>\n\n\n<p class=\"wp-block-paragraph\"><\/p>\n","protected":false},"excerpt":{"rendered":"<p>At Aina Vall\u00e9s, every project goes through many conversations, decisions and details before becoming a kitchen, wardrobe or any other piece of bespoke furniture. From our studio in S\u00f3ller, we approach every project in a personal and attentive way, from the first ideas through to manufacturing and installation. And behind this entire process is a [&hellip;]<\/p>\n","protected":false},"author":2,"featured_media":5954,"comment_status":"closed","ping_status":"closed","sticky":false,"template":"","format":"standard","meta":{"_acf_changed":false,"footnotes":""},"categories":[1],"tags":[],"class_list":["post-5961","post","type-post","status-publish","format-standard","has-post-thumbnail","hentry","category-sin-categorizar"],"acf":[],"yoast_head":"<!-- This site is optimized with the Yoast SEO plugin v26.8 - https:\/\/yoast.com\/product\/yoast-seo-wordpress\/ -->\n<title>Meet the Aina Vall\u00e9s team: the people behind every project - Aina Vall\u00e8s<\/title>\n<meta name=\"robots\" content=\"index, follow, max-snippet:-1, max-image-preview:large, max-video-preview:-1\" \/>\n<link rel=\"canonical\" href=\"https:\/\/ainavalles.com\/en\/coneix-lequip-daina-valles-les-persones-darrere-cada-projecte\/\" \/>\n<meta property=\"og:locale\" content=\"en_US\" \/>\n<meta property=\"og:type\" content=\"article\" \/>\n<meta property=\"og:title\" content=\"Meet the Aina Vall\u00e9s team: the people behind every project - Aina Vall\u00e8s\" \/>\n<meta property=\"og:description\" content=\"At Aina Vall\u00e9s, every project goes through many conversations, decisions and details before becoming a kitchen, wardrobe or any other piece of bespoke furniture. From our studio in S\u00f3ller, we approach every project in a personal and attentive way, from the first ideas through to manufacturing and installation. And behind this entire process is a [&hellip;]\" \/>\n<meta property=\"og:url\" content=\"https:\/\/ainavalles.com\/en\/coneix-lequip-daina-valles-les-persones-darrere-cada-projecte\/\" \/>\n<meta property=\"og:site_name\" content=\"Aina Vall\u00e8s\" \/>\n<meta property=\"article:publisher\" content=\"https:\/\/www.facebook.com\/people\/Aina-Valls\/100090582199736\/\" \/>\n<meta property=\"article:published_time\" content=\"2026-08-26T11:25:24+00:00\" \/>\n<meta property=\"article:modified_time\" content=\"2026-08-26T11:35:02+00:00\" \/>\n<meta property=\"og:image\" content=\"https:\/\/ainavalles.com\/wp-content\/uploads\/2026\/08\/TOTES.jpg\" \/>\n\t<meta property=\"og:image:width\" content=\"1920\" \/>\n\t<meta property=\"og:image:height\" content=\"1285\" \/>\n\t<meta property=\"og:image:type\" content=\"image\/jpeg\" \/>\n<meta name=\"author\" content=\"Aina Vall\u00e9s\" \/>\n<meta name=\"twitter:card\" content=\"summary_large_image\" \/>\n<meta name=\"twitter:label1\" content=\"Written by\" \/>\n\t<meta name=\"twitter:data1\" content=\"Aina Vall\u00e9s\" \/>\n\t<meta name=\"twitter:label2\" content=\"Est. reading time\" \/>\n\t<meta name=\"twitter:data2\" content=\"4 minutes\" \/>\n<script type=\"application\/ld+json\" class=\"yoast-schema-graph\">{\"@context\":\"https:\/\/schema.org\",\"@graph\":[{\"@type\":\"Article\",\"@id\":\"https:\/\/ainavalles.com\/en\/coneix-lequip-daina-valles-les-persones-darrere-cada-projecte\/#article\",\"isPartOf\":{\"@id\":\"https:\/\/ainavalles.com\/en\/coneix-lequip-daina-valles-les-persones-darrere-cada-projecte\/\"},\"author\":{\"name\":\"Aina Vall\u00e9s\",\"@id\":\"https:\/\/ainavalles.com\/#\/schema\/person\/66806b4f2c1fbd143b75d1a0b0cfee0b\"},\"headline\":\"Meet the Aina Vall\u00e9s team: the people behind every project\",\"datePublished\":\"2026-08-26T11:25:24+00:00\",\"dateModified\":\"2026-08-26T11:35:02+00:00\",\"mainEntityOfPage\":{\"@id\":\"https:\/\/ainavalles.com\/en\/coneix-lequip-daina-valles-les-persones-darrere-cada-projecte\/\"},\"wordCount\":462,\"publisher\":{\"@id\":\"https:\/\/ainavalles.com\/#organization\"},\"image\":{\"@id\":\"https:\/\/ainavalles.com\/en\/coneix-lequip-daina-valles-les-persones-darrere-cada-projecte\/#primaryimage\"},\"thumbnailUrl\":\"https:\/\/ainavalles.com\/wp-content\/uploads\/2026\/08\/TOTES.jpg\",\"articleSection\":[\"Sin categorizar\"],\"inLanguage\":\"en-US\"},{\"@type\":\"WebPage\",\"@id\":\"https:\/\/ainavalles.com\/en\/coneix-lequip-daina-valles-les-persones-darrere-cada-projecte\/\",\"url\":\"https:\/\/ainavalles.com\/en\/coneix-lequip-daina-valles-les-persones-darrere-cada-projecte\/\",\"name\":\"Meet the Aina Vall\u00e9s team: the people behind every project - Aina Vall\u00e8s\",\"isPartOf\":{\"@id\":\"https:\/\/ainavalles.com\/#website\"},\"primaryImageOfPage\":{\"@id\":\"https:\/\/ainavalles.com\/en\/coneix-lequip-daina-valles-les-persones-darrere-cada-projecte\/#primaryimage\"},\"image\":{\"@id\":\"https:\/\/ainavalles.com\/en\/coneix-lequip-daina-valles-les-persones-darrere-cada-projecte\/#primaryimage\"},\"thumbnailUrl\":\"https:\/\/ainavalles.com\/wp-content\/uploads\/2026\/08\/TOTES.jpg\",\"datePublished\":\"2026-08-26T11:25:24+00:00\",\"dateModified\":\"2026-08-26T11:35:02+00:00\",\"breadcrumb\":{\"@id\":\"https:\/\/ainavalles.com\/en\/coneix-lequip-daina-valles-les-persones-darrere-cada-projecte\/#breadcrumb\"},\"inLanguage\":\"en-US\",\"potentialAction\":[{\"@type\":\"ReadAction\",\"target\":[\"https:\/\/ainavalles.com\/en\/coneix-lequip-daina-valles-les-persones-darrere-cada-projecte\/\"]}]},{\"@type\":\"ImageObject\",\"inLanguage\":\"en-US\",\"@id\":\"https:\/\/ainavalles.com\/en\/coneix-lequip-daina-valles-les-persones-darrere-cada-projecte\/#primaryimage\",\"url\":\"https:\/\/ainavalles.com\/wp-content\/uploads\/2026\/08\/TOTES.jpg\",\"contentUrl\":\"https:\/\/ainavalles.com\/wp-content\/uploads\/2026\/08\/TOTES.jpg\",\"width\":1920,\"height\":1285},{\"@type\":\"BreadcrumbList\",\"@id\":\"https:\/\/ainavalles.com\/en\/coneix-lequip-daina-valles-les-persones-darrere-cada-projecte\/#breadcrumb\",\"itemListElement\":[{\"@type\":\"ListItem\",\"position\":1,\"name\":\"Portada\",\"item\":\"https:\/\/ainavalles.com\/ca\/\"},{\"@type\":\"ListItem\",\"position\":2,\"name\":\"Meet the Aina Vall\u00e9s team: the people behind every project\"}]},{\"@type\":\"WebSite\",\"@id\":\"https:\/\/ainavalles.com\/#website\",\"url\":\"https:\/\/ainavalles.com\/\",\"name\":\"Aina Vall\u00e8s\",\"description\":\"Interiorismo en Mallorca\",\"publisher\":{\"@id\":\"https:\/\/ainavalles.com\/#organization\"},\"potentialAction\":[{\"@type\":\"SearchAction\",\"target\":{\"@type\":\"EntryPoint\",\"urlTemplate\":\"https:\/\/ainavalles.com\/?s={search_term_string}\"},\"query-input\":{\"@type\":\"PropertyValueSpecification\",\"valueRequired\":true,\"valueName\":\"search_term_string\"}}],\"inLanguage\":\"en-US\"},{\"@type\":\"Organization\",\"@id\":\"https:\/\/ainavalles.com\/#organization\",\"name\":\"Aina Vall\u00e8s\",\"url\":\"https:\/\/ainavalles.com\/\",\"logo\":{\"@type\":\"ImageObject\",\"inLanguage\":\"en-US\",\"@id\":\"https:\/\/ainavalles.com\/#\/schema\/logo\/image\/\",\"url\":\"https:\/\/ainavalles.com\/wp-content\/uploads\/2023\/09\/logo.svg\",\"contentUrl\":\"https:\/\/ainavalles.com\/wp-content\/uploads\/2023\/09\/logo.svg\",\"width\":300,\"height\":244,\"caption\":\"Aina Vall\u00e8s\"},\"image\":{\"@id\":\"https:\/\/ainavalles.com\/#\/schema\/logo\/image\/\"},\"sameAs\":[\"https:\/\/www.facebook.com\/people\/Aina-Valls\/100090582199736\/\",\"https:\/\/www.instagram.com\/aina_valles\/\"]},{\"@type\":\"Person\",\"@id\":\"https:\/\/ainavalles.com\/#\/schema\/person\/66806b4f2c1fbd143b75d1a0b0cfee0b\",\"name\":\"Aina Vall\u00e9s\",\"sameAs\":[\"https:\/\/ainavalles.com\"]}]}<\/script>\n<!-- \/ Yoast SEO plugin. -->","yoast_head_json":{"title":"Meet the Aina Vall\u00e9s team: the people behind every project - Aina Vall\u00e8s","robots":{"index":"index","follow":"follow","max-snippet":"max-snippet:-1","max-image-preview":"max-image-preview:large","max-video-preview":"max-video-preview:-1"},"canonical":"https:\/\/ainavalles.com\/en\/coneix-lequip-daina-valles-les-persones-darrere-cada-projecte\/","og_locale":"en_US","og_type":"article","og_title":"Meet the Aina Vall\u00e9s team: the people behind every project - Aina Vall\u00e8s","og_description":"At Aina Vall\u00e9s, every project goes through many conversations, decisions and details before becoming a kitchen, wardrobe or any other piece of bespoke furniture. From our studio in S\u00f3ller, we approach every project in a personal and attentive way, from the first ideas through to manufacturing and installation. And behind this entire process is a [&hellip;]","og_url":"https:\/\/ainavalles.com\/en\/coneix-lequip-daina-valles-les-persones-darrere-cada-projecte\/","og_site_name":"Aina Vall\u00e8s","article_publisher":"https:\/\/www.facebook.com\/people\/Aina-Valls\/100090582199736\/","article_published_time":"2026-08-26T11:25:24+00:00","article_modified_time":"2026-08-26T11:35:02+00:00","og_image":[{"width":1920,"height":1285,"url":"https:\/\/ainavalles.com\/wp-content\/uploads\/2026\/08\/TOTES.jpg","type":"image\/jpeg"}],"author":"Aina Vall\u00e9s","twitter_card":"summary_large_image","twitter_misc":{"Written by":"Aina Vall\u00e9s","Est. reading time":"4 minutes"},"schema":{"@context":"https:\/\/schema.org","@graph":[{"@type":"Article","@id":"https:\/\/ainavalles.com\/en\/coneix-lequip-daina-valles-les-persones-darrere-cada-projecte\/#article","isPartOf":{"@id":"https:\/\/ainavalles.com\/en\/coneix-lequip-daina-valles-les-persones-darrere-cada-projecte\/"},"author":{"name":"Aina Vall\u00e9s","@id":"https:\/\/ainavalles.com\/#\/schema\/person\/66806b4f2c1fbd143b75d1a0b0cfee0b"},"headline":"Meet the Aina Vall\u00e9s team: the people behind every project","datePublished":"2026-08-26T11:25:24+00:00","dateModified":"2026-08-26T11:35:02+00:00","mainEntityOfPage":{"@id":"https:\/\/ainavalles.com\/en\/coneix-lequip-daina-valles-les-persones-darrere-cada-projecte\/"},"wordCount":462,"publisher":{"@id":"https:\/\/ainavalles.com\/#organization"},"image":{"@id":"https:\/\/ainavalles.com\/en\/coneix-lequip-daina-valles-les-persones-darrere-cada-projecte\/#primaryimage"},"thumbnailUrl":"https:\/\/ainavalles.com\/wp-content\/uploads\/2026\/08\/TOTES.jpg","articleSection":["Sin categorizar"],"inLanguage":"en-US"},{"@type":"WebPage","@id":"https:\/\/ainavalles.com\/en\/coneix-lequip-daina-valles-les-persones-darrere-cada-projecte\/","url":"https:\/\/ainavalles.com\/en\/coneix-lequip-daina-valles-les-persones-darrere-cada-projecte\/","name":"Meet the Aina Vall\u00e9s team: the people behind every project - Aina Vall\u00e8s","isPartOf":{"@id":"https:\/\/ainavalles.com\/#website"},"primaryImageOfPage":{"@id":"https:\/\/ainavalles.com\/en\/coneix-lequip-daina-valles-les-persones-darrere-cada-projecte\/#primaryimage"},"image":{"@id":"https:\/\/ainavalles.com\/en\/coneix-lequip-daina-valles-les-persones-darrere-cada-projecte\/#primaryimage"},"thumbnailUrl":"https:\/\/ainavalles.com\/wp-content\/uploads\/2026\/08\/TOTES.jpg","datePublished":"2026-08-26T11:25:24+00:00","dateModified":"2026-08-26T11:35:02+00:00","breadcrumb":{"@id":"https:\/\/ainavalles.com\/en\/coneix-lequip-daina-valles-les-persones-darrere-cada-projecte\/#breadcrumb"},"inLanguage":"en-US","potentialAction":[{"@type":"ReadAction","target":["https:\/\/ainavalles.com\/en\/coneix-lequip-daina-valles-les-persones-darrere-cada-projecte\/"]}]},{"@type":"ImageObject","inLanguage":"en-US","@id":"https:\/\/ainavalles.com\/en\/coneix-lequip-daina-valles-les-persones-darrere-cada-projecte\/#primaryimage","url":"https:\/\/ainavalles.com\/wp-content\/uploads\/2026\/08\/TOTES.jpg","contentUrl":"https:\/\/ainavalles.com\/wp-content\/uploads\/2026\/08\/TOTES.jpg","width":1920,"height":1285},{"@type":"BreadcrumbList","@id":"https:\/\/ainavalles.com\/en\/coneix-lequip-daina-valles-les-persones-darrere-cada-projecte\/#breadcrumb","itemListElement":[{"@type":"ListItem","position":1,"name":"Portada","item":"https:\/\/ainavalles.com\/ca\/"},{"@type":"ListItem","position":2,"name":"Meet the Aina Vall\u00e9s team: the people behind every project"}]},{"@type":"WebSite","@id":"https:\/\/ainavalles.com\/#website","url":"https:\/\/ainavalles.com\/","name":"Aina Vall\u00e8s","description":"Interiorismo en Mallorca","publisher":{"@id":"https:\/\/ainavalles.com\/#organization"},"potentialAction":[{"@type":"SearchAction","target":{"@type":"EntryPoint","urlTemplate":"https:\/\/ainavalles.com\/?s={search_term_string}"},"query-input":{"@type":"PropertyValueSpecification","valueRequired":true,"valueName":"search_term_string"}}],"inLanguage":"en-US"},{"@type":"Organization","@id":"https:\/\/ainavalles.com\/#organization","name":"Aina Vall\u00e8s","url":"https:\/\/ainavalles.com\/","logo":{"@type":"ImageObject","inLanguage":"en-US","@id":"https:\/\/ainavalles.com\/#\/schema\/logo\/image\/","url":"https:\/\/ainavalles.com\/wp-content\/uploads\/2023\/09\/logo.svg","contentUrl":"https:\/\/ainavalles.com\/wp-content\/uploads\/2023\/09\/logo.svg","width":300,"height":244,"caption":"Aina Vall\u00e8s"},"image":{"@id":"https:\/\/ainavalles.com\/#\/schema\/logo\/image\/"},"sameAs":["https:\/\/www.facebook.com\/people\/Aina-Valls\/100090582199736\/","https:\/\/www.instagram.com\/aina_valles\/"]},{"@type":"Person","@id":"https:\/\/ainavalles.com\/#\/schema\/person\/66806b4f2c1fbd143b75d1a0b0cfee0b","name":"Aina Vall\u00e9s","sameAs":["https:\/\/ainavalles.com"]}]}},"_links":{"self":[{"href":"https:\/\/ainavalles.com\/en\/wp-json\/wp\/v2\/posts\/5961","targetHints":{"allow":["GET"]}}],"collection":[{"href":"https:\/\/ainavalles.com\/en\/wp-json\/wp\/v2\/posts"}],"about":[{"href":"https:\/\/ainavalles.com\/en\/wp-json\/wp\/v2\/types\/post"}],"author":[{"embeddable":true,"href":"https:\/\/ainavalles.com\/en\/wp-json\/wp\/v2\/users\/2"}],"replies":[{"embeddable":true,"href":"https:\/\/ainavalles.com\/en\/wp-json\/wp\/v2\/comments?post=5961"}],"version-history":[{"count":1,"href":"https:\/\/ainavalles.com\/en\/wp-json\/wp\/v2\/posts\/5961\/revisions"}],"predecessor-version":[{"id":5963,"href":"https:\/\/ainavalles.com\/en\/wp-json\/wp\/v2\/posts\/5961\/revisions\/5963"}],"wp:featuredmedia":[{"embeddable":true,"href":"https:\/\/ainavalles.com\/en\/wp-json\/wp\/v2\/media\/5954"}],"wp:attachment":[{"href":"https:\/\/ainavalles.com\/en\/wp-json\/wp\/v2\/media?parent=5961"}],"wp:term":[{"taxonomy":"category","embeddable":true,"href":"https:\/\/ainavalles.com\/en\/wp-json\/wp\/v2\/categories?post=5961"},{"taxonomy":"post_tag","embeddable":true,"href":"https:\/\/ainavalles.com\/en\/wp-json\/wp\/v2\/tags?post=5961"}],"curies":[{"name":"wp","href":"https:\/\/api.w.org\/{rel}","templated":true}]}}